{"id":7592,"date":"2012-09-09T14:21:13","date_gmt":"2012-09-09T12:21:13","guid":{"rendered":"\/7alire\/?p=7592"},"modified":"2012-09-09T14:21:13","modified_gmt":"2012-09-09T12:21:13","slug":"temoignage-dalexander-sigmund-sur-son-sejour-en-tarn-et-garonne-82-aout-2012","status":"publish","type":"post","link":"https:\/\/www.o-p-i.fr\/7alire\/7-a-lire-actu\/temoignage-dalexander-sigmund-sur-son-sejour-en-tarn-et-garonne-82-aout-2012\/","title":{"rendered":"T\u00e9moignage d&rsquo;Alexander Sigmund sur son s\u00e9jour en Tarn et Garonne (82) &#8211; Ao\u00fbt 2012"},"content":{"rendered":"<p style=\"text-align: justify;\">\n<figure id=\"attachment_7677\" aria-describedby=\"caption-attachment-7677\" style=\"width: 280px\" class=\"wp-caption alignright\"><img loading=\"lazy\" decoding=\"async\" class=\"size-full wp-image-7677 \" title=\"Alex, Place Nationale \u00e0 Montauban\" src=\"https:\/\/www.o-p-i.fr\/7alire\/wp-content\/uploads\/alex_montauban.jpg\" alt=\"Alex, Place Nationale \u00e0 Montauban\" width=\"280\" height=\"374\" srcset=\"https:\/\/www.o-p-i.fr\/7alire\/wp-content\/uploads\/alex_montauban.jpg 400w, https:\/\/www.o-p-i.fr\/7alire\/wp-content\/uploads\/alex_montauban-224x300.jpg 224w\" sizes=\"auto, (max-width: 280px) 100vw, 280px\" \/><figcaption id=\"caption-attachment-7677\" class=\"wp-caption-text\">Alex, Place Nationale \u00e0 Montauban<\/figcaption><\/figure>\n<p style=\"text-align: justify;\">Adieu-siatz !<\/p>\n<p style=\"text-align: justify;\">En ao\u00fbt 2012, j\u2019ai pass\u00e9 quatre semaines extraordinaires \u00e0 Montauban, le chef-lieu du d\u00e9partement de Tarn-et-Garonne en r\u00e9gion Midi-Pyr\u00e9n\u00e9es. Comme je voulais aller en France afin d\u2019am\u00e9liorer mes connaissances en fran\u00e7ais et occitan, j\u2019ai eu le plaisir d\u2019\u00eatre accueilli par une famille qui s\u2019engage pour la promotion de la culture et langue occitanes. Gr\u00e2ce \u00e0 l\u2019\u00e9change intensif par courriel depuis le mois de f\u00e9vrier, j\u2019ai eu, d\u00e8s le d\u00e9but, l\u2019impression de faire partie de la famille! (Je suis tr\u00e8s heureux de retourner bient\u00f4t comme assistant de langue allemande en r\u00e9gion Midi-Pyr\u00e9n\u00e9es afin de revoir ma nouvelle famille occitane.)<\/p>\n<p style=\"text-align: justify;\">A part des visites des sites (villes, paysages, monuments etc.) dans tout le d\u00e9partement de Tarn-et-Garonne, j\u2018ai souvent rencontr\u00e9 des experts de la culture et langue occitanes &#8211; des linguistes, des hommes politiques ainsi que quelques locuteurs natifs qui \u00e9taient \u201eespant\u00e9s\u201c en parlant \u00e0 un Autrichien en occitan.<\/p>\n<p style=\"text-align: justify;\">A travers ce t\u00e9moignage-ci, j\u2019aimerais remercier chaleureusement Robert, qui s\u2019occupe de l\u2019association \u00ab\u00a0<a title=\"En savoir +\" href=\"https:\/\/www.o-p-i.fr\/7alire\/auteurs-contemporains\/\">Autriche et Pays d\u2019Oc<\/a>\u00ab\u00a0, et &#8211; naturellement &#8211; ma famille montalbanaise. Plan merc\u00e9s a totes e a l\u00e8u!<\/p>\n","protected":false},"excerpt":{"rendered":"<div class=\"mh-excerpt\">Adieu-siatz ! En ao\u00fbt 2012, j\u2019ai pass\u00e9 quatre semaines extraordinaires \u00e0 Montauban, le chef-lieu du d\u00e9partement de Tarn-et-Garonne en r\u00e9gion Midi-Pyr\u00e9n\u00e9es. Comme je voulais aller en France afin d\u2019am\u00e9liorer mes connaissances en fran\u00e7ais et occitan, <a class=\"mh-excerpt-more\" href=\"https:\/\/www.o-p-i.fr\/7alire\/7-a-lire-actu\/temoignage-dalexander-sigmund-sur-son-sejour-en-tarn-et-garonne-82-aout-2012\/\" title=\"T\u00e9moignage d&rsquo;Alexander Sigmund sur son s\u00e9jour en Tarn et Garonne (82) &#8211; Ao\u00fbt 2012\">[&#8230;]<\/a><\/div>\n","protected":false},"author":3,"featured_media":0,"comment_status":"open","ping_status":"open","sticky":false,"template":"","format":"standard","meta":{"_jetpack_memberships_contains_paid_content":false,"footnotes":"","_links_to":"","_links_to_target":""},"categories":[3,28,326],"tags":[261,665,331,537,8,187,533],"coauthors":[],"class_list":{"0":"post-7592","1":"post","2":"type-post","3":"status-publish","4":"format-standard","6":"category-7-a-lire-actu","7":"category-autriche_pays_oc","8":"category-temoignages","9":"tag-autriche-et-pays-doc","10":"tag-connaissance","11":"tag-famille","12":"tag-francais","13":"tag-occitan","14":"tag-rencontre","15":"tag-visite"},"jetpack_featured_media_url":"","jetpack_sharing_enabled":true,"_links":{"self":[{"href":"https:\/\/www.o-p-i.fr\/7alire\/wp-json\/wp\/v2\/posts\/7592","targetHints":{"allow":["GET"]}}],"collection":[{"href":"https:\/\/www.o-p-i.fr\/7alire\/wp-json\/wp\/v2\/posts"}],"about":[{"href":"https:\/\/www.o-p-i.fr\/7alire\/wp-json\/wp\/v2\/types\/post"}],"author":[{"embeddable":true,"href":"https:\/\/www.o-p-i.fr\/7alire\/wp-json\/wp\/v2\/users\/3"}],"replies":[{"embeddable":true,"href":"https:\/\/www.o-p-i.fr\/7alire\/wp-json\/wp\/v2\/comments?post=7592"}],"version-history":[{"count":3,"href":"https:\/\/www.o-p-i.fr\/7alire\/wp-json\/wp\/v2\/posts\/7592\/revisions"}],"predecessor-version":[{"id":7678,"href":"https:\/\/www.o-p-i.fr\/7alire\/wp-json\/wp\/v2\/posts\/7592\/revisions\/7678"}],"wp:attachment":[{"href":"https:\/\/www.o-p-i.fr\/7alire\/wp-json\/wp\/v2\/media?parent=7592"}],"wp:term":[{"taxonomy":"category","embeddable":true,"href":"https:\/\/www.o-p-i.fr\/7alire\/wp-json\/wp\/v2\/categories?post=7592"},{"taxonomy":"post_tag","embeddable":true,"href":"https:\/\/www.o-p-i.fr\/7alire\/wp-json\/wp\/v2\/tags?post=7592"},{"taxonomy":"author","embeddable":true,"href":"https:\/\/www.o-p-i.fr\/7alire\/wp-json\/wp\/v2\/coauthors?post=7592"}],"curies":[{"name":"wp","href":"https:\/\/api.w.org\/{rel}","templated":true}]}}