{"id":7667,"date":"2012-09-21T21:41:16","date_gmt":"2012-09-21T19:41:16","guid":{"rendered":"\/7alire\/?p=7667"},"modified":"2020-06-14T17:44:03","modified_gmt":"2020-06-14T15:44:03","slug":"1211-2011-istoria-del-pais-albiges-gerard-veyries","status":"publish","type":"post","link":"https:\/\/www.o-p-i.fr\/7alire\/7-a-lire-actu\/1211-2011-istoria-del-pais-albiges-gerard-veyries\/","title":{"rendered":"1211 -2011   Ist\u00f2ria del pa\u00efs Albig\u00e9s. G\u00e9rard VEYRIES"},"content":{"rendered":"<p style=\"text-align: justify;\">La crosada lan\u00e7ada contra los Albigeses pel pontife sobeiran, Inocent III, tre 1208 es f\u00f2r\u00e7a activa en T\u00e8rra d\u2019\u00f2c dempu\u00e8i lo sac de Besi\u00e8rs del 22 de julhet de 1209, e per la presa de Carcassona lo 15 d\u2019agost de 1209, pu\u00e8i per la casuda de Men\u00e8rba lo 22 de julhet de 1210, ont l\u2019armada del Crist organisa un lenhi\u00e8r per 180 eretics. La conquista se persegu\u00eds per la presa de T\u00e8rmes lo 23 de novembre de 1210, apr\u00e8p tres meses de s\u00e8tge. Enfin per aquela annada de 1210 dins Carcass\u00e9s, las casudas de las pla\u00e7as f\u00f2rtas d\u2019Alairac, de Penauti\u00e8r, de Bram&#8230; <!--more--><\/p>\n<figure id=\"attachment_7848\" aria-describedby=\"caption-attachment-7848\" style=\"width: 216px\" class=\"wp-caption alignright\"><img loading=\"lazy\" decoding=\"async\" class=\"size-medium wp-image-7848 \" title=\"1211-2011 Ist\u00f2ria del pa\u00efs Albig\u00e9s. G\u00e9rard VEYRIES\" src=\"https:\/\/www.o-p-i.fr\/7alire\/wp-content\/uploads\/carte-1211gv-216x300.jpg\" alt=\"1211-2011 Istoria\" width=\"216\" height=\"300\" srcset=\"https:\/\/www.o-p-i.fr\/7alire\/wp-content\/uploads\/carte-1211gv-216x300.jpg 216w, https:\/\/www.o-p-i.fr\/7alire\/wp-content\/uploads\/carte-1211gv.jpg 450w\" sizes=\"auto, (max-width: 216px) 100vw, 216px\" \/><figcaption id=\"caption-attachment-7848\" class=\"wp-caption-text\">1211-2011\u00a0 Ist\u00f2ria del pa\u00efs Albig\u00e9s. G\u00e9rard VEYRIES<\/figcaption><\/figure>\n<p style=\"text-align: justify;\">A Carcassona, lo vescomte jove Ramon-Rogi\u00e8r, dich\u00a0: \u00ab\u00a0Trencav\u00e8l\u00a0\u00bb es trobat m\u00f2rt dins son croton, lo 10 de novembre de 1209, e Simon de Monf\u00f2rt se vei investit de las t\u00e8rras de la vescomtat. L\u2019usurpacion de la T\u00e8rra d\u2019\u00f2c n\u2019es sonque pas qu\u2019a sa debuta, perque los legats del papa s\u2019arrestan pas aqu\u00ed, \u00ab\u00a0s\u2019acarnassisson\u00a0\u00bb sul comte de Tolosa, Ramon VI, per fin de li faire prestar jurament de patz e de fe. Los repr\u00f2chis que li son faches dubertament, p\u00f2rtan sus quatre caps d\u2019acusacion\u00a0: \u00ab\u00a0Deu ca\u00e7ar los eretics de sas t\u00e8rras, combatre lors aparaires, pu\u00e8i se deu justificar sus l\u2019assassinat perpetrat per un de sos sergents a Sant-G\u00e8li, contra lo legat del papa, P\u00e8ire de Cast\u00e8lnau, lo 15 de geni\u00e8r de 1208, enfin deu pas mai aver de roti\u00e8rs a son servici\u00a0; alara que l\u2019armada del Crist se\u2019n serv\u00eds\u00a0\u00bb\u00a0!<br \/>\nL\u00e8u fach, aqu\u00ed quines son los eveniments de la debuta de la crosada menada contra los Albigeses.<br \/>\nL\u2019annada 1211, comen\u00e7a per la confer\u00e9ncia de Narbona, ont los legats fomentan un compl\u00f2t contra Ramon VI. E las condicions que li son impausadas, son inacceptablas, lo comte se retira sens saludar lo legat Arnaud Amauri, que ne demandava pas tant per escomenjar lo comte de Tolosa lo 6 de febri\u00e8r de 1211. De fach, la crosada perd de son asp\u00e8cte abitual per dintrar dins lo domani del poder temporal, perque tre ara, son las t\u00e8rras del comtat de Tolosa, que son guinhadas. Mentretant une mediacion del Rei d\u2019Aragon P\u00e8ire II, per aparar lo comte de Fois Ramon-Rogi\u00e8r ser\u00e0 tot just acceptada pels legats\u00a0.<br \/>\nPendent aquel mes de febri\u00e8r de 1211, Ramon VI se passeja dins son comtat tot, per far con\u00e9isser a sos vassals, la carta que lo concili de Narbona li impausa. Los \u00f2mes de la T\u00e8rra d\u2019\u00f2c declaran\u00a0: \u00ab\u00a0 Qu\u2019aiman mai \u00e8sser totes tuats que de patir d\u2019aquela granda vergonha\u00a0\u00bb. Mas, lo 17 d\u2019abrial de 1211, lo papa confirma l\u2019escomenge de Ramon VI, \u00f2rdre es donat als prelats de lo far complir e d\u2019usar de rigor contra las vilas e contra los estatjants que refusan de plegar davant l\u2019autoritat de le Gl\u00e8isa romana.<br \/>\nL\u2019usurpacion del comtat de Tolosa p\u00f2t alara comen\u00e7ar, l\u2019armada del Crist re\u00e7aup vam de son cap espiritual, Inocent III. Mentretant, Ramon VI que sent\u00eds las nibols negras s\u2019amolonar sus son comtat, ap\u00e8la totes sos vassals e demanda a totes sos senhors de se batre. Los comtes de Fois, Ramon-Rogi\u00e8r e son filh Rogi\u00e8r-Bernat II, lo comte de Comenge Bernat IV, lo vescomte de Bearn, Gaston IV, ambe de cavali\u00e8rs mi\u00e8gjornals nombroses an respondut a n\u2019aquel ap\u00e8l.<br \/>\nDel costat dels crosats, Simon de Monf\u00f2rt ven de recebre d\u2019ajuda portada per de prelats del N\u00f2rd. La conquista del comtat de Tolosa p\u00f2t alara comen\u00e7ar militarament, e dev\u00e8rs lo mi\u00e8g del mes de mar\u00e7 de 1211 es Cabaret que tomba. D\u2019aqu\u00ed, Monf\u00f2rt s\u2019endralha dev\u00e8rs La Vaur al mes d\u2019abrial de<br \/>\n1211. La Vaur es lo recaptador de bons \u00f2mes, d\u2019eretics e de fugitius, que las atrocitats dels crosats an menats per la paur dins aquesta vila, jos l\u2019aparament de la castelana D\u00f2na Guirauda (de Laurac) e de nombroses cavali\u00e8rs faidits, desposseditz de totes lors bens, als \u00f2rdres d\u2019Aimeric de Montreial (fraire de Guirauda).<br \/>\nLos crosats comen\u00e7an lo s\u00e8tge de La Vaur, alara qu\u2019un contingent impressionant de prod\u00e8ls d\u2019Alemands, de Frisons, e de pelegrins, arriba de Carcassona. Abans d\u2019at\u00e9nger La Vaur, aqueles crosats s\u2019arr\u00e8stan dins l\u2019environa de Montgei\u00a0:\u00a0\u00bb Que la plana es comola de tendas, lo campament es f\u00f2r\u00e7a important\u00a0\u00bb. Quand Jordan de Rocaf\u00f2rt, senhor de Montgei, manda un messatgi\u00e8r a Tolosa per prevenir, Ramon VI e lo comte de Fois causisson l\u2019airal ont se deu debanar un assaut de ressabuda. Lo 3 d\u2019abrial de 1211, es \u00ab\u00a0l\u2019emboscada\u00a0\u00bb de Montgei ambe lo chaple de 6000 crosats. Pu\u00e8i lo comte de Fois, Ramon-Rogi\u00e8r torna partir a Tolosa ambe una pilha importanta.<br \/>\nSimon de Montf\u00f2rt es informat d\u2019aquel desastre, remanda per un temps lo s\u00e8tge de La Vaur per poder tornar a Montgei\u00a0; p\u00f2t sonque se rendre compte dels degalhs. Quand t\u00f2rna davant La Vaur, e per vengar los \u00ab\u00a0inocents\u00a0\u00bb de Montgei, Monf\u00f2rt dona \u00f2rdre de tornar prene la tecnica qu\u2019a servit pendent los s\u00e8tges precedents. Lo 3 de mai de 1211, lo trabalh dels sapaires permet de dubrir una traucada dins las fortificacions de La Vaur. Los 80 cavali\u00e8rs son passats al fial de l\u2019espasa, mentre que D\u00f2na Guirauda es liurada als soldats del Crist. Mas son long patiment es pas acabat per aqu\u00f2, es getada dins un potz, viva e \u00ab\u00a0en trav\u00e8rs\u00a0\u00bb pu\u00e8i es acaptada de p\u00e8iras. Pu\u00e8i un grand lenhi\u00e8r es alucat sus la ribas d\u2019Agot ont 400 eretics seran liurats al fu\u00f2c. Apr\u00e8s La Vaur, Montf\u00f2rt torna a Montgei, ont i a pas ama que vive, e que fa dero\u00efr.<br \/>\nDe Montgei, los crosats van prene Pu\u00e8g Lauren\u00e7, Los Cass\u00e9s (pr\u00e8p de Cast\u00e8ln\u00f2u d\u2019Arri) ont 90 amas son cremadas, pu\u00e8i Montferrand\u00a0; Cast\u00e8ln\u00f2u d\u2019Arri tomban tanben. La barbari\u00e1 atr\u00f2\u00e7a de l\u2019armada papala es tala, que f\u00f2r\u00e7a vilas, vilatges, cast\u00e8ls son abandonats sens combat. La crosada espaventa pertot. Tanl\u00e8u que son en vista los crosats, las gents fugisson las ciutats\u00a0; aital a la debuta de junh de 1211, las vilas seguentas tomban\u00a0: Rabastens, Galhac, La Grava, Cahuzac (de V\u00e8ra), Sant-Marc\u00e8l, La Gu\u00e9pia, Sant-Ant\u00f2ni (Nobla Val), Bruniqu\u00e8l, Pu\u00e8g C\u00e8lsi, Montgiscard (lo 15 de junh de 1211), \u00ab\u00a0Sens armas, sens escuts\u00a0\u00bb. Montf\u00f2rt passa pas a \u00ab\u00a0Montagut\u00a0\u00bb (en Albig\u00e9s), del moment qu\u2019aquel siti sembla \u00e8sser tengut per una f\u00f2rta garnison de crosats.<br \/>\nLo 17 de junh de 1211, es lo primi\u00e8r s\u00e8tge de Tolosa. Los comtes de Tolosa, de Fois, e de \u00ab\u00a0Comminges\u00a0\u00bb, e tanben lo vescomte de Bearn organizan l\u2019aparament de la vila, e los Mi\u00e8gjornals fan qualques sortidas dins lo camp dels crosats. Apr\u00e8p qualques jorns d\u2019esf\u00f2rces infructuoses, Montf\u00f2rt l\u00e8va lo camp, los crosats s\u2019embarran dins Cast\u00e8ln\u00f2u d\u2019Arri.<br \/>\nAlara, l\u2019armada mi\u00e8gjornala part\u00eds de Tolosa per anar far lo s\u00e8tge de Cast\u00e8ln\u00f2u d\u2019Arri. Aqu\u00ed se debana una bat\u00e8sta giganta al mes de setembre de 1211, qu\u2019auri\u00e1 pogut cambiar lo cors de l\u2019ist\u00f2ria de la T\u00e8rra d\u2019\u00f2c. Ail\u00e0s, los Mi\u00e8gjornals son vencits. Mas de messatgi\u00e8rs van portar la nov\u00e8la que los crosats son desfaches e que Ramon VI es venceire. Dins Albig\u00e9s es la debuta d\u2019una rev\u00f2lta contra las garnisons de crosats. A Rabastens, a Galhac l\u2019\u00f2m aculh\u00eds aqueles messatgi\u00e8rs dins la j\u00f2ia e a grands brams. Mentre qu\u2019a La Grava, l\u2019\u00f2m assassina lo cap m\u00e8stre de la garnison, Pons de \u00ab\u00a0Beaumont\u00a0\u00bb. De Cast\u00e8ln\u00f2u d\u2019Arri, los tres comtes e lo demai de l\u2019armada mi\u00e8gjornala arriban a Rabastens, que lor durb\u00eds sas p\u00f2rtas. Ramon VI es aculhit ambe gl\u00f2ria a Galhac, La Grava, \u00ab\u00a0Cahuzac sur V\u00e8ra\u00a0\u00bb, Sant-Marc\u00e8l, La Gu\u00e9pia, Pu\u00e8g C\u00e8lsi\u00a0?&#8230; Lo Comte de Tolosa que cavalga sens repaus t\u00f2rna l\u00e8u prene Albig\u00e9s tot.<br \/>\nMentretant, Montf\u00f2rt ensaja de trapar los tres comtes de prompte a \u00ab\u00a0Montagut\u00a0\u00bb, mas de badas. Abans d\u2019arribar es estat assabentat que la garnison veni\u00e1 de se rendre. De fach, los estatjants an for\u00e7ada la garnison de se recaptar dins lo cast\u00e8l, que se vei assetjat. Sulc\u00f2p, \u00ab\u00a0Montagut\u00a0\u00bb se pl\u00e8ga al comte de Tolosa, Ramon VI.<br \/>\nL\u2019iv\u00e8rn de 1211, alent\u00eds las ostilitats, \u00e7\u00f2 qu\u2019empacha pas l\u2019armada del Crist de reconquistar al mes de decembre de 1211, \u00ab\u00a0Les Touelles\u00a0\u00bb (pr\u00e8p de Brisat\u00e8sta\u00a0\u00bb) ont Simon de Monf\u00f2rt fa un carnalatge. En seguida lo pa\u00eds Albig\u00e9s tot ser\u00e0 reconquesit pels crosats tre los primi\u00e8rs meses de l\u2019annada 1212. Mas aqu\u00f2 es una autra ist\u00f2ria de comentar per l\u2019annada 2012.<br \/>\nAqu\u00ed \u00e7\u00f2 que s\u2019es passat i a 800 annadas dins lo pa\u00eds Albig\u00e9s, e aqueles eveniments ser\u00e0n de segur commemorats suls sitis concernits pendent l\u2019annada 2011.<\/p>\n<p style=\"text-align: justify;\">Texte de G\u00e9rard Veyries \u00a9 (Lisle-sur-Tarn)<br \/>\nVille \u00e9piscopale d&rsquo;Albi : <a class=\"moz-txt-link-abbreviated_sandBox \" href=\"http:\/\/www.albi.fr\/\" target=\"_blank\" rel=\"noopener noreferrer\">www.albi.fr<\/a><br \/>\nTraduction du texte en langue d\u2019oc par MMr Raffanel et Ginouillac (Albi)<\/p>\n","protected":false},"excerpt":{"rendered":"<div class=\"mh-excerpt\">La crosada lan\u00e7ada contra los Albigeses pel pontife sobeiran, Inocent III, tre 1208 es f\u00f2r\u00e7a activa en T\u00e8rra d\u2019\u00f2c dempu\u00e8i lo sac de Besi\u00e8rs del 22 de julhet de 1209, e per la presa de <a class=\"mh-excerpt-more\" href=\"https:\/\/www.o-p-i.fr\/7alire\/7-a-lire-actu\/1211-2011-istoria-del-pais-albiges-gerard-veyries\/\" title=\"1211 -2011   Ist\u00f2ria del pa\u00efs Albig\u00e9s. G\u00e9rard VEYRIES\">[&#8230;]<\/a><\/div>\n","protected":false},"author":3,"featured_media":0,"comment_status":"open","ping_status":"open","sticky":false,"template":"","format":"standard","meta":{"_jetpack_memberships_contains_paid_content":false,"footnotes":"","_links_to":"","_links_to_target":""},"categories":[662,3,6,10],"tags":[1578,639,124,1609,1610,1611],"coauthors":[],"class_list":{"0":"post-7667","1":"post","2":"type-post","3":"status-publish","4":"format-standard","6":"category--veyries-gerard","7":"category-7-a-lire-actu","8":"category-labeluga","9":"category-occitanie","10":"tag-crosada","11":"tag-gerard-veyries","12":"tag-histoire","13":"tag-inocent-iii","14":"tag-ramon-vi","15":"tag-simon-de-montfort"},"jetpack_featured_media_url":"","jetpack_sharing_enabled":true,"_links":{"self":[{"href":"https:\/\/www.o-p-i.fr\/7alire\/wp-json\/wp\/v2\/posts\/7667","targetHints":{"allow":["GET"]}}],"collection":[{"href":"https:\/\/www.o-p-i.fr\/7alire\/wp-json\/wp\/v2\/posts"}],"about":[{"href":"https:\/\/www.o-p-i.fr\/7alire\/wp-json\/wp\/v2\/types\/post"}],"author":[{"embeddable":true,"href":"https:\/\/www.o-p-i.fr\/7alire\/wp-json\/wp\/v2\/users\/3"}],"replies":[{"embeddable":true,"href":"https:\/\/www.o-p-i.fr\/7alire\/wp-json\/wp\/v2\/comments?post=7667"}],"version-history":[{"count":8,"href":"https:\/\/www.o-p-i.fr\/7alire\/wp-json\/wp\/v2\/posts\/7667\/revisions"}],"predecessor-version":[{"id":21406,"href":"https:\/\/www.o-p-i.fr\/7alire\/wp-json\/wp\/v2\/posts\/7667\/revisions\/21406"}],"wp:attachment":[{"href":"https:\/\/www.o-p-i.fr\/7alire\/wp-json\/wp\/v2\/media?parent=7667"}],"wp:term":[{"taxonomy":"category","embeddable":true,"href":"https:\/\/www.o-p-i.fr\/7alire\/wp-json\/wp\/v2\/categories?post=7667"},{"taxonomy":"post_tag","embeddable":true,"href":"https:\/\/www.o-p-i.fr\/7alire\/wp-json\/wp\/v2\/tags?post=7667"},{"taxonomy":"author","embeddable":true,"href":"https:\/\/www.o-p-i.fr\/7alire\/wp-json\/wp\/v2\/coauthors?post=7667"}],"curies":[{"name":"wp","href":"https:\/\/api.w.org\/{rel}","templated":true}]}}