{"id":7716,"date":"2012-09-17T17:33:48","date_gmt":"2012-09-17T15:33:48","guid":{"rendered":"\/7alire\/?p=7716"},"modified":"2012-09-17T17:35:30","modified_gmt":"2012-09-17T15:35:30","slug":"premier-salon-du-livre-cultura-une-initiative-appreciee","status":"publish","type":"post","link":"https:\/\/www.o-p-i.fr\/7alire\/7-a-lire-actu\/salon-du-livre-7-a-lire-actu\/premier-salon-du-livre-cultura-une-initiative-appreciee\/","title":{"rendered":"Premier salon du livre CULTURA : une initiative appr\u00e9ci\u00e9e !"},"content":{"rendered":"<p style=\"text-align: justify;\">Dans le cadre des animations de son premier anniversaire, le magasin CULTURA vient d&rsquo;organiser, avec le soutien du site 7 \u00e0 lire!, son premier salon du livre r\u00e9unissant 25 auteurs r\u00e9gionaux.<br \/>\nDe nombreux \u00e9changes ont eu lieu entre les auteurs et les visiteurs montrant tout l&rsquo;int\u00e9r\u00eat d&rsquo;organiser un tel salon. Une premi\u00e8re exp\u00e9rience dont le succ\u00e8s bien r\u00e9el invite \u00e0 de nouvelles r\u00e9alisations de ce type.<br \/>\nLa collaboration entre le magasin CULTURA et le site 7 \u00e0 lire ! a \u00e9t\u00e9 parfaite ce qui a permis de mettre en place, en peu de temps, ce salon et d&rsquo;en faire une bonne promotion.<\/p>\n<p style=\"text-align: justify;\">\n<figure id=\"attachment_7717\" aria-describedby=\"caption-attachment-7717\" style=\"width: 150px\" class=\"wp-caption alignleft\"><a href=\"https:\/\/www.o-p-i.fr\/7alire\/wp-content\/uploads\/berthes_duivon.jpg\"><img loading=\"lazy\" decoding=\"async\" class=\"size-thumbnail wp-image-7717  \" title=\"Colette BERTHES et Nicolas DUIVON\" src=\"https:\/\/www.o-p-i.fr\/7alire\/wp-content\/uploads\/berthes_duivon-150x150.jpg\" alt=\"Colette BERTHES et Nicolas DUIVON\" width=\"150\" height=\"150\" \/><\/a><figcaption id=\"caption-attachment-7717\" class=\"wp-caption-text\">Colette BERTHES et Nicolas DUIVON<\/figcaption><\/figure>\n<figure id=\"attachment_7718\" aria-describedby=\"caption-attachment-7718\" style=\"width: 150px\" class=\"wp-caption alignleft\"><a href=\"https:\/\/www.o-p-i.fr\/7alire\/wp-content\/uploads\/amalthee1.jpg\"><img loading=\"lazy\" decoding=\"async\" class=\"size-thumbnail wp-image-7718 \" title=\"Amalth\u00e9e\" src=\"https:\/\/www.o-p-i.fr\/7alire\/wp-content\/uploads\/amalthee1-150x150.jpg\" alt=\"Amalth\u00e9e\" width=\"150\" height=\"150\" \/><\/a><figcaption id=\"caption-attachment-7718\" class=\"wp-caption-text\">Amalth\u00e9e<\/figcaption><\/figure>\n<figure id=\"attachment_7719\" aria-describedby=\"caption-attachment-7719\" style=\"width: 150px\" class=\"wp-caption alignleft\"><a href=\"https:\/\/www.o-p-i.fr\/7alire\/wp-content\/uploads\/theys.jpg\"><img loading=\"lazy\" decoding=\"async\" class=\"size-thumbnail wp-image-7719 \" title=\"JL THEYS\" src=\"https:\/\/www.o-p-i.fr\/7alire\/wp-content\/uploads\/theys-150x150.jpg\" alt=\"JL THEYS\" width=\"150\" height=\"150\" \/><\/a><figcaption id=\"caption-attachment-7719\" class=\"wp-caption-text\">JL THEYS<\/figcaption><\/figure>\n<figure id=\"attachment_7720\" aria-describedby=\"caption-attachment-7720\" style=\"width: 150px\" class=\"wp-caption alignleft\"><a href=\"https:\/\/www.o-p-i.fr\/7alire\/wp-content\/uploads\/piazza_polve.jpg\"><img loading=\"lazy\" decoding=\"async\" class=\"size-thumbnail wp-image-7720 \" title=\"V\u00e9ronique PIAZZA et Catherine POLVE\" src=\"https:\/\/www.o-p-i.fr\/7alire\/wp-content\/uploads\/piazza_polve-150x150.jpg\" alt=\"V\u00e9ronique PIAZZA et Catherine POLVE\" width=\"150\" height=\"150\" \/><\/a><figcaption id=\"caption-attachment-7720\" class=\"wp-caption-text\">V\u00e9ronique PIAZZA et Catherine POLVE<\/figcaption><\/figure>\n<figure id=\"attachment_7721\" aria-describedby=\"caption-attachment-7721\" style=\"width: 150px\" class=\"wp-caption alignleft\"><a href=\"https:\/\/www.o-p-i.fr\/7alire\/wp-content\/uploads\/geo_mothes_theys.jpg\"><img loading=\"lazy\" decoding=\"async\" class=\"size-thumbnail wp-image-7721 \" title=\" Geo (BD), Guy MOTHE, JL THEYS\" src=\"https:\/\/www.o-p-i.fr\/7alire\/wp-content\/uploads\/geo_mothes_theys-150x150.jpg\" alt=\" Geo (BD), Guy MOTHE, JL THEYS\" width=\"150\" height=\"150\" \/><\/a><figcaption id=\"caption-attachment-7721\" class=\"wp-caption-text\"> Geo (BD), Guy MOTHE, JL THEYS<\/figcaption><\/figure>\n<p style=\"text-align: center;\">CLIQUEZ<\/p>\n<p style=\"text-align: center;\">SUR<\/p>\n<p style=\"text-align: center;\">LES<\/p>\n<p style=\"text-align: center;\">IMAGES<\/p>\n<p style=\"text-align: center;\">POUR<\/p>\n<p style=\"text-align: center;\">LES<\/p>\n<p style=\"text-align: center;\">AGRANDIR !<\/p>\n<p>Le site 7 \u00e0 lire pr\u00e9sente plus de 100 auteurs et leurs ouvrages.<\/p>\n<p style=\"text-align: justify;\">Auteurs rejoignez le site 7 \u00e0 lire! qui saura vous apporter un plus dans votre promotion.<\/p>\n<p style=\"text-align: justify;\">Une visite s&rsquo;impose ! <a href=\"https:\/\/www.o-p-i.fr\/7alire\">www.o-p-i.fr\/7alire<\/a>!<\/p>\n","protected":false},"excerpt":{"rendered":"<div class=\"mh-excerpt\">Dans le cadre des animations de son premier anniversaire, le magasin CULTURA vient d&rsquo;organiser, avec le soutien du site 7 \u00e0 lire!, son premier salon du livre r\u00e9unissant 25 auteurs r\u00e9gionaux. De nombreux \u00e9changes ont <a class=\"mh-excerpt-more\" href=\"https:\/\/www.o-p-i.fr\/7alire\/7-a-lire-actu\/salon-du-livre-7-a-lire-actu\/premier-salon-du-livre-cultura-une-initiative-appreciee\/\" title=\"Premier salon du livre CULTURA : une initiative appr\u00e9ci\u00e9e !\">[&#8230;]<\/a><\/div>\n","protected":false},"author":2,"featured_media":0,"comment_status":"open","ping_status":"open","sticky":false,"template":"","format":"standard","meta":{"_jetpack_memberships_contains_paid_content":false,"footnotes":"","_links_to":"","_links_to_target":""},"categories":[14],"tags":[359,3645,1548,75,495,9],"coauthors":[],"class_list":{"0":"post-7716","1":"post","2":"type-post","3":"status-publish","4":"format-standard","6":"category-salon-du-livre-7-a-lire-actu","7":"tag-auteurs","8":"tag-bd","9":"tag-cultura","10":"tag-montauban","11":"tag-salon","12":"tag-salon-du-livre"},"jetpack_featured_media_url":"","jetpack_sharing_enabled":true,"_links":{"self":[{"href":"https:\/\/www.o-p-i.fr\/7alire\/wp-json\/wp\/v2\/posts\/7716","targetHints":{"allow":["GET"]}}],"collection":[{"href":"https:\/\/www.o-p-i.fr\/7alire\/wp-json\/wp\/v2\/posts"}],"about":[{"href":"https:\/\/www.o-p-i.fr\/7alire\/wp-json\/wp\/v2\/types\/post"}],"author":[{"embeddable":true,"href":"https:\/\/www.o-p-i.fr\/7alire\/wp-json\/wp\/v2\/users\/2"}],"replies":[{"embeddable":true,"href":"https:\/\/www.o-p-i.fr\/7alire\/wp-json\/wp\/v2\/comments?post=7716"}],"version-history":[{"count":3,"href":"https:\/\/www.o-p-i.fr\/7alire\/wp-json\/wp\/v2\/posts\/7716\/revisions"}],"predecessor-version":[{"id":7724,"href":"https:\/\/www.o-p-i.fr\/7alire\/wp-json\/wp\/v2\/posts\/7716\/revisions\/7724"}],"wp:attachment":[{"href":"https:\/\/www.o-p-i.fr\/7alire\/wp-json\/wp\/v2\/media?parent=7716"}],"wp:term":[{"taxonomy":"category","embeddable":true,"href":"https:\/\/www.o-p-i.fr\/7alire\/wp-json\/wp\/v2\/categories?post=7716"},{"taxonomy":"post_tag","embeddable":true,"href":"https:\/\/www.o-p-i.fr\/7alire\/wp-json\/wp\/v2\/tags?post=7716"},{"taxonomy":"author","embeddable":true,"href":"https:\/\/www.o-p-i.fr\/7alire\/wp-json\/wp\/v2\/coauthors?post=7716"}],"curies":[{"name":"wp","href":"https:\/\/api.w.org\/{rel}","templated":true}]}}