{"id":7766,"date":"2012-09-19T15:12:02","date_gmt":"2012-09-19T13:12:02","guid":{"rendered":"\/7alire\/?p=7766"},"modified":"2012-09-19T15:14:07","modified_gmt":"2012-09-19T13:14:07","slug":"le-tarn-et-garonne-mondialement-connu","status":"publish","type":"post","link":"https:\/\/www.o-p-i.fr\/7alire\/7-a-lire-actu\/le-tarn-et-garonne-mondialement-connu\/","title":{"rendered":"Le Tarn-et-Garonne mondialement connu !"},"content":{"rendered":"<p style=\"text-align: justify;\">\n<figure id=\"attachment_7767\" aria-describedby=\"caption-attachment-7767\" style=\"width: 300px\" class=\"wp-caption alignright\"><a href=\"https:\/\/www.o-p-i.fr\/7alire\/7-a-lire-actu\/tarn-et-garonne-tresors-des-terroirs-philippe-ploquin-et-francoise-peuriot\/\"><img loading=\"lazy\" decoding=\"async\" class=\"size-medium wp-image-7767\" title=\"Tarn et Garonne. Tr\u00e9sors des Terroirs\" src=\"https:\/\/www.o-p-i.fr\/7alire\/wp-content\/uploads\/tarnetgaronnetresordesterroirs-300x260.jpg\" alt=\"Tarn et Garonne. Tr\u00e9sors des Terroirs\" width=\"300\" height=\"260\" srcset=\"https:\/\/www.o-p-i.fr\/7alire\/wp-content\/uploads\/tarnetgaronnetresordesterroirs-300x260.jpg 300w, https:\/\/www.o-p-i.fr\/7alire\/wp-content\/uploads\/tarnetgaronnetresordesterroirs.jpg 330w\" sizes=\"auto, (max-width: 300px) 100vw, 300px\" \/><\/a><figcaption id=\"caption-attachment-7767\" class=\"wp-caption-text\">Tarn et Garonne. Tr\u00e9sors des Terroirs<\/figcaption><\/figure>\n<p style=\"text-align: justify;\">Avec ses 320 pages et ses 1250 photos, notre livre \u00ab <a title=\"En savoir +\" href=\"https:\/\/www.o-p-i.fr\/7alire\/7-a-lire-actu\/tarn-et-garonne-tresors-des-terroirs-philippe-ploquin-et-francoise-peuriot\/\">Tarn-et-Garonne Tr\u00e9sors des Terroirs<\/a> \u00bb est d\u00e9sormais pr\u00e9sent sur les quatre continents et ouvre ainsi les portes de ce pays de cocagne que nous mettons passionn\u00e9ment en valeur depuis d\u00e9cembre 2011.<\/p>\n<p style=\"text-align: justify;\">Nous avons eu le bonheur de d\u00e9dicacer notre ouvrage \u00e0 destination des pays suivants, pour l\u2019Europe : Allemagne, Belgique, Danemark, Espagne, France, Grande-Bretagne, Gr\u00e8ce, Italie, Pays-Bas ; pour le Moyen-Orient et l\u2019Asie : Isra\u00ebl, Katar, Chine et Japon ; pour l\u2019Afrique : Maroc, Afrique du Sud ; pour l\u2019Am\u00e9rique : Canada, Chili, Etats-Unis et aussi Tahiti, Australie, Madagascar\u2026 Et c\u2019est bien s\u00fbr sans compter ce que les uns et les autres ont pu exp\u00e9dier vers diff\u00e9rents horizons ?<br \/>\nLa reconnaissance particuli\u00e8rement encourageante de cette publication nous incite \u00e0 poursuivre nos p\u00e9r\u00e9grinations et c\u2019est avec le m\u00eame enthousiasme que nos nouvelles \u00e9ditions 2012, \u00ab <a title=\"En savoir +\" href=\"https:\/\/www.o-p-i.fr\/7alire\/7-a-lire-actu\/decouvrir-castelsarrasin-philippe-ploquin-et-francoise-peuriot-editions-ced\/\">D\u00e9couvrir Castelsarrasin <\/a>\u00bb et \u00ab Escapades insolites et Gourmandes en Tarn-et-Garonne \u00bb, vont voir le jour tr\u00e8s bient\u00f4t.<\/p>\n<blockquote style=\"text-align: justify;\">\n<p style=\"text-align: justify;\">Vous pouvez relayer cette information et participer aussi \u00e0 la d\u00e9couverte du Tarn-et-Garonne !<br \/>\nEt toujours plus d\u2019infos et d\u2019images sur : <a title=\"Ouvre le site dans une nouvelle fen\u00eatre\" href=\"http:\/\/www.tarn-et-garonne-tresors-des-terroirs.com\" target=\"_blank\">www.tarn-et-garonne-tresors-des-terroirs.com<\/a><span style=\"color: #000000;\"><strong><\/strong><\/span><\/p><\/blockquote>\n<p style=\"text-align: justify;\"><span style=\"color: #000000;\"><strong><span style=\"color: #99cc00;\">Contact : <\/span><\/strong><\/span>Philippe Ploquin et Fran\u00e7oise Peuriot<br \/>\n305 Chemin de Sarret<br \/>\n82800 NEGREPELISSE<\/p>\n<p style=\"text-align: justify;\">\n<p style=\"text-align: justify;\"><span style=\"color: #000000;\"><strong><a href=\"http:\/\/www.tarn-et-garonne-tresors-des-terroirs.com\/\"><img loading=\"lazy\" decoding=\"async\" class=\"alignright\" title=\"Editions CED\" src=\"https:\/\/www.o-p-i.fr\/parlonsen\/wp-content\/uploads\/logo_tresortg.jpg\" alt=\"\" width=\"232\" height=\"137\" \/><\/a><\/strong><\/span><\/p>\n<p style=\"text-align: justify;\">T\u00e9l. Fixe : 05 63 30 83 87<br \/>\nT\u00e9l. Port. : 06 07 19 88 11<\/p>\n<p style=\"text-align: justify;\"><span style=\"color: #000000;\">Courriel : <\/span> <a href=\"mailto:editionced@tarn-et-garonne-tresors-des-terroirs.com\">editionced@tarn-et-garonne-tresors-des-terroirs.com<\/a><\/p>\n<p style=\"text-align: justify;\">Site : <a title=\"Ouvre le site dans une nouvelle fen\u00eatre\" href=\"http:\/\/www.tarn-et-garonne-tresors-des-terroirs.com\/\" target=\"_blank\">http:\/\/www.tarn-et-garonne-tresors-des-terroirs.com<\/a><\/p>\n<p style=\"text-align: justify;\"><em>Philippe Ploquin et Fran\u00e7oise Peuriot<\/em><\/p>\n<p style=\"text-align: justify;\">\n<p style=\"text-align: justify;\">\n","protected":false},"excerpt":{"rendered":"<div class=\"mh-excerpt\">Avec ses 320 pages et ses 1250 photos, notre livre \u00ab Tarn-et-Garonne Tr\u00e9sors des Terroirs \u00bb est d\u00e9sormais pr\u00e9sent sur les quatre continents et ouvre ainsi les portes de ce pays de cocagne que nous <a class=\"mh-excerpt-more\" href=\"https:\/\/www.o-p-i.fr\/7alire\/7-a-lire-actu\/le-tarn-et-garonne-mondialement-connu\/\" title=\"Le Tarn-et-Garonne mondialement connu !\">[&#8230;]<\/a><\/div>\n","protected":false},"author":2,"featured_media":0,"comment_status":"open","ping_status":"open","sticky":false,"template":"","format":"standard","meta":{"_jetpack_memberships_contains_paid_content":false,"footnotes":"","_links_to":"","_links_to_target":""},"categories":[1399,1398,3],"tags":[1388,1350,1191,1387,270],"coauthors":[],"class_list":{"0":"post-7766","1":"post","2":"type-post","3":"status-publish","4":"format-standard","6":"category-peuriot-francoise","7":"category-ploquin-philippe","8":"category-7-a-lire-actu","9":"tag-francoise-peuriot","10":"tag-monde","11":"tag-patrimoine","12":"tag-philippe-ploquin","13":"tag-tarn-et-garonne"},"jetpack_featured_media_url":"","jetpack_sharing_enabled":true,"_links":{"self":[{"href":"https:\/\/www.o-p-i.fr\/7alire\/wp-json\/wp\/v2\/posts\/7766","targetHints":{"allow":["GET"]}}],"collection":[{"href":"https:\/\/www.o-p-i.fr\/7alire\/wp-json\/wp\/v2\/posts"}],"about":[{"href":"https:\/\/www.o-p-i.fr\/7alire\/wp-json\/wp\/v2\/types\/post"}],"author":[{"embeddable":true,"href":"https:\/\/www.o-p-i.fr\/7alire\/wp-json\/wp\/v2\/users\/2"}],"replies":[{"embeddable":true,"href":"https:\/\/www.o-p-i.fr\/7alire\/wp-json\/wp\/v2\/comments?post=7766"}],"version-history":[{"count":5,"href":"https:\/\/www.o-p-i.fr\/7alire\/wp-json\/wp\/v2\/posts\/7766\/revisions"}],"predecessor-version":[{"id":7772,"href":"https:\/\/www.o-p-i.fr\/7alire\/wp-json\/wp\/v2\/posts\/7766\/revisions\/7772"}],"wp:attachment":[{"href":"https:\/\/www.o-p-i.fr\/7alire\/wp-json\/wp\/v2\/media?parent=7766"}],"wp:term":[{"taxonomy":"category","embeddable":true,"href":"https:\/\/www.o-p-i.fr\/7alire\/wp-json\/wp\/v2\/categories?post=7766"},{"taxonomy":"post_tag","embeddable":true,"href":"https:\/\/www.o-p-i.fr\/7alire\/wp-json\/wp\/v2\/tags?post=7766"},{"taxonomy":"author","embeddable":true,"href":"https:\/\/www.o-p-i.fr\/7alire\/wp-json\/wp\/v2\/coauthors?post=7766"}],"curies":[{"name":"wp","href":"https:\/\/api.w.org\/{rel}","templated":true}]}}