{"id":7779,"date":"2012-09-20T11:35:59","date_gmt":"2012-09-20T09:35:59","guid":{"rendered":"\/7alire\/?p=7779"},"modified":"2012-09-19T16:39:06","modified_gmt":"2012-09-19T14:39:06","slug":"apprendre-a-lire-loccitan-avec-tgoc","status":"publish","type":"post","link":"https:\/\/www.o-p-i.fr\/7alire\/occitanie\/apprendre-a-lire-loccitan-avec-tgoc\/","title":{"rendered":"Apprendre \u00e0 lire l&rsquo;occitan avec TG&rsquo;OC"},"content":{"rendered":"<p style=\"text-align: justify;\">Beaucoup de personnes parlent ou comprennent l&rsquo;occitan mais, malheureusement, seulement un petit nombre d&rsquo;entre elles sait le lire ou l&rsquo;\u00e9crire.<br \/>\nTG&rsquo;OC (Tarn e Garona occitan \/ Association Fr\u00e9d\u00e9ric Cayrou )  envisage de venir en aide \u00e0 ces personnes pour qu&rsquo;elles puissent acc\u00e9der \u00e0 une litt\u00e9rature mill\u00e9naire en langue occitane ou, tout simplement lire les articles de l&rsquo;hebdomadaire occitan La Setmana.<\/p>\n<p style=\"text-align: justify;\">Si vous voulez b\u00e9n\u00e9ficier de ce service gratuit que vous propose, la jeune et dynamique association occitane TG&rsquo;OC, contactez Robert Linas :<br \/>\nT\u00e9l. : 06 71 00 29 25\u00a0 ou 05 63 64 57 27 (laisser un message)<br \/>\nCourriel : <a href=\"mailto:journalrobert@wanadoo.fr\">journalrobert@wanadoo.fr<\/a><br \/>\nSite : <a href=\"https:\/\/www.o-p-i.fr\/7alire\/activites-occitanes\/\">www.o-p-i.fr\/7alire <\/a><\/p>\n","protected":false},"excerpt":{"rendered":"<div class=\"mh-excerpt\">Beaucoup de personnes parlent ou comprennent l&rsquo;occitan mais, malheureusement, seulement un petit nombre d&rsquo;entre elles sait le lire ou l&rsquo;\u00e9crire. TG&rsquo;OC (Tarn e Garona occitan \/ Association Fr\u00e9d\u00e9ric Cayrou ) envisage de venir en aide <a class=\"mh-excerpt-more\" href=\"https:\/\/www.o-p-i.fr\/7alire\/occitanie\/apprendre-a-lire-loccitan-avec-tgoc\/\" title=\"Apprendre \u00e0 lire l&rsquo;occitan avec TG&rsquo;OC\">[&#8230;]<\/a><\/div>\n","protected":false},"author":2,"featured_media":0,"comment_status":"open","ping_status":"open","sticky":false,"template":"","format":"standard","meta":{"_jetpack_memberships_contains_paid_content":false,"footnotes":"","_links_to":"","_links_to_target":""},"categories":[266,10],"tags":[482,8,3631,341],"coauthors":[],"class_list":{"0":"post-7779","1":"post","2":"type-post","3":"status-publish","4":"format-standard","6":"category-activites-occitanes","7":"category-occitanie","8":"tag-lecture","9":"tag-occitan","10":"tag-occitanie","11":"tag-tgoc"},"jetpack_featured_media_url":"","jetpack_sharing_enabled":true,"_links":{"self":[{"href":"https:\/\/www.o-p-i.fr\/7alire\/wp-json\/wp\/v2\/posts\/7779","targetHints":{"allow":["GET"]}}],"collection":[{"href":"https:\/\/www.o-p-i.fr\/7alire\/wp-json\/wp\/v2\/posts"}],"about":[{"href":"https:\/\/www.o-p-i.fr\/7alire\/wp-json\/wp\/v2\/types\/post"}],"author":[{"embeddable":true,"href":"https:\/\/www.o-p-i.fr\/7alire\/wp-json\/wp\/v2\/users\/2"}],"replies":[{"embeddable":true,"href":"https:\/\/www.o-p-i.fr\/7alire\/wp-json\/wp\/v2\/comments?post=7779"}],"version-history":[{"count":4,"href":"https:\/\/www.o-p-i.fr\/7alire\/wp-json\/wp\/v2\/posts\/7779\/revisions"}],"predecessor-version":[{"id":7783,"href":"https:\/\/www.o-p-i.fr\/7alire\/wp-json\/wp\/v2\/posts\/7779\/revisions\/7783"}],"wp:attachment":[{"href":"https:\/\/www.o-p-i.fr\/7alire\/wp-json\/wp\/v2\/media?parent=7779"}],"wp:term":[{"taxonomy":"category","embeddable":true,"href":"https:\/\/www.o-p-i.fr\/7alire\/wp-json\/wp\/v2\/categories?post=7779"},{"taxonomy":"post_tag","embeddable":true,"href":"https:\/\/www.o-p-i.fr\/7alire\/wp-json\/wp\/v2\/tags?post=7779"},{"taxonomy":"author","embeddable":true,"href":"https:\/\/www.o-p-i.fr\/7alire\/wp-json\/wp\/v2\/coauthors?post=7779"}],"curies":[{"name":"wp","href":"https:\/\/api.w.org\/{rel}","templated":true}]}}