{"id":7992,"date":"2012-11-06T21:38:04","date_gmt":"2012-11-06T19:38:04","guid":{"rendered":"\/7alire\/?p=7992"},"modified":"2012-11-06T21:38:04","modified_gmt":"2012-11-06T19:38:04","slug":"1212-2012-histoire-du-pays-albigeois-2","status":"publish","type":"post","link":"https:\/\/www.o-p-i.fr\/7alire\/7-a-lire-actu\/1212-2012-histoire-du-pays-albigeois-2\/","title":{"rendered":"1212-2012 Histoire du Pays Albigeois (2)"},"content":{"rendered":"<p style=\"text-align: justify;\">Dans mon dernier article concernant l\u2019ann\u00e9e 1211, nous avons vu les premiers \u00e9v\u00e9nements de la croisade men\u00e9e contre les Albigeois, la prise de Lavaur, et la bataille de Castelnaudary. Par ce pr\u00e9sent article, nous allons poursuivre cette \u00e9pop\u00e9e pour l\u2019ann\u00e9e 1212.<\/p>\n<h5>Reconqu\u00eate de l\u2019Albigeois par les crois\u00e9s &#8211; Hiver 1211\/1212<\/h5>\n<p style=\"text-align: justify;\">Fanjeaux (Aude), ancien nid d\u2019h\u00e9r\u00e9tiques, demeure le centre de la garnison, le lieu d\u2019attache de Simon IV de Montfort, car apr\u00e8s chaque exp\u00e9dition, l\u2019arm\u00e9e des crois\u00e9s s\u2019y ravitaille en soldats ainsi qu\u2019en vivres, pendant l\u2019hiver 1211\/1212.<br \/>\nOn ne sait si cet hiver a \u00e9t\u00e9 plus cl\u00e9ment que les pr\u00e9c\u00e9dents, ou si la situation est \u00e0 ce point critique, qu\u2019elle exige une action rapide. Peut-\u00eatre que Simon IV de Montfort veut profiter imm\u00e9diatement de l\u2019aide substantielle de nouvelles recrues qu\u2019il vient de recevoir. Toujours est-il, que pour la premi\u00e8re fois depuis le d\u00e9but de la croisade de 1209, l\u2019hiver n\u2019interrompt pas trop la guerre.<!--more--><br \/>\n\u00c0 ce stade de la croisade contre les Albigeois, la premi\u00e8re op\u00e9ration est men\u00e9e en d\u00e9cembre 1211, contre les Touelles ou Toueilles (commune de Briatexte, Tarn), appartenant \u00e0 Fredelon ou Fr\u00e9dol de Lautrec. Simon IV de Montfort en fait un charnier, il n\u2019y a pas un seul survivant. Des Touelles, les crois\u00e9s gagnent Albi afin de franchir le Tarn : Point \u00e0 gu\u00e9, mais \u00e0 pied par le pont, \u00e9vitant ainsi les localit\u00e9s riveraines, comme Gaillac, Rabastens, Lagrave qui se sont r\u00e9cemment rebell\u00e9es.<br \/>\n\u00c0 Gaillac se trouvent les comtes de Toulouse, de Comminges et de Foix, avec ce qui reste de l\u2019arm\u00e9e m\u00e9ridionale qui s\u2019est battue \u00e0 Castelnaudary.<br \/>\nDe la ville d\u2019Albi, Simon IV de Montfort va mettre le si\u00e8ge \u00e0 Cahuzac-sur-V\u00e8re. Le comte de Foix fait mine d\u2019intervenir. Il envoie un messager \u00e0 Montfort, pour le pr\u00e9venir qu\u2019il va l\u2019attaquer. Il n\u2019a certainement aucune intention de le faire, mais vise tout simplement \u00e0 forcer les crois\u00e9s \u00e0 lever le si\u00e8ge de Cahuzac-sur-V\u00e8re. Un second messager renouvelle la menace. Mais Montfort ne voit toujours rien venir, alors il d\u00e9cide de passer lui-m\u00eame \u00e0 l\u2019action. Il pr\u00e9l\u00e8ve sur ses effectifs une petite troupe et il se dirige vers Gaillac. \u00c0 son approche, les trois comtes \u00e9vite le combat mais cherchent \u00e0 \u00e9loigner Simon IV de Montfort de Cahuzac-sur-V\u00e8re, ils d\u00e9crochent et se replient sur Montaigut nouvellement soumis au comte de Toulouse. Montfort les poursuit donc jusqu\u2019\u00e0 Montaigut, mais trouve ce site abandonn\u00e9, puisque l\u2019arm\u00e9e de Raimond VI vient de gagner Rabastens. Alors, Montfort continue vers Rabastens o\u00f9 la m\u00eame situation se produit. Les trois comtes ont d\u00e9lib\u00e9r\u00e9ment fui vers Toulouse, abandonnant ainsi aux crois\u00e9s toute la vall\u00e9e du Tarn.<br \/>\nSimon IV de Montfort cesse de jouer au chat et \u00e0 la souris, il revient devant Cahuzac-sur-V\u00e8re et d\u00e9cide d\u2019en finir au plus vite, car mener un si\u00e8ge en hiver est une op\u00e9ration qui reste p\u00e9nible et dangereuse. Le Bourg est pris rapidement au bout de deux jours. Les crois\u00e9s y trouvent des vivres et ils y restent une semaine.<\/p>\n<p style=\"text-align: justify;\">\n<figure id=\"attachment_7994\" aria-describedby=\"caption-attachment-7994\" style=\"width: 201px\" class=\"wp-caption alignleft\"><a href=\"https:\/\/www.o-p-i.fr\/7alire\/wp-content\/uploads\/carte_gveyries.jpg\"><img loading=\"lazy\" decoding=\"async\" class=\"size-medium wp-image-7994\" title=\"Carte extraite de l\u2019\u00e9pop\u00e9e cathare de Michel Roquebert, \u00e9ditions Privat.\" src=\"https:\/\/www.o-p-i.fr\/7alire\/wp-content\/uploads\/carte_gveyries-201x300.jpg\" alt=\"Carte extraite de l\u2019\u00e9pop\u00e9e cathare de Michel Roquebert, \u00e9ditions Privat.\" width=\"201\" height=\"300\" srcset=\"https:\/\/www.o-p-i.fr\/7alire\/wp-content\/uploads\/carte_gveyries-201x300.jpg 201w, https:\/\/www.o-p-i.fr\/7alire\/wp-content\/uploads\/carte_gveyries-689x1024.jpg 689w, https:\/\/www.o-p-i.fr\/7alire\/wp-content\/uploads\/carte_gveyries.jpg 1000w\" sizes=\"auto, (max-width: 201px) 100vw, 201px\" \/><\/a><figcaption id=\"caption-attachment-7994\" class=\"wp-caption-text\">Carte extraite de l\u2019\u00e9pop\u00e9e cathare de Michel Roquebert, \u00e9ditions Privat.<\/figcaption><\/figure>\n<p>Le \u00ab nettoyage \u00bb du pays Albigeois r\u00e9cemment rebell\u00e9 est loin d\u2019\u00eatre achev\u00e9. Cependant le l\u00e9gat du pape Arnaud Amaury sugg\u00e8re d\u2019aller mettre le si\u00e8ge \u00e0 Saint-Marcel sur la rive droite du C\u00e9rou. Il doit savoir que Raimond VI a laiss\u00e9 Guiraud de P\u00e9pieux \u00e0 la t\u00eate d\u2019une garnison charg\u00e9e de d\u00e9fendre \u00e0 tout prix la place.<br \/>\nDans sa retraite sur Toulouse, si Raimond VI a renonc\u00e9 \u00e0 d\u00e9fendre l\u2019Albigeois, il a n\u00e9anmoins gard\u00e9 trois places fortes, solides points d\u2019appui, au Nord du Tarn, Saint-Marcel, puis sur l\u2019Aveyron, les villes de Penne d\u2019Albigeois et Saint-Antonin-Nobleval. Au demeurant, ce repli n\u2019a certainement pas le sens d\u2019un abandon, mais d\u2019une tactique souple, visant \u00e0 disperser les crois\u00e9s et \u00e0 d\u00e9sorganiser leur plan. En effet, \u00e0 peine ont-ils mis le si\u00e8ge devant Saint-Marcel, d\u2019un c\u00f4t\u00e9 seulement de la ville, en raison de l\u2019insuffisance de leurs troupes, que les trois comtes op\u00e8rent un brusque retour offensif. Ils p\u00e9n\u00e8trent dans la place avec leurs arm\u00e9es. Ils se joignent ainsi \u00e0 la garnison m\u00e9ridionale, laquelle b\u00e9n\u00e9ficie d\u00e8s lors d\u2019une \u00e9crasante sup\u00e9riorit\u00e9 num\u00e9rique.<br \/>\nAu bout d\u2019un mois, la situation a tellement empir\u00e9 que Simon IV de Montfort pr\u00e9f\u00e8re renoncer \u00e0 ce si\u00e8ge de Saint-Marcel car l\u2019arm\u00e9e des crois\u00e9s est \u00e0 bout de ressources et l\u00e8ve le camp le 24 mars 1212, pour s\u2019en retourner \u00e0 Albi.<br \/>\nPendant ce temps le routier Martin d\u2019Olite, laiss\u00e9 en garnison avec ses hommes \u00e0 Cahuzac-sur-V\u00e8re, r\u00e9alisent une certaine prise de butin sur les habitants de Gaillac et d\u00e9font une troupe de cavaliers et de pi\u00e9tons qui s\u2019est mise \u00e0 sa poursuite.<br \/>\n\u00c0 son tour, Raimond VI quitte Saint-Marcel avec ses alli\u00e9s, pour aller \u00e0 Gaillac. L\u2019ayant appris, Montfort sort d\u2019Albi avec une troupe de cavaliers et va chevaucher sous les remparts de Gaillac, provoquant les trois comtes. Ces derniers ne bronchent pas. Alors, Simon IV de Montfort s\u2019en retourne \u00e0 Albi.<br \/>\nLe 3 avril 1212, Simon IV de Montfort donne en fief \u00e0 l\u2019\u00e9v\u00eaque Guillaume-Pierre ainsi qu\u2019\u00e0 ses successeurs, les ch\u00e2teaux de Rouffiac et de Marssac avec leurs d\u00e9pendances. Puis plus tard, le chapitre cath\u00e9dral obtient de Montfort une rente annuelle de vingt livres. L\u2019\u00e9v\u00eaque d\u2019Albi qui para\u00eet avoir favoriser la croisade dans notre r\u00e9gion, trouve l\u2019occasion d\u2019agrandir ses domaines. Enfin, Simon IV de Montfort quitte Albi et marche sur Hautpoul autre nid d\u2019h\u00e9r\u00e9tiques et de chevaliers faidits. Les crois\u00e9s l\u2019emportent en trois jours, puis prennent Sor\u00e8ze le 23 avril 1212, que Montfort donne en fief avec plusieurs ch\u00e2teaux \u00e0 Philippe Goloin.<br \/>\nEt dans un prochain article, nous verrons la poursuite en 1212 de la reconqu\u00eate de la Terre d\u2019oc par les crois\u00e9s.<\/p>\n<p style=\"text-align: justify;\">G\u00e9rard Veyries<\/p>\n","protected":false},"excerpt":{"rendered":"<div class=\"mh-excerpt\">Dans mon dernier article concernant l\u2019ann\u00e9e 1211, nous avons vu les premiers \u00e9v\u00e9nements de la croisade men\u00e9e contre les Albigeois, la prise de Lavaur, et la bataille de Castelnaudary. Par ce pr\u00e9sent article, nous allons <a class=\"mh-excerpt-more\" href=\"https:\/\/www.o-p-i.fr\/7alire\/7-a-lire-actu\/1212-2012-histoire-du-pays-albigeois-2\/\" title=\"1212-2012 Histoire du Pays Albigeois (2)\">[&#8230;]<\/a><\/div>\n","protected":false},"author":3,"featured_media":0,"comment_status":"open","ping_status":"open","sticky":false,"template":"","format":"standard","meta":{"_jetpack_memberships_contains_paid_content":false,"footnotes":"","_links_to":"","_links_to_target":""},"categories":[662,3,4,10],"tags":[657,1687,644,639,124,1611],"coauthors":[],"class_list":{"0":"post-7992","1":"post","2":"type-post","3":"status-publish","4":"format-standard","6":"category--veyries-gerard","7":"category-7-a-lire-actu","8":"category-auteurs-contemporains","9":"category-occitanie","10":"tag-albigeois","11":"tag-comte-de-toulouse","12":"tag-croisade","13":"tag-gerard-veyries","14":"tag-histoire","15":"tag-simon-de-montfort"},"jetpack_featured_media_url":"","jetpack_sharing_enabled":true,"_links":{"self":[{"href":"https:\/\/www.o-p-i.fr\/7alire\/wp-json\/wp\/v2\/posts\/7992","targetHints":{"allow":["GET"]}}],"collection":[{"href":"https:\/\/www.o-p-i.fr\/7alire\/wp-json\/wp\/v2\/posts"}],"about":[{"href":"https:\/\/www.o-p-i.fr\/7alire\/wp-json\/wp\/v2\/types\/post"}],"author":[{"embeddable":true,"href":"https:\/\/www.o-p-i.fr\/7alire\/wp-json\/wp\/v2\/users\/3"}],"replies":[{"embeddable":true,"href":"https:\/\/www.o-p-i.fr\/7alire\/wp-json\/wp\/v2\/comments?post=7992"}],"version-history":[{"count":3,"href":"https:\/\/www.o-p-i.fr\/7alire\/wp-json\/wp\/v2\/posts\/7992\/revisions"}],"predecessor-version":[{"id":7996,"href":"https:\/\/www.o-p-i.fr\/7alire\/wp-json\/wp\/v2\/posts\/7992\/revisions\/7996"}],"wp:attachment":[{"href":"https:\/\/www.o-p-i.fr\/7alire\/wp-json\/wp\/v2\/media?parent=7992"}],"wp:term":[{"taxonomy":"category","embeddable":true,"href":"https:\/\/www.o-p-i.fr\/7alire\/wp-json\/wp\/v2\/categories?post=7992"},{"taxonomy":"post_tag","embeddable":true,"href":"https:\/\/www.o-p-i.fr\/7alire\/wp-json\/wp\/v2\/tags?post=7992"},{"taxonomy":"author","embeddable":true,"href":"https:\/\/www.o-p-i.fr\/7alire\/wp-json\/wp\/v2\/coauthors?post=7992"}],"curies":[{"name":"wp","href":"https:\/\/api.w.org\/{rel}","templated":true}]}}