{"id":8091,"date":"2012-12-05T01:02:38","date_gmt":"2012-12-04T23:02:38","guid":{"rendered":"\/7alire\/?p=8091"},"modified":"2012-12-18T18:00:12","modified_gmt":"2012-12-18T16:00:12","slug":"richard-catie-biographie","status":"publish","type":"post","link":"https:\/\/www.o-p-i.fr\/7alire\/7-a-lire-actu\/richard-catie-biographie\/","title":{"rendered":"Richard CATIE. Biographie"},"content":{"rendered":"<p style=\"text-align: justify;\">\n<figure id=\"attachment_8117\" aria-describedby=\"caption-attachment-8117\" style=\"width: 250px\" class=\"wp-caption alignleft\"><a href=\"https:\/\/www.o-p-i.fr\/7alire\/wp-content\/uploads\/richard_catie.jpg\"><img loading=\"lazy\" decoding=\"async\" class=\"size-full wp-image-8117\" title=\"Richard CATIE\" src=\"https:\/\/www.o-p-i.fr\/7alire\/wp-content\/uploads\/richard_catie.jpg\" alt=\"Richard CATIE\" width=\"250\" height=\"161\" \/><\/a><figcaption id=\"caption-attachment-8117\" class=\"wp-caption-text\">Richard CATIE<\/figcaption><\/figure>\n<p style=\"text-align: justify;\">N\u00e9 le 31 ao\u00fbt 1961 dans le Tarn, je suis mari\u00e9 et p\u00e8re de trois enfants. Habitant une r\u00e9gion de France c\u00e9l\u00e8bre pour ses bons vins, j\u2019appr\u00e9cie \u00e9galement les doux nectars de la po\u00e9sie\u2026<br \/>\nPlut\u00f4t romantique, ma sensibilit\u00e9 exacerb\u00e9e m\u2019entraine \u00e0 rechercher dans l\u2019\u00e9crit la r\u00e9ponse \u00e0 cette question \u00f4 combien existentielle\u00a0: l\u2019amour peut-il demeurer \u00e9ternel dans un monde o\u00f9 l\u2019\u00e9ph\u00e9m\u00e8re tend \u00e0 devenir mod\u00e8le\u00a0?<\/p>\n<p style=\"text-align: justify;\"><span style=\"color: #99cc00;\"><strong>Contact : <\/strong><\/span>CATIE Richard<br \/>\n16 Chemin des amandiers<br \/>\n81600 GAILLAC<br \/>\nT\u00e9l. : 05 63 57 94 42<br \/>\nCourriel : <a href=\"mailto:richard.catie@hotmail.fr\">richard.catie@hotmail.fr<\/a><\/p>\n","protected":false},"excerpt":{"rendered":"<div class=\"mh-excerpt\">N\u00e9 le 31 ao\u00fbt 1961 dans le Tarn, je suis mari\u00e9 et p\u00e8re de trois enfants. Habitant une r\u00e9gion de France c\u00e9l\u00e8bre pour ses bons vins, j\u2019appr\u00e9cie \u00e9galement les doux nectars de la po\u00e9sie\u2026 Plut\u00f4t <a class=\"mh-excerpt-more\" href=\"https:\/\/www.o-p-i.fr\/7alire\/7-a-lire-actu\/richard-catie-biographie\/\" title=\"Richard CATIE. Biographie\">[&#8230;]<\/a><\/div>\n","protected":false},"author":3,"featured_media":0,"comment_status":"open","ping_status":"open","sticky":false,"template":"","format":"standard","meta":{"_jetpack_memberships_contains_paid_content":false,"footnotes":"","_links_to":"","_links_to_target":""},"categories":[1741,3],"tags":[515,3629,1739,1738,3637,1735,1736,1737],"coauthors":[],"class_list":{"0":"post-8091","1":"post","2":"type-post","3":"status-publish","4":"format-standard","6":"category--catie-richard","7":"category-7-a-lire-actu","8":"tag-amour","9":"tag-biographie","10":"tag-ephemere","11":"tag-eternel","12":"tag-poesie","13":"tag-richard-catie","14":"tag-romantique","15":"tag-sensibilite"},"jetpack_featured_media_url":"","jetpack_sharing_enabled":true,"_links":{"self":[{"href":"https:\/\/www.o-p-i.fr\/7alire\/wp-json\/wp\/v2\/posts\/8091","targetHints":{"allow":["GET"]}}],"collection":[{"href":"https:\/\/www.o-p-i.fr\/7alire\/wp-json\/wp\/v2\/posts"}],"about":[{"href":"https:\/\/www.o-p-i.fr\/7alire\/wp-json\/wp\/v2\/types\/post"}],"author":[{"embeddable":true,"href":"https:\/\/www.o-p-i.fr\/7alire\/wp-json\/wp\/v2\/users\/3"}],"replies":[{"embeddable":true,"href":"https:\/\/www.o-p-i.fr\/7alire\/wp-json\/wp\/v2\/comments?post=8091"}],"version-history":[{"count":6,"href":"https:\/\/www.o-p-i.fr\/7alire\/wp-json\/wp\/v2\/posts\/8091\/revisions"}],"predecessor-version":[{"id":8211,"href":"https:\/\/www.o-p-i.fr\/7alire\/wp-json\/wp\/v2\/posts\/8091\/revisions\/8211"}],"wp:attachment":[{"href":"https:\/\/www.o-p-i.fr\/7alire\/wp-json\/wp\/v2\/media?parent=8091"}],"wp:term":[{"taxonomy":"category","embeddable":true,"href":"https:\/\/www.o-p-i.fr\/7alire\/wp-json\/wp\/v2\/categories?post=8091"},{"taxonomy":"post_tag","embeddable":true,"href":"https:\/\/www.o-p-i.fr\/7alire\/wp-json\/wp\/v2\/tags?post=8091"},{"taxonomy":"author","embeddable":true,"href":"https:\/\/www.o-p-i.fr\/7alire\/wp-json\/wp\/v2\/coauthors?post=8091"}],"curies":[{"name":"wp","href":"https:\/\/api.w.org\/{rel}","templated":true}]}}