{"id":8348,"date":"2013-01-19T15:51:10","date_gmt":"2013-01-19T13:51:10","guid":{"rendered":"\/7alire\/?p=8348"},"modified":"2013-01-19T16:12:14","modified_gmt":"2013-01-19T14:12:14","slug":"isabelle-jouve-ricignuolo-biographie","status":"publish","type":"post","link":"https:\/\/www.o-p-i.fr\/7alire\/7-a-lire-actu\/isabelle-jouve-ricignuolo-biographie\/","title":{"rendered":"Isabelle RICIGNUOLO. Biographie"},"content":{"rendered":"<figure id=\"attachment_8358\" aria-describedby=\"caption-attachment-8358\" style=\"width: 250px\" class=\"wp-caption alignleft\"><img loading=\"lazy\" decoding=\"async\" class=\"size-full wp-image-8358\" title=\"Isabelle JOUVE RICIGNUOLO\" src=\"https:\/\/www.o-p-i.fr\/7alire\/wp-content\/uploads\/isabellericignuolo.jpg\" alt=\"Isabelle JOUVE  RICIGNUOLO\" width=\"250\" height=\"188\" \/><figcaption id=\"caption-attachment-8358\" class=\"wp-caption-text\">Isabelle JOUVE  RICIGNUOLO<\/figcaption><\/figure>\n<p style=\"text-align: justify;\">Tr\u00e8s t\u00f4t, je me d\u00e9couvre une grande passion pour le d\u00e9coupage, l\u2019assemblage et le stockage de toutes sortes de papiers (et encore maintenant !). Tr\u00e8s t\u00f4t, l\u2019esprit s\u2019\u00e9chappe, alors je dessine en classe, sur la table, sur les feuilles, mais j\u2019\u00e9coute toujours d\u2019une oreille. Donc je me dirige naturellement vers le graphisme, et fais mes \u00e9tudes sup\u00e9rieures \u00e0 l\u2019\u00e9cole des Arts et Industries Graphiques Estienne (Paris). Commence alors un parcours en agences de publicit\u00e9, en infographie, traitement de l\u2019image, maquettage et conception de supports de communication. Et depuis quelques ann\u00e9es, l\u2019aventure continue dans l\u2019illustration\u2026<\/p>\n<p style=\"text-align: justify;\">Les livres publi\u00e9s chez Points de Suspension :<\/p>\n<p style=\"text-align: justify;\">1\/ <a title=\"En savoir +\" href=\"https:\/\/www.o-p-i.fr\/7alire\/7-a-lire-actu\/%e2%80%9cj%e2%80%99aime%e2%80%9d-isabelle-ricignuolo\/\">J\u2019aime 2010<\/a><\/p>\n<p style=\"text-align: justify;\">2\/ <a title=\"En savoir +\" href=\"https:\/\/www.o-p-i.fr\/7alire\/7-a-lire-actu\/%e2%80%9cet-pourquoila-girafe-a-un-long-cou%e2%80%9d-isabelle-ricignuolo\/\" target=\"_blank\">Et pourquoi\u2026 la girafe a un long cou ?<\/a> en 2012<\/p>\n<p style=\"text-align: justify;\"><span style=\"color: #99cc00;\"><strong>Contact :<\/strong><\/span><\/p>\n<p>Isabelle Ricignuolo<br \/>\nAuteure-Illustratrice<br \/>\n31170 Tournefeuille<br \/>\nT\u00e9l. : 06 08 84 12 08<br \/>\nCourriel : <a href=\"mailto:arkane2@wanadoo.fr\">arkane2@wanadoo.fr<\/a><br \/>\nSites : <a title=\"Ouvre le site dans une nouvelle fen\u00eatre\" href=\"http:\/\/isajr.canalblog.com\" target=\"_blank\">http:\/\/isajr.canalblog.com<\/a><br \/>\n<a title=\"Ouvre le site dans une nouvelle fen\u00eatre\" href=\"http:\/\/isabellericignuolo.ultra-book.com\/book\" target=\"_blank\">http:\/\/isabellericignuolo.ultra-book.com\/book<\/a><\/p>\n","protected":false},"excerpt":{"rendered":"<div class=\"mh-excerpt\">Tr\u00e8s t\u00f4t, je me d\u00e9couvre une grande passion pour le d\u00e9coupage, l\u2019assemblage et le stockage de toutes sortes de papiers (et encore maintenant !). Tr\u00e8s t\u00f4t, l\u2019esprit s\u2019\u00e9chappe, alors je dessine en classe, sur la <a class=\"mh-excerpt-more\" href=\"https:\/\/www.o-p-i.fr\/7alire\/7-a-lire-actu\/isabelle-jouve-ricignuolo-biographie\/\" title=\"Isabelle RICIGNUOLO. Biographie\">[&#8230;]<\/a><\/div>\n","protected":false},"author":3,"featured_media":0,"comment_status":"open","ping_status":"open","sticky":false,"template":"","format":"standard","meta":{"_jetpack_memberships_contains_paid_content":false,"footnotes":"","_links_to":"","_links_to_target":""},"categories":[3],"tags":[1788,1779,1783,1785,1786,1782,614,1781,1784],"coauthors":[],"class_list":{"0":"post-8348","1":"post","2":"type-post","3":"status-publish","4":"format-standard","6":"category-7-a-lire-actu","7":"tag-assemblage","8":"tag-decoupage","9":"tag-graphisme","10":"tag-illustration","11":"tag-isabelle-jouve-ricignuolo","12":"tag-papiers","13":"tag-passion","14":"tag-stockage","15":"tag-supports-de-communication"},"jetpack_featured_media_url":"","jetpack_sharing_enabled":true,"_links":{"self":[{"href":"https:\/\/www.o-p-i.fr\/7alire\/wp-json\/wp\/v2\/posts\/8348","targetHints":{"allow":["GET"]}}],"collection":[{"href":"https:\/\/www.o-p-i.fr\/7alire\/wp-json\/wp\/v2\/posts"}],"about":[{"href":"https:\/\/www.o-p-i.fr\/7alire\/wp-json\/wp\/v2\/types\/post"}],"author":[{"embeddable":true,"href":"https:\/\/www.o-p-i.fr\/7alire\/wp-json\/wp\/v2\/users\/3"}],"replies":[{"embeddable":true,"href":"https:\/\/www.o-p-i.fr\/7alire\/wp-json\/wp\/v2\/comments?post=8348"}],"version-history":[{"count":8,"href":"https:\/\/www.o-p-i.fr\/7alire\/wp-json\/wp\/v2\/posts\/8348\/revisions"}],"predecessor-version":[{"id":8359,"href":"https:\/\/www.o-p-i.fr\/7alire\/wp-json\/wp\/v2\/posts\/8348\/revisions\/8359"}],"wp:attachment":[{"href":"https:\/\/www.o-p-i.fr\/7alire\/wp-json\/wp\/v2\/media?parent=8348"}],"wp:term":[{"taxonomy":"category","embeddable":true,"href":"https:\/\/www.o-p-i.fr\/7alire\/wp-json\/wp\/v2\/categories?post=8348"},{"taxonomy":"post_tag","embeddable":true,"href":"https:\/\/www.o-p-i.fr\/7alire\/wp-json\/wp\/v2\/tags?post=8348"},{"taxonomy":"author","embeddable":true,"href":"https:\/\/www.o-p-i.fr\/7alire\/wp-json\/wp\/v2\/coauthors?post=8348"}],"curies":[{"name":"wp","href":"https:\/\/api.w.org\/{rel}","templated":true}]}}