{"id":8504,"date":"2020-10-23T18:35:25","date_gmt":"2020-10-23T16:35:25","guid":{"rendered":"\/7alire\/?p=8504"},"modified":"2022-02-06T20:26:29","modified_gmt":"2022-02-06T18:26:29","slug":"jean-dupin-biographie","status":"publish","type":"post","link":"https:\/\/www.o-p-i.fr\/7alire\/7-a-lire-actu\/jean-dupin-biographie\/","title":{"rendered":"Jean DUPIN. Biographie Bibliographie"},"content":{"rendered":"<figure id=\"attachment_9911\" aria-describedby=\"caption-attachment-9911\" style=\"width: 425px\" class=\"wp-caption alignleft\"><a href=\"https:\/\/www.o-p-i.fr\/7alire\/wp-content\/uploads\/jeandupin.jpg\"><img loading=\"lazy\" decoding=\"async\" class=\"wp-image-9911\" title=\"Jean Dupin\" src=\"https:\/\/www.o-p-i.fr\/7alire\/wp-content\/uploads\/jeandupin.jpg\" alt=\"Jean Dupin\" width=\"425\" height=\"564\" srcset=\"https:\/\/www.o-p-i.fr\/7alire\/wp-content\/uploads\/jeandupin.jpg 250w, https:\/\/www.o-p-i.fr\/7alire\/wp-content\/uploads\/jeandupin-225x300.jpg 225w\" sizes=\"auto, (max-width: 425px) 100vw, 425px\" \/><\/a><figcaption id=\"caption-attachment-9911\" class=\"wp-caption-text\">Jean Dupin<\/figcaption><\/figure>\n<p>Jean Dupin est n\u00e9 en 1936. Le virus de l&rsquo;\u00e9criture l&rsquo;a touch\u00e9 lorsqu&rsquo;il a pris sa retraite de cadre sup\u00e9rieur dans les Postes.<\/p>\n<p style=\"text-align: justify;\">S&rsquo;il habite Toulouse, c&rsquo;est son Aveyron natal qui l&rsquo;attire avec force. Tous ses romans de terroir ont pris naissance dans la r\u00e9gion des hauts plateaux du L\u00e9v\u00e9zou et surtout dans le village d&rsquo;Arvieu qu&rsquo;il ne peut et ne veut surtout pas oublier.<\/p>\n<p>C&rsquo;est cet amour si profond pour ses racines qui lui donne sans nul doute cette envie d&rsquo;\u00e9crire de fa\u00e7on prolifique pour ne pas dire boulimique au rythme d&rsquo;un ouvrage par an.<\/p>\n<p><strong><span style=\"color: #99cc00;\">Contact :<\/span><\/strong><\/p>\n<p>51 Chemin des Argoulets<br \/>\n31500 TOULOUSE<\/p>\n<p>T\u00e9l. : 05 61 48 91 45<\/p>\n<p>Courriel : <a href=\"mailto:dupin.jean@orange.fr\">dupin.jean@orange.fr<\/a><\/p>\n<p>&nbsp;<\/p>\n<h3><span style=\"color: #ff0000;\">Bibliographie<\/span><\/h3>\n<p><span style=\"color: #ff0000;\">Pour voir la fiche descriptive d\u2019un ouvrage, cliquez sur son nom<\/span><\/p>\n<ul>\n<li><a href=\"https:\/\/www.o-p-i.fr\/7alire\/genre\/roman\/quand-pleurent-les-fusils-de-jean-dupin\/\" target=\"_blank\" rel=\"noopener noreferrer\">\u00ab\u00a0Quand pleurent les fusils\u00a0\u00bb<\/a><\/li>\n<li><span style=\"color: #000000;\"><a href=\"https:\/\/www.o-p-i.fr\/7alire\/genre\/roman\/le-vieux-moulin-de-jean-dupin\/\" target=\"_blank\" rel=\"noopener noreferrer\">\u00ab\u00a0Le Vieux Moulin\u00a0\u00bb<\/a><\/span><\/li>\n<li><a href=\"https:\/\/www.o-p-i.fr\/7alire\/7-a-lire-actu\/le-facteur-du-levezou-jean-dupin\/\" target=\"_blank\" rel=\"noopener noreferrer\">\u00ab\u00a0Le facteur du L\u00e9v\u00e9zou \u00ab\u00a0<\/a><\/li>\n<li><a href=\"https:\/\/www.o-p-i.fr\/7alire\/7-a-lire-actu\/labsence-dun-pere-jean-dupin\/\" target=\"_blank\" rel=\"noopener noreferrer\">\u00ab\u00a0L&rsquo;absence d&rsquo;un p\u00e8re\u00a0\u00bb<\/a><\/li>\n<li><a href=\"https:\/\/www.o-p-i.fr\/7alire\/7-a-lire-actu\/le-masque-rouge-jean-dupin\/\" target=\"_blank\" rel=\"noopener noreferrer\">\u00ab\u00a0Le Masque rouge\u00a0\u00bb<\/a><\/li>\n<li><a href=\"https:\/\/www.o-p-i.fr\/7alire\/7-a-lire-actu\/vengeance-a-escals\/\" target=\"_blank\" rel=\"noopener noreferrer\">\u00ab\u00a0Vengeance \u00e0 Escals\u00a0\u00bb<\/a><\/li>\n<li><a href=\"https:\/\/www.o-p-i.fr\/7alire\/genre\/roman\/c%e2%80%99etait-mon-village\/\" target=\"_blank\" rel=\"noopener noreferrer\">\u00ab\u00a0C\u2019\u00e9tait mon village\u00a0\u00bb<\/a><\/li>\n<li><a href=\"https:\/\/www.o-p-i.fr\/7alire\/genre\/roman\/les-jumeaux-garrigou\/\" target=\"_blank\" rel=\"noopener noreferrer\">\u00ab\u00a0Les jumeaux Garrigou\u00a0\u00bb<\/a><\/li>\n<li><a href=\"https:\/\/www.o-p-i.fr\/7alire\/genre\/roman\/antoine-ou-une-vie-tourmentee\/\" target=\"_blank\" rel=\"noopener noreferrer\">\u00ab\u00a0Antoine ou une vie tourment\u00e9e\u00a0\u00bb<\/a><\/li>\n<li><a href=\"https:\/\/www.o-p-i.fr\/7alire\/genre\/roman\/pour-quelques-grains-de-cafe\/\" target=\"_blank\" rel=\"noopener noreferrer\">\u00ab\u00a0Pour quelques grains de caf\u00e9\u00a0\u00bb<\/a><\/li>\n<li><a href=\"https:\/\/www.o-p-i.fr\/7alire\/genre\/roman\/le-destin-de-blanche\/\" target=\"_blank\" rel=\"noopener noreferrer\">\u00ab\u00a0Le destin de Blanche\u00a0\u00bb<\/a><\/li>\n<li><a href=\"https:\/\/www.o-p-i.fr\/7alire\/auteurs-contemporains\/sophie-du-levezou-jean-dupin\/\" target=\"_blank\" rel=\"noopener noreferrer\">\u00ab\u00a0Sophie du L\u00e9v\u00e9zou\u00a0\u00bb<\/a><\/li>\n<li><a href=\"https:\/\/www.o-p-i.fr\/7alire\/7-a-lire-actu\/une-si-belle-revanche-jean-dupin\/\" target=\"_blank\" rel=\"noopener noreferrer\">\u00ab\u00a0Une si belle revanche\u00a0\u00bb<\/a><\/li>\n<li><a href=\"https:\/\/www.o-p-i.fr\/7alire\/7-a-lire-actu\/pareloup-les-souvenirs-daugustin-roman-de-jean-dupin\/\" target=\"_blank\" rel=\"noopener noreferrer\">\u00ab\u00a0Pareloup, les souvenirs d&rsquo;Augustin\u00a0\u00bb<\/a><\/li>\n<li><a href=\"https:\/\/www.o-p-i.fr\/7alire\/7-a-lire-actu\/dameres-vendanges-roman-de-jean-dupin\/\" target=\"_blank\" rel=\"noopener noreferrer\">\u00ab\u00a0D&rsquo;am\u00e8res vendanges\u00a0\u00bb<\/a><\/li>\n<li><a href=\"https:\/\/www.o-p-i.fr\/7alire\/7-a-lire-actu\/lenfant-cache-de-la-malardie-jean-dupin-roman\/\" target=\"_blank\" rel=\"noopener noreferrer\">\u00ab\u00a0L&rsquo;enfant cach\u00e9 de la Malardie\u00a0\u00bb<\/a><\/li>\n<\/ul>\n","protected":false},"excerpt":{"rendered":"<div class=\"mh-excerpt\">Jean Dupin est n\u00e9 en 1936. Le virus de l&rsquo;\u00e9criture l&rsquo;a touch\u00e9 lorsqu&rsquo;il a pris sa retraite de cadre sup\u00e9rieur dans les Postes. S&rsquo;il habite Toulouse, c&rsquo;est son Aveyron natal qui l&rsquo;attire avec force. Tous <a class=\"mh-excerpt-more\" href=\"https:\/\/www.o-p-i.fr\/7alire\/7-a-lire-actu\/jean-dupin-biographie\/\" title=\"Jean DUPIN. Biographie Bibliographie\">[&#8230;]<\/a><\/div>\n","protected":false},"author":3,"featured_media":0,"comment_status":"open","ping_status":"open","sticky":false,"template":"","format":"standard","meta":{"_jetpack_memberships_contains_paid_content":false,"footnotes":"","_links_to":"","_links_to_target":""},"categories":[5114,3,4,5],"tags":[515,1823,146,126,1824],"coauthors":[],"class_list":{"0":"post-8504","1":"post","2":"type-post","3":"status-publish","4":"format-standard","6":"category-dupin-jean","7":"category-7-a-lire-actu","8":"category-auteurs-contemporains","9":"category-biographie","10":"tag-amour","11":"tag-arvieu","12":"tag-aveyron","13":"tag-jean-dupin","14":"tag-racines"},"jetpack_featured_media_url":"","jetpack_sharing_enabled":true,"_links":{"self":[{"href":"https:\/\/www.o-p-i.fr\/7alire\/wp-json\/wp\/v2\/posts\/8504","targetHints":{"allow":["GET"]}}],"collection":[{"href":"https:\/\/www.o-p-i.fr\/7alire\/wp-json\/wp\/v2\/posts"}],"about":[{"href":"https:\/\/www.o-p-i.fr\/7alire\/wp-json\/wp\/v2\/types\/post"}],"author":[{"embeddable":true,"href":"https:\/\/www.o-p-i.fr\/7alire\/wp-json\/wp\/v2\/users\/3"}],"replies":[{"embeddable":true,"href":"https:\/\/www.o-p-i.fr\/7alire\/wp-json\/wp\/v2\/comments?post=8504"}],"version-history":[{"count":9,"href":"https:\/\/www.o-p-i.fr\/7alire\/wp-json\/wp\/v2\/posts\/8504\/revisions"}],"predecessor-version":[{"id":22579,"href":"https:\/\/www.o-p-i.fr\/7alire\/wp-json\/wp\/v2\/posts\/8504\/revisions\/22579"}],"wp:attachment":[{"href":"https:\/\/www.o-p-i.fr\/7alire\/wp-json\/wp\/v2\/media?parent=8504"}],"wp:term":[{"taxonomy":"category","embeddable":true,"href":"https:\/\/www.o-p-i.fr\/7alire\/wp-json\/wp\/v2\/categories?post=8504"},{"taxonomy":"post_tag","embeddable":true,"href":"https:\/\/www.o-p-i.fr\/7alire\/wp-json\/wp\/v2\/tags?post=8504"},{"taxonomy":"author","embeddable":true,"href":"https:\/\/www.o-p-i.fr\/7alire\/wp-json\/wp\/v2\/coauthors?post=8504"}],"curies":[{"name":"wp","href":"https:\/\/api.w.org\/{rel}","templated":true}]}}