{"id":8547,"date":"2013-02-19T19:09:29","date_gmt":"2013-02-19T17:09:29","guid":{"rendered":"\/7alire\/?p=8547"},"modified":"2013-02-19T19:09:29","modified_gmt":"2013-02-19T17:09:29","slug":"salon-du-livre-de-biert-09-samedi-20-juillet-2013","status":"publish","type":"post","link":"https:\/\/www.o-p-i.fr\/7alire\/7-a-lire-actu\/salon-du-livre-de-biert-09-samedi-20-juillet-2013\/","title":{"rendered":"Salon du Livre de Biert (09). Samedi 20 Juillet 2013"},"content":{"rendered":"<p style=\"text-align: justify;\">\n<figure id=\"attachment_8548\" aria-describedby=\"caption-attachment-8548\" style=\"width: 300px\" class=\"wp-caption alignright\"><img loading=\"lazy\" decoding=\"async\" class=\"size-medium wp-image-8548\" title=\"Salon du Livre de Biert (09)\" src=\"https:\/\/www.o-p-i.fr\/7alire\/wp-content\/uploads\/salonbiert2013-300x214.jpg\" alt=\"Salon du Livre de Biert (09)\" width=\"300\" height=\"214\" srcset=\"https:\/\/www.o-p-i.fr\/7alire\/wp-content\/uploads\/salonbiert2013-300x214.jpg 300w, https:\/\/www.o-p-i.fr\/7alire\/wp-content\/uploads\/salonbiert2013.jpg 418w\" sizes=\"auto, (max-width: 300px) 100vw, 300px\" \/><figcaption id=\"caption-attachment-8548\" class=\"wp-caption-text\">Salon du Livre de Biert (09)<\/figcaption><\/figure>\n<p>Biert, village de la montagne ari\u00e9geoise (vall\u00e9e de Massat), organise la deuxi\u00e8me \u00e9dition de ce Salon.<\/p>\n<p style=\"text-align: justify;\">En 2012, dix-huit auteurs \u00e9taient r\u00e9unis pour pr\u00e9senter leurs \u0153uvres dans les domaines les plus divers : Histoire, Roman, Pyr\u00e9n\u00e9isme, Soci\u00e9t\u00e9, Policier, Cuisine, Jeunesse, litt\u00e9rature occitane\u2026<\/p>\n<p style=\"text-align: justify;\">Autour du Salon proprement dit, prennent place une quinzaine de stands d&rsquo;exposition et d&rsquo;ateliers en relation avec les activit\u00e9s du Livre.<\/p>\n<p style=\"text-align: justify;\">_______________<\/p>\n<p style=\"text-align: justify;\"><strong>Pour les auteurs : <\/strong><br \/>\ndate limite de pr\u00e9inscription : 15 mars 2013<\/p>\n<p style=\"text-align: justify;\">_______________<\/p>\n<p style=\"text-align: justify;\"><span style=\"color: #99cc00;\"><strong>Contact : <\/strong><\/span>Association culturelle Biert Aou\u00e9<br \/>\nMairie<br \/>\n09320 Biert<br \/>\nT\u00e9l. :\u00a0 06 30 63 12 64 (Jean-Claude MARCEL)<br \/>\nCourriel : <a href=\"mailto:secretaire@biert.com \">secretaire@biert.com <\/a><br \/>\nSite : <a title=\"Ouvre le site dans une nouvelle fen\u00eatre\" href=\"http:\/\/www.biert.com\" target=\"_blank\">www.biert.com<\/a><\/p>\n","protected":false},"excerpt":{"rendered":"<div class=\"mh-excerpt\">Biert, village de la montagne ari\u00e9geoise (vall\u00e9e de Massat), organise la deuxi\u00e8me \u00e9dition de ce Salon. En 2012, dix-huit auteurs \u00e9taient r\u00e9unis pour pr\u00e9senter leurs \u0153uvres dans les domaines les plus divers : Histoire, Roman, <a class=\"mh-excerpt-more\" href=\"https:\/\/www.o-p-i.fr\/7alire\/7-a-lire-actu\/salon-du-livre-de-biert-09-samedi-20-juillet-2013\/\" title=\"Salon du Livre de Biert (09). Samedi 20 Juillet 2013\">[&#8230;]<\/a><\/div>\n","protected":false},"author":2,"featured_media":0,"comment_status":"open","ping_status":"open","sticky":false,"template":"","format":"standard","meta":{"_jetpack_memberships_contains_paid_content":false,"footnotes":"","_links_to":"","_links_to_target":""},"categories":[3,14],"tags":[142,48,1843,187,9],"coauthors":[],"class_list":{"0":"post-8547","1":"post","2":"type-post","3":"status-publish","4":"format-standard","6":"category-7-a-lire-actu","7":"category-salon-du-livre-7-a-lire-actu","8":"tag-ariege","9":"tag-auteur","10":"tag-biert","11":"tag-rencontre","12":"tag-salon-du-livre"},"jetpack_featured_media_url":"","jetpack_sharing_enabled":true,"_links":{"self":[{"href":"https:\/\/www.o-p-i.fr\/7alire\/wp-json\/wp\/v2\/posts\/8547","targetHints":{"allow":["GET"]}}],"collection":[{"href":"https:\/\/www.o-p-i.fr\/7alire\/wp-json\/wp\/v2\/posts"}],"about":[{"href":"https:\/\/www.o-p-i.fr\/7alire\/wp-json\/wp\/v2\/types\/post"}],"author":[{"embeddable":true,"href":"https:\/\/www.o-p-i.fr\/7alire\/wp-json\/wp\/v2\/users\/2"}],"replies":[{"embeddable":true,"href":"https:\/\/www.o-p-i.fr\/7alire\/wp-json\/wp\/v2\/comments?post=8547"}],"version-history":[{"count":1,"href":"https:\/\/www.o-p-i.fr\/7alire\/wp-json\/wp\/v2\/posts\/8547\/revisions"}],"predecessor-version":[{"id":8549,"href":"https:\/\/www.o-p-i.fr\/7alire\/wp-json\/wp\/v2\/posts\/8547\/revisions\/8549"}],"wp:attachment":[{"href":"https:\/\/www.o-p-i.fr\/7alire\/wp-json\/wp\/v2\/media?parent=8547"}],"wp:term":[{"taxonomy":"category","embeddable":true,"href":"https:\/\/www.o-p-i.fr\/7alire\/wp-json\/wp\/v2\/categories?post=8547"},{"taxonomy":"post_tag","embeddable":true,"href":"https:\/\/www.o-p-i.fr\/7alire\/wp-json\/wp\/v2\/tags?post=8547"},{"taxonomy":"author","embeddable":true,"href":"https:\/\/www.o-p-i.fr\/7alire\/wp-json\/wp\/v2\/coauthors?post=8547"}],"curies":[{"name":"wp","href":"https:\/\/api.w.org\/{rel}","templated":true}]}}