{"id":8733,"date":"2013-03-26T22:37:21","date_gmt":"2013-03-26T20:37:21","guid":{"rendered":"\/7alire\/?p=8733"},"modified":"2013-03-26T22:43:47","modified_gmt":"2013-03-26T20:43:47","slug":"la-belugueta-de-tgoc-vous-informe-rendez-vous-des-violons-en-quercy-vert-82-du-15-au-23-juillet-2013","status":"publish","type":"post","link":"https:\/\/www.o-p-i.fr\/7alire\/7-a-lire-actu\/la-belugueta-de-tgoc-vous-informe-rendez-vous-des-violons-en-quercy-vert-82-du-15-au-23-juillet-2013\/","title":{"rendered":"La belugueta de TG&rsquo;OC vous informe. Rendez vous des violons en Quercy Vert (82) du 15 au 23 juillet 2013"},"content":{"rendered":"<p style=\"text-align: justify;\">Cette ann\u00e9e nous serons \u00e0 \u00ab La Salvetat-Belmontet \u2013 Monclar-de-Quercy \u00bb<strong> du 15 au 23 Juillet 2013 <\/strong>avec le soutien de l&rsquo;association \u00abTarn e Garona Occitan\u00bb.<!--more--><\/p>\n<figure id=\"attachment_8776\" aria-describedby=\"caption-attachment-8776\" style=\"width: 300px\" class=\"wp-caption alignright\"><a href=\"https:\/\/www.o-p-i.fr\/7alire\/wp-content\/uploads\/aurdvdesviolons.jpg\"><img loading=\"lazy\" decoding=\"async\" class=\"size-full wp-image-8776\" title=\"Au Rendez-vous des violons.\" src=\"https:\/\/www.o-p-i.fr\/7alire\/wp-content\/uploads\/aurdvdesviolons.jpg\" alt=\"Au Rendez-vous des violons.\" width=\"300\" height=\"168\" \/><\/a><figcaption id=\"caption-attachment-8776\" class=\"wp-caption-text\">Au Rendez-vous des violons.<\/figcaption><\/figure>\n<p style=\"text-align: justify;\">Chaque ann\u00e9e, l&rsquo;association \u00ab Au rendez vous des violons \u00bb organise une rencontre et pendant 8 jours nous mettons la musique au centre de nos occupations.<\/p>\n<p style=\"text-align: justify;\">L\u2019int\u00e9r\u00eat de ces rencontres est qu\u2019elles permettent \u00e0 des musicien\/ne\/s amateurs d\u2019\u00e9changer leurs r\u00e9pertoires, de jouer ensemble, tous \u00e2ges confondus, car nous accueillons avec plaisir les d\u00e9butants. Nous voyons venir des d\u00e9butants de tous \u00e2ges. Nous les ouvrons aussi aux autres instruments acoustiques, ce qui fait qu\u2019il y a aussi des accord\u00e9ons, des guitares, mandolines, nykelharpa, violes de gambe, psalt\u00e9rions, harpes, mandoles, trompettes, saxos, et autres instruments dans nos rencontres. Nous organisons des animations, des bals, des rencontres pour les habitants, musiciens, danseurs de la r\u00e9gion. Notre musique est tr\u00e8s li\u00e9e \u00e0 la danse. Notre rencontre, en \u00e9t\u00e9, se situe pendant les huit jours pr\u00e9c\u00e9dents la Pleine Lune.<\/p>\n<p>Vous pourrez avoir un aper\u00e7u de ces rencontres en image sur le site \u00a0 <a title=\"Ouvre le site dans une nouvelle fen\u00eatre\" href=\"http:\/\/rdv-violons.osdream.fr\" target=\"_blank\">http:\/\/rdv-violons.osdream.fr<\/a><\/p>\n<p><a title=\"En savoir +\" href=\"http:\/\/jjaquier.free.fr\/article.php3?id_article=31\" target=\"_blank\">Les conditions et le lieu<\/a> sont comme pour l&rsquo;ann\u00e9e 2012<\/p>\n<p>Cotisation : 10 \u20ac l&rsquo;ann\u00e9e et environ 5\u20ac par jour<\/p>\n<p>Attention, le nombre d&rsquo;inscriptions est limit\u00e9.<\/p>\n<p>Inscrivez-vous vite aupr\u00e8s de Philippe Laneres : <a href=\"mailto:philippe.laneres@free.fr\">philippe.laneres@free.fr<\/a>.<\/p>\n<p>Venez danser et jouer, faire la f\u00eate<\/p>\n<p>A bient\u00f4t<\/p>\n<blockquote><p>Nous demandons des volontaires pour pr\u00e9parer la f\u00eate \u00e0 partir du 13 Juillet, ainsi que pour terminer le 23-24 Juillet.<\/p><\/blockquote>\n","protected":false},"excerpt":{"rendered":"<div class=\"mh-excerpt\">Cette ann\u00e9e nous serons \u00e0 \u00ab La Salvetat-Belmontet \u2013 Monclar-de-Quercy \u00bb du 15 au 23 Juillet 2013 avec le soutien de l&rsquo;association \u00abTarn e Garona Occitan\u00bb.<\/div>\n","protected":false},"author":3,"featured_media":0,"comment_status":"open","ping_status":"open","sticky":false,"template":"","format":"standard","meta":{"_jetpack_memberships_contains_paid_content":false,"footnotes":"","_links_to":"","_links_to_target":""},"categories":[3,266,1189,10],"tags":[1212,350,1612,289,187,363,1501],"coauthors":[],"class_list":{"0":"post-8733","1":"post","2":"type-post","3":"status-publish","4":"format-standard","6":"category-7-a-lire-actu","7":"category-activites-occitanes","8":"category-la-belugueta-de-tgoc","9":"category-occitanie","10":"tag-animation","11":"tag-bal","12":"tag-fete","13":"tag-musique","14":"tag-rencontre","15":"tag-trad","16":"tag-violon"},"jetpack_featured_media_url":"","jetpack_sharing_enabled":true,"_links":{"self":[{"href":"https:\/\/www.o-p-i.fr\/7alire\/wp-json\/wp\/v2\/posts\/8733","targetHints":{"allow":["GET"]}}],"collection":[{"href":"https:\/\/www.o-p-i.fr\/7alire\/wp-json\/wp\/v2\/posts"}],"about":[{"href":"https:\/\/www.o-p-i.fr\/7alire\/wp-json\/wp\/v2\/types\/post"}],"author":[{"embeddable":true,"href":"https:\/\/www.o-p-i.fr\/7alire\/wp-json\/wp\/v2\/users\/3"}],"replies":[{"embeddable":true,"href":"https:\/\/www.o-p-i.fr\/7alire\/wp-json\/wp\/v2\/comments?post=8733"}],"version-history":[{"count":4,"href":"https:\/\/www.o-p-i.fr\/7alire\/wp-json\/wp\/v2\/posts\/8733\/revisions"}],"predecessor-version":[{"id":8777,"href":"https:\/\/www.o-p-i.fr\/7alire\/wp-json\/wp\/v2\/posts\/8733\/revisions\/8777"}],"wp:attachment":[{"href":"https:\/\/www.o-p-i.fr\/7alire\/wp-json\/wp\/v2\/media?parent=8733"}],"wp:term":[{"taxonomy":"category","embeddable":true,"href":"https:\/\/www.o-p-i.fr\/7alire\/wp-json\/wp\/v2\/categories?post=8733"},{"taxonomy":"post_tag","embeddable":true,"href":"https:\/\/www.o-p-i.fr\/7alire\/wp-json\/wp\/v2\/tags?post=8733"},{"taxonomy":"author","embeddable":true,"href":"https:\/\/www.o-p-i.fr\/7alire\/wp-json\/wp\/v2\/coauthors?post=8733"}],"curies":[{"name":"wp","href":"https:\/\/api.w.org\/{rel}","templated":true}]}}