{"id":8867,"date":"2013-04-09T20:15:29","date_gmt":"2013-04-09T18:15:29","guid":{"rendered":"\/7alire\/?p=8867"},"modified":"2013-04-09T20:15:29","modified_gmt":"2013-04-09T18:15:29","slug":"accueil-detudiantes-autrichiennes-temoignage-du-sejour-de-verena-s-chez-la-famille-sandrine-p-a-saint-die-des-vosges","status":"publish","type":"post","link":"https:\/\/www.o-p-i.fr\/7alire\/7-a-lire-actu\/accueil-detudiantes-autrichiennes-temoignage-du-sejour-de-verena-s-chez-la-famille-sandrine-p-a-saint-die-des-vosges\/","title":{"rendered":"Accueil d&rsquo;\u00e9tudiantes Autrichiennes. T\u00e9moignage du s\u00e9jour de Verena S. chez la famille Sandrine P. \u00e0 Saint Di\u00e9 des Vosges"},"content":{"rendered":"<p style=\"text-align: justify;\">Je garderai des souvenirs tr\u00e8s pr\u00e9cieux de mon s\u00e9jour en France : gr\u00e2ce \u00e0 la gentillesse et l\u2019hospitalit\u00e9 de ma famille d\u2019accueil, je me suis sentie la bienvenue \u00e0 partir du premier jour. De cette mani\u00e8re, j\u2019ai eu la possibilit\u00e9 de plonger dans la langue fran\u00e7aise et de d\u00e9couvrir de diverses facettes du pays \u2013 tout cela au m\u00eame temps ! A l\u2019aide de votre association, ces vacances pas ch\u00e8res m\u2019ont permis \u00e0 la fois un enrichissement culturel et linguistique dont je suis tr\u00e8s reconnaissante.<\/p>\n<p>Verena S.<br \/>\n1180 Vienne<\/p>\n<p>Famille d\u2019accueil : Mme Sandrine P. avec ses filles<br \/>\n88100 Saint Di\u00e9 des Vosges.<\/p>\n<p>Date du s\u00e9jour : 23 juillet \u2013 13 ao\u00fbt 2012<\/p>\n","protected":false},"excerpt":{"rendered":"<div class=\"mh-excerpt\">Je garderai des souvenirs tr\u00e8s pr\u00e9cieux de mon s\u00e9jour en France : gr\u00e2ce \u00e0 la gentillesse et l\u2019hospitalit\u00e9 de ma famille d\u2019accueil, je me suis sentie la bienvenue \u00e0 partir du premier jour. De cette <a class=\"mh-excerpt-more\" href=\"https:\/\/www.o-p-i.fr\/7alire\/7-a-lire-actu\/accueil-detudiantes-autrichiennes-temoignage-du-sejour-de-verena-s-chez-la-famille-sandrine-p-a-saint-die-des-vosges\/\" title=\"Accueil d&rsquo;\u00e9tudiantes Autrichiennes. T\u00e9moignage du s\u00e9jour de Verena S. chez la famille Sandrine P. \u00e0 Saint Di\u00e9 des Vosges\">[&#8230;]<\/a><\/div>\n","protected":false},"author":3,"featured_media":0,"comment_status":"open","ping_status":"open","sticky":false,"template":"","format":"standard","meta":{"_jetpack_memberships_contains_paid_content":false,"footnotes":"","_links_to":"","_links_to_target":""},"categories":[3,28,324,328,327,326],"tags":[1912,1909,1910,1911,1913],"coauthors":[],"class_list":{"0":"post-8867","1":"post","2":"type-post","3":"status-publish","4":"format-standard","6":"category-7-a-lire-actu","7":"category-autriche_pays_oc","8":"category-echange","9":"category-inscription-partie-etudiante","10":"category-inscription-partie-famille-daccueil","11":"category-temoignages","12":"tag-enrichissement-culturel","13":"tag-gentillesse","14":"tag-hospitalite","15":"tag-langus-francaise","16":"tag-linguistique"},"jetpack_featured_media_url":"","jetpack_sharing_enabled":true,"_links":{"self":[{"href":"https:\/\/www.o-p-i.fr\/7alire\/wp-json\/wp\/v2\/posts\/8867","targetHints":{"allow":["GET"]}}],"collection":[{"href":"https:\/\/www.o-p-i.fr\/7alire\/wp-json\/wp\/v2\/posts"}],"about":[{"href":"https:\/\/www.o-p-i.fr\/7alire\/wp-json\/wp\/v2\/types\/post"}],"author":[{"embeddable":true,"href":"https:\/\/www.o-p-i.fr\/7alire\/wp-json\/wp\/v2\/users\/3"}],"replies":[{"embeddable":true,"href":"https:\/\/www.o-p-i.fr\/7alire\/wp-json\/wp\/v2\/comments?post=8867"}],"version-history":[{"count":4,"href":"https:\/\/www.o-p-i.fr\/7alire\/wp-json\/wp\/v2\/posts\/8867\/revisions"}],"predecessor-version":[{"id":8889,"href":"https:\/\/www.o-p-i.fr\/7alire\/wp-json\/wp\/v2\/posts\/8867\/revisions\/8889"}],"wp:attachment":[{"href":"https:\/\/www.o-p-i.fr\/7alire\/wp-json\/wp\/v2\/media?parent=8867"}],"wp:term":[{"taxonomy":"category","embeddable":true,"href":"https:\/\/www.o-p-i.fr\/7alire\/wp-json\/wp\/v2\/categories?post=8867"},{"taxonomy":"post_tag","embeddable":true,"href":"https:\/\/www.o-p-i.fr\/7alire\/wp-json\/wp\/v2\/tags?post=8867"},{"taxonomy":"author","embeddable":true,"href":"https:\/\/www.o-p-i.fr\/7alire\/wp-json\/wp\/v2\/coauthors?post=8867"}],"curies":[{"name":"wp","href":"https:\/\/api.w.org\/{rel}","templated":true}]}}