{"id":8881,"date":"2013-04-09T20:15:51","date_gmt":"2013-04-09T18:15:51","guid":{"rendered":"\/7alire\/?p=8881"},"modified":"2013-04-09T20:16:25","modified_gmt":"2013-04-09T18:16:25","slug":"accueil-detudiantes-autrichiennes-temoignage-danna-p-sur-son-sejour-du-10-au-24-aout-2012-chez-la-famille-sylvie-et-patrick-f-a-saint-etienne-de-tulmont-82","status":"publish","type":"post","link":"https:\/\/www.o-p-i.fr\/7alire\/7-a-lire-actu\/accueil-detudiantes-autrichiennes-temoignage-danna-p-sur-son-sejour-du-10-au-24-aout-2012-chez-la-famille-sylvie-et-patrick-f-a-saint-etienne-de-tulmont-82\/","title":{"rendered":"Accueil d&rsquo;\u00e9tudiantes Autrichiennes. T\u00e9moignage d&rsquo;Anna P. sur son s\u00e9jour du 10 au 24 ao\u00fbt 2012 chez la famille Sylvie et Patrick F. \u00e0 Saint Etienne de Tulmont (82)"},"content":{"rendered":"<p style=\"text-align: justify;\">Je voudrais vous raconter  mon s\u00e9jour dans une famille tr\u00e8s sympathique \u00e0 Saint-\u00c9tienne-de-Tulmont.<\/p>\n<p style=\"text-align: justify;\">Le jour ordinaire a pass\u00e9 comme ca : le matin j\u2019ai pris le petit d\u00e9jeuner et apr\u00e8s j\u2019ai fait du v\u00e9lo avec la famille pour acheter d u pain . Durant la journ\u00e9e j\u2019ai jou\u00e9 avec les enfants, j\u2019ai lu mon livre ou fait des promenades pour pratiquer  la photographie que j &lsquo; aime. Comme il  faisait tr\u00e8s chaud , nous sommes all\u00e9s dans la piscine  plusieurs fois. Apr\u00e8s-midi j\u2019ai souvent pris un caf\u00e9 avec ma m\u00e8re d\u2019accueil et presque tous les soirs toute la famille s\u2019est rencontr\u00e9e sur la terrasse pour cueillir des haricots, car le p\u00e8re cultive  un grand jardin potager avec  beaucoup  de l\u00e9gumes. En plus nous avons pris un ap\u00e9ritif et \u00e9cout\u00e9 de la musique \u2013 ces soirs \u00e9taient super agr\u00e9ables  et ces temps me manque vraiment!<\/p>\n<p style=\"text-align: justify;\">Les parents m\u2019ont montr\u00e9 aussi la ville Montauban et ses monuments, qui \u00e9taient tr\u00e8s beaux. Par ailleurs la famille a fait beaucoup d\u2019excursions  avec  moi, par exemple \u00e0 St. Antonin-Noble-Val o\u00f9 nous nous sommes promen\u00e9s au march\u00e9 et nous avons fait un pique-nique au bord de la rivi\u00e8re de \u00ab La Bonette \u00bb ou \u00e0 Caussaude o\u00f9 nous avons visit\u00e9 un grand march\u00e9 et achet\u00e9 quelques aliments.<\/p>\n<p style=\"text-align: justify;\">Ce qui \u00e9tait le  plus formidable pour moi, c\u2019\u00e9tait notre voyage \u00e0 Argel\u00e8s-sur-Mer que la famille a organis\u00e9 pour moi.  Nous avons pris des vacances au bord de la mer pour quelques jours.  C\u2019\u00e9tait  tr\u00e8s gentil de la part de ma famille d&rsquo;accueil.<\/p>\n<p style=\"text-align: justify;\">. En plus, le dernier jour nous avons visit\u00e9 la ville Toulouse<\/p>\n<p style=\"text-align: justify;\">Comme j\u2019aime voyager et faire des rencontres, j\u2019\u00e9tais tr\u00e8s heureuse de trouver l\u2019association \u00ab Autriche et Pays D\u2019OC \u00bb et c\u2019est pourquoi j\u2019ai utilis\u00e9 cette chance pour aller en France et am\u00e9liorer ma connaissance des langues. Je pense que c\u2019\u00e9tait une chance formidable, gr\u00e2ce \u00e0 laquelle j\u2019ai b\u00e9n\u00e9fici\u00e9 beaucoup en ce qui concerne la compr\u00e9hension de la langue, le vocabulaire et la culture fran\u00e7aise. En plus, j\u2019ai gagn\u00e9 la connaissance avec une famille tr\u00e8s sympathique en France, qui me manque vraiment!<\/p>\n<p style=\"text-align: justify;\">Merci beaucoup !<\/p>\n","protected":false},"excerpt":{"rendered":"<div class=\"mh-excerpt\">Je voudrais vous raconter mon s\u00e9jour dans une famille tr\u00e8s sympathique \u00e0 Saint-\u00c9tienne-de-Tulmont. Le jour ordinaire a pass\u00e9 comme ca : le matin j\u2019ai pris le petit d\u00e9jeuner et apr\u00e8s j\u2019ai fait du v\u00e9lo avec <a class=\"mh-excerpt-more\" href=\"https:\/\/www.o-p-i.fr\/7alire\/7-a-lire-actu\/accueil-detudiantes-autrichiennes-temoignage-danna-p-sur-son-sejour-du-10-au-24-aout-2012-chez-la-famille-sylvie-et-patrick-f-a-saint-etienne-de-tulmont-82\/\" title=\"Accueil d&rsquo;\u00e9tudiantes Autrichiennes. T\u00e9moignage d&rsquo;Anna P. sur son s\u00e9jour du 10 au 24 ao\u00fbt 2012 chez la famille Sylvie et Patrick F. \u00e0 Saint Etienne de Tulmont (82)\">[&#8230;]<\/a><\/div>\n","protected":false},"author":3,"featured_media":0,"comment_status":"open","ping_status":"open","sticky":false,"template":"","format":"standard","meta":{"_jetpack_memberships_contains_paid_content":false,"footnotes":"","_links_to":"","_links_to_target":""},"categories":[3,28,324,328,326],"tags":[323,1924,331,187,533],"coauthors":[],"class_list":{"0":"post-8881","1":"post","2":"type-post","3":"status-publish","4":"format-standard","6":"category-7-a-lire-actu","7":"category-autriche_pays_oc","8":"category-echange","9":"category-inscription-partie-etudiante","10":"category-temoignages","11":"tag-accueil","12":"tag-etudiante-autrichienne","13":"tag-famille","14":"tag-rencontre","15":"tag-visite"},"jetpack_featured_media_url":"","jetpack_sharing_enabled":true,"_links":{"self":[{"href":"https:\/\/www.o-p-i.fr\/7alire\/wp-json\/wp\/v2\/posts\/8881","targetHints":{"allow":["GET"]}}],"collection":[{"href":"https:\/\/www.o-p-i.fr\/7alire\/wp-json\/wp\/v2\/posts"}],"about":[{"href":"https:\/\/www.o-p-i.fr\/7alire\/wp-json\/wp\/v2\/types\/post"}],"author":[{"embeddable":true,"href":"https:\/\/www.o-p-i.fr\/7alire\/wp-json\/wp\/v2\/users\/3"}],"replies":[{"embeddable":true,"href":"https:\/\/www.o-p-i.fr\/7alire\/wp-json\/wp\/v2\/comments?post=8881"}],"version-history":[{"count":3,"href":"https:\/\/www.o-p-i.fr\/7alire\/wp-json\/wp\/v2\/posts\/8881\/revisions"}],"predecessor-version":[{"id":8926,"href":"https:\/\/www.o-p-i.fr\/7alire\/wp-json\/wp\/v2\/posts\/8881\/revisions\/8926"}],"wp:attachment":[{"href":"https:\/\/www.o-p-i.fr\/7alire\/wp-json\/wp\/v2\/media?parent=8881"}],"wp:term":[{"taxonomy":"category","embeddable":true,"href":"https:\/\/www.o-p-i.fr\/7alire\/wp-json\/wp\/v2\/categories?post=8881"},{"taxonomy":"post_tag","embeddable":true,"href":"https:\/\/www.o-p-i.fr\/7alire\/wp-json\/wp\/v2\/tags?post=8881"},{"taxonomy":"author","embeddable":true,"href":"https:\/\/www.o-p-i.fr\/7alire\/wp-json\/wp\/v2\/coauthors?post=8881"}],"curies":[{"name":"wp","href":"https:\/\/api.w.org\/{rel}","templated":true}]}}