{"id":9356,"date":"2013-08-16T18:53:48","date_gmt":"2013-08-16T16:53:48","guid":{"rendered":"\/7alire\/?p=9356"},"modified":"2013-08-16T18:54:11","modified_gmt":"2013-08-16T16:54:11","slug":"le-patrimoine-raconte-aux-enfants-decouvre-les-pigeonniers-avec-michel-michel-lucien","status":"publish","type":"post","link":"https:\/\/www.o-p-i.fr\/7alire\/7-a-lire-actu\/le-patrimoine-raconte-aux-enfants-decouvre-les-pigeonniers-avec-michel-michel-lucien\/","title":{"rendered":"Le patrimoine racont\u00e9 aux enfants. \u00ab\u00a0D\u00e9couvre les pigeonniers avec Michel\u00a0\u00bb Michel LUCIEN"},"content":{"rendered":"<p style=\"text-align: justify;\">\n<figure id=\"attachment_9368\" aria-describedby=\"caption-attachment-9368\" style=\"width: 200px\" class=\"wp-caption alignleft\"><a href=\"https:\/\/www.o-p-i.fr\/7alire\/wp-content\/uploads\/couv-pig-enfants.jpg\"><img loading=\"lazy\" decoding=\"async\" class=\"size-full wp-image-9368\" title=\"Michel LUCIEN\" src=\"https:\/\/www.o-p-i.fr\/7alire\/wp-content\/uploads\/couv-pig-enfants.jpg\" alt=\"Michel LUCIEN\" width=\"200\" height=\"174\" \/><\/a><figcaption id=\"caption-attachment-9368\" class=\"wp-caption-text\">Michel LUCIEN<\/figcaption><\/figure>\n<p style=\"text-align: justify;\">Voila le 3\u00e8me livre sur les Pigeonniers, mais destin\u00e9 cette fois ci aux enfants.<br \/>\nEducatif et p\u00e9dagogique il explique l\u2019histoire, l&rsquo;architecture et les vari\u00e9t\u00e9s, r\u00e9pondant ainsi aux questions que peuvent se poser les jeunes lecteurs sur ces \u00ab\u00a0Maisons ou habitent les pigeons\u00a0\u00bb<br \/>\nMon projet a \u00e9t\u00e9 co-produit avec Ghislaine Pedussaut auteur qui a r\u00e9alis\u00e9 dans la m\u00eame s\u00e9rie &lsquo;Le Patrimoine racont\u00e9 aux enfants\u00a0\u00bb deux livres sur Albi et Gaillac.<br \/>\nLa page de droite comporte des photos, dessins ou gravures l\u2019ensemble expliqu\u00e9 en fran\u00e7ais au bas de la page.<br \/>\nL&rsquo;innovation se trouve sur la page de gauche car celle ci comporte la traduction en Anglais, Espagnol, Italien et Occitan des explications en Fran\u00e7ais de la page de droite.<br \/>\nCeci permet donc aux enfants d&rsquo;appr\u00e9hender les langues \u00e9trang\u00e8res.<\/p>\n<p style=\"text-align: justify;\">Dessins, aquarelles et autres timbres philat\u00e9liques viennent compl\u00e9ter cet ouvrage en papier glac\u00e9 et des rabats cartonn\u00e9s adapt\u00e9s \u00e0 la manipulation pour les enfants.<\/p>\n<p style=\"text-align: justify;\">Si vous \u00eates int\u00e9ress\u00e9s par proposer ce livre a vos lecteurs, je me tiens a votre disposition pour vous le faire d\u00e9couvrir.<\/p>\n<p style=\"text-align: justify;\"><span style=\"color: #003366;\">Format : 21&#215;24 horizontal et 28 pages.<br \/>\nImprim\u00e9 \u00e0 Gaillac dans le Tarn<\/span><\/p>\n<p><span style=\"color: #003366;\"> <\/span><\/p>\n<p style=\"text-align: justify;\"><span style=\"color: #003366;\"><em>Prix : 16\u20ac<\/em><\/span><\/p>\n<blockquote>\n<p style=\"text-align: justify;\">Vente par correspondance aupr\u00e8s de l&rsquo;<a title=\"En savoir +\" href=\"https:\/\/www.o-p-i.fr\/7alire\/auteurs-contemporains\/michel-lucien\/\" target=\"_blank\">auteur<\/a> (+1,50 \u20ac de frais de port)<\/p>\n<\/blockquote>\n","protected":false},"excerpt":{"rendered":"<div class=\"mh-excerpt\">Voila le 3\u00e8me livre sur les Pigeonniers, mais destin\u00e9 cette fois ci aux enfants. Educatif et p\u00e9dagogique il explique l\u2019histoire, l&rsquo;architecture et les vari\u00e9t\u00e9s, r\u00e9pondant ainsi aux questions que peuvent se poser les jeunes lecteurs <a class=\"mh-excerpt-more\" href=\"https:\/\/www.o-p-i.fr\/7alire\/7-a-lire-actu\/le-patrimoine-raconte-aux-enfants-decouvre-les-pigeonniers-avec-michel-michel-lucien\/\" title=\"Le patrimoine racont\u00e9 aux enfants. \u00ab\u00a0D\u00e9couvre les pigeonniers avec Michel\u00a0\u00bb Michel LUCIEN\">[&#8230;]<\/a><\/div>\n","protected":false},"author":3,"featured_media":0,"comment_status":"open","ping_status":"open","sticky":false,"template":"","format":"standard","meta":{"_jetpack_memberships_contains_paid_content":false,"footnotes":"","_links_to":"","_links_to_target":""},"categories":[178,66,3,4,456],"tags":[1486,119,124,175,176,2058],"coauthors":[],"class_list":{"0":"post-9356","1":"post","2":"type-post","3":"status-publish","4":"format-standard","6":"category--lucien-michel","7":"category-7-a-lire-pour-les-enfants","8":"category-7-a-lire-actu","9":"category-auteurs-contemporains","10":"category-genre","11":"tag-architecture","12":"tag-enfant","13":"tag-histoire","14":"tag-michel-lucien","15":"tag-pigeonnier","16":"tag-variete"},"jetpack_featured_media_url":"","jetpack_sharing_enabled":true,"_links":{"self":[{"href":"https:\/\/www.o-p-i.fr\/7alire\/wp-json\/wp\/v2\/posts\/9356","targetHints":{"allow":["GET"]}}],"collection":[{"href":"https:\/\/www.o-p-i.fr\/7alire\/wp-json\/wp\/v2\/posts"}],"about":[{"href":"https:\/\/www.o-p-i.fr\/7alire\/wp-json\/wp\/v2\/types\/post"}],"author":[{"embeddable":true,"href":"https:\/\/www.o-p-i.fr\/7alire\/wp-json\/wp\/v2\/users\/3"}],"replies":[{"embeddable":true,"href":"https:\/\/www.o-p-i.fr\/7alire\/wp-json\/wp\/v2\/comments?post=9356"}],"version-history":[{"count":4,"href":"https:\/\/www.o-p-i.fr\/7alire\/wp-json\/wp\/v2\/posts\/9356\/revisions"}],"predecessor-version":[{"id":9367,"href":"https:\/\/www.o-p-i.fr\/7alire\/wp-json\/wp\/v2\/posts\/9356\/revisions\/9367"}],"wp:attachment":[{"href":"https:\/\/www.o-p-i.fr\/7alire\/wp-json\/wp\/v2\/media?parent=9356"}],"wp:term":[{"taxonomy":"category","embeddable":true,"href":"https:\/\/www.o-p-i.fr\/7alire\/wp-json\/wp\/v2\/categories?post=9356"},{"taxonomy":"post_tag","embeddable":true,"href":"https:\/\/www.o-p-i.fr\/7alire\/wp-json\/wp\/v2\/tags?post=9356"},{"taxonomy":"author","embeddable":true,"href":"https:\/\/www.o-p-i.fr\/7alire\/wp-json\/wp\/v2\/coauthors?post=9356"}],"curies":[{"name":"wp","href":"https:\/\/api.w.org\/{rel}","templated":true}]}}