{"id":9476,"date":"2013-09-20T10:04:59","date_gmt":"2013-09-20T08:04:59","guid":{"rendered":"\/7alire\/?p=9476"},"modified":"2013-09-20T10:04:59","modified_gmt":"2013-09-20T08:04:59","slug":"sejour-d%e2%80%99ines-a-etudiante-autrichienne-chez-la-famille-jean-claude-et-anne-g-de-saint-etienne-de-tulmont-82","status":"publish","type":"post","link":"https:\/\/www.o-p-i.fr\/7alire\/occitanie\/autriche_pays_oc\/sejour-d%e2%80%99ines-a-etudiante-autrichienne-chez-la-famille-jean-claude-et-anne-g-de-saint-etienne-de-tulmont-82\/","title":{"rendered":"S\u00e9jour d\u2019INES A. \u00e9tudiante Autrichienne chez la famille Jean- Claude et Anne G. de Saint Etienne de Tulmont (82)"},"content":{"rendered":"<p style=\"text-align: justify;\">Je n\u00b4oublierai jamais ce s\u00e9jour en France. J\u00b4\u00e9tais tr\u00e8s contente de ma famille d\u00b4accueil, vu qu\u00b4ils m\u00b4ont montr\u00e9 beaucoup de lieux magnifiques dans leur r\u00e9gion.  De plus, j\u00b4ai fait la connaissance de leurs amis qui \u00e9taient tr\u00e8s sympas  et qui m\u00b4ont appris un grand nombre d\u00b4expressions idiomatiques typiques de cette r\u00e9gion. En contrepartie, je  leur ai  parl\u00e9 de mon pays &#8211; des repas typiques, de la politique, du syst\u00e8me \u00e9ducatif, etc.<br \/>\nJ\u00b4ai profit\u00e9 beaucoup de cet \u00e9change des opinions, des traditions et des particularit\u00e9s.<br \/>\nD\u2019un c\u00f4t\u00e9 j\u00b4ai vu leur mode de vie et j\u00b4ai \u00e9cout\u00e9 le langage courant dans la famille et de l\u00b4autre c\u00f4t\u00e9 j\u00b4ai r\u00e9vis\u00e9 la grammaire fran\u00e7aise dans une \u00e9cole de langues \u00e0 Toulouse.<br \/>\nConcilier les deux choses \u00e9tait parfait. En somme- ce s\u00e9jour a d\u00e9pass\u00e9 mes attentes.<\/p>\n","protected":false},"excerpt":{"rendered":"<div class=\"mh-excerpt\">Je n\u00b4oublierai jamais ce s\u00e9jour en France. J\u00b4\u00e9tais tr\u00e8s contente de ma famille d\u00b4accueil, vu qu\u00b4ils m\u00b4ont montr\u00e9 beaucoup de lieux magnifiques dans leur r\u00e9gion. De plus, j\u00b4ai fait la connaissance de leurs amis qui <a class=\"mh-excerpt-more\" href=\"https:\/\/www.o-p-i.fr\/7alire\/occitanie\/autriche_pays_oc\/sejour-d%e2%80%99ines-a-etudiante-autrichienne-chez-la-famille-jean-claude-et-anne-g-de-saint-etienne-de-tulmont-82\/\" title=\"S\u00e9jour d\u2019INES A. \u00e9tudiante Autrichienne chez la famille Jean- Claude et Anne G. de Saint Etienne de Tulmont (82)\">[&#8230;]<\/a><\/div>\n","protected":false},"author":3,"featured_media":0,"comment_status":"open","ping_status":"open","sticky":false,"template":"","format":"standard","meta":{"_jetpack_memberships_contains_paid_content":false,"footnotes":"","_links_to":"","_links_to_target":""},"categories":[28,324,326],"tags":[323,334,333,331,2097,2098,551],"coauthors":[],"class_list":{"0":"post-9476","1":"post","2":"type-post","3":"status-publish","4":"format-standard","6":"category-autriche_pays_oc","7":"category-echange","8":"category-temoignages","9":"tag-accueil","10":"tag-autriche","11":"tag-etudiante","12":"tag-famille","13":"tag-opinion","14":"tag-particularite","15":"tag-tradition"},"jetpack_featured_media_url":"","jetpack_sharing_enabled":true,"_links":{"self":[{"href":"https:\/\/www.o-p-i.fr\/7alire\/wp-json\/wp\/v2\/posts\/9476","targetHints":{"allow":["GET"]}}],"collection":[{"href":"https:\/\/www.o-p-i.fr\/7alire\/wp-json\/wp\/v2\/posts"}],"about":[{"href":"https:\/\/www.o-p-i.fr\/7alire\/wp-json\/wp\/v2\/types\/post"}],"author":[{"embeddable":true,"href":"https:\/\/www.o-p-i.fr\/7alire\/wp-json\/wp\/v2\/users\/3"}],"replies":[{"embeddable":true,"href":"https:\/\/www.o-p-i.fr\/7alire\/wp-json\/wp\/v2\/comments?post=9476"}],"version-history":[{"count":3,"href":"https:\/\/www.o-p-i.fr\/7alire\/wp-json\/wp\/v2\/posts\/9476\/revisions"}],"predecessor-version":[{"id":9492,"href":"https:\/\/www.o-p-i.fr\/7alire\/wp-json\/wp\/v2\/posts\/9476\/revisions\/9492"}],"wp:attachment":[{"href":"https:\/\/www.o-p-i.fr\/7alire\/wp-json\/wp\/v2\/media?parent=9476"}],"wp:term":[{"taxonomy":"category","embeddable":true,"href":"https:\/\/www.o-p-i.fr\/7alire\/wp-json\/wp\/v2\/categories?post=9476"},{"taxonomy":"post_tag","embeddable":true,"href":"https:\/\/www.o-p-i.fr\/7alire\/wp-json\/wp\/v2\/tags?post=9476"},{"taxonomy":"author","embeddable":true,"href":"https:\/\/www.o-p-i.fr\/7alire\/wp-json\/wp\/v2\/coauthors?post=9476"}],"curies":[{"name":"wp","href":"https:\/\/api.w.org\/{rel}","templated":true}]}}