{"id":9598,"date":"2013-10-09T19:30:00","date_gmt":"2013-10-09T17:30:00","guid":{"rendered":"\/7alire\/?p=9598"},"modified":"2013-10-10T20:01:12","modified_gmt":"2013-10-10T18:01:12","slug":"la-belugueta-de-tgoc-vous-informe-bals-occitans-avec-le-groupe-sem-daici","status":"publish","type":"post","link":"https:\/\/www.o-p-i.fr\/7alire\/7-a-lire-actu\/la-belugueta-de-tgoc-vous-informe-bals-occitans-avec-le-groupe-sem-daici\/","title":{"rendered":"La belugueta de TG&rsquo;OC vous informe : bals occitans avec le groupe S\u00e8m d&rsquo;a\u00efci"},"content":{"rendered":"<figure id=\"attachment_9617\" aria-describedby=\"caption-attachment-9617\" style=\"width: 90px\" class=\"wp-caption alignright\"><a href=\"https:\/\/www.o-p-i.fr\/7alire\/wp-content\/uploads\/logo-tgoc.jpg\"><img loading=\"lazy\" decoding=\"async\" class=\"size-full wp-image-9617 \" title=\"TG'OC\" src=\"https:\/\/www.o-p-i.fr\/7alire\/wp-content\/uploads\/logo-tgoc.jpg\" alt=\"TG'OC\" width=\"90\" height=\"61\" \/><\/a><figcaption id=\"caption-attachment-9617\" class=\"wp-caption-text\">TG&#39;OC<\/figcaption><\/figure>\n<p>Prochains bals du  groupe de musiques traditionnelles d\u2019Occitanie \u00ab S\u00c8M D\u2019AICI \u00bb<\/p>\n<div class=\"mceTemp\">\n<dl id=\"attachment_9607\" class=\"wp-caption alignright\" style=\"width: 220px;\">\n<dt class=\"wp-caption-dt\"><a href=\"https:\/\/www.o-p-i.fr\/7alire\/wp-content\/uploads\/semdaici.jpg\"><img loading=\"lazy\" decoding=\"async\" class=\"size-medium wp-image-9607\" title=\"Dansez 100 % trad avec \u00ab S\u00e8m d\u2019aici \u00bb Musiques traditionnelles d\u2019ici et d\u2019ailleurs\u2026.\" src=\"https:\/\/www.o-p-i.fr\/7alire\/wp-content\/uploads\/semdaici-210x300.jpg\" alt=\"Dansez 100 % trad avec \u00ab S\u00e8m d\u2019aici \u00bb Musiques traditionnelles d\u2019ici et d\u2019ailleurs\u2026.\" width=\"210\" height=\"300\" srcset=\"https:\/\/www.o-p-i.fr\/7alire\/wp-content\/uploads\/semdaici-210x300.jpg 210w, https:\/\/www.o-p-i.fr\/7alire\/wp-content\/uploads\/semdaici.jpg 500w\" sizes=\"auto, (max-width: 210px) 100vw, 210px\" \/><\/a> \u00ab S\u00e8m d\u2019aici \u00bb Musiques traditionnelles d\u2019ici et d\u2019ailleurs\u2026.<\/dt>\n<\/dl>\n<\/div>\n<p>SAINT SULPICE (81) le samedi 12 octobre<br \/>\nBal Occitan avec \u00ab S\u00c8M D\u2019AICI \u00bb \u00e0 21 h<br \/>\nSalle Ren\u00e9 Cassin, Place Jean Jaur\u00e8s<br \/>\nRenseignements : M J C de Saint Sulpice : 05.63.40.01.15<\/p>\n<p>CASTANET (31) Vendredi 18 octobre<br \/>\nBal Occitan avec \u00ab S\u00c8M D\u2019AICI \u00bb \u00e0 21 h<br \/>\nRenseignements : Christelle Louvet : 05 61 27 92 47, <a href=\"mailto:louvet.christelle@neuf.fr\">louvet.christelle@neuf.fr<\/a><\/p>\n<p>PAMIERS (09) Samedi 16 novembre 2013<br \/>\nBal Occitan avec \u00ab S\u00c8M D\u2019AICI \u00bb \u00e0 21 h<br \/>\nRenseignements : Cercle Occitan de Pamiers : 05.61.69.60.96<\/p>\n<p>LABARTHE (82) Samedi 30 novembre<br \/>\nBal Occitan avec \u00ab S\u00c8M D\u2019AICI \u00bb \u00e0 21 h<br \/>\nRenseignements : Labarthe Amiti\u00e9s Danses : 06.21.65.31.76<\/p>\n<p>REALVILLE (82) Vendredi 13 d\u00e9cembre<br \/>\nBal Occitan avec \u00ab S\u00c8M D\u2019AICI \u00bb \u00e0 21 h en soutien au CCFD Salle des F\u00eates<br \/>\nRenseignements : Agn\u00e8s : 05.63.66.69.44<\/p>\n<p>LESCURE D\u2019ALBIGEOIS (81) Dimanche 8 d\u00e9cembre 2013<br \/>\nBal Occitan avec \u00ab S\u00c8M D\u2019AICI \u00bb \u00e0 15 h en soutien au T\u00e9l\u00e9thon<br \/>\nRenseignements : Lescure Occitan : 05 63 55 12 73<\/p>\n<p>MONCLAR DE QUERCY (82) Mardi 31 d\u00e9cembre 2013<br \/>\n11\u00e8me R\u00e9veillon Trad Occitan (bal occitan et r\u00e9veillon partage) avec \u00ab S\u00c8M D\u2019AICI \u00bb d\u00e8s 21 h<br \/>\nR\u00e9servation : Jeannine ASTORG : 05.63.30.97.39 ou <a href=\"mailto:rene.astorg@orange.fr\">rene.astorg@orange.fr<\/a><\/p>\n","protected":false},"excerpt":{"rendered":"<div class=\"mh-excerpt\">Prochains bals du groupe de musiques traditionnelles d\u2019Occitanie \u00ab S\u00c8M D\u2019AICI \u00bb \u00ab S\u00e8m d\u2019aici \u00bb Musiques traditionnelles d\u2019ici et d\u2019ailleurs\u2026. SAINT SULPICE (81) le samedi 12 octobre Bal Occitan avec \u00ab S\u00c8M D\u2019AICI \u00bb <a class=\"mh-excerpt-more\" href=\"https:\/\/www.o-p-i.fr\/7alire\/7-a-lire-actu\/la-belugueta-de-tgoc-vous-informe-bals-occitans-avec-le-groupe-sem-daici\/\" title=\"La belugueta de TG&rsquo;OC vous informe : bals occitans avec le groupe S\u00e8m d&rsquo;a\u00efci\">[&#8230;]<\/a><\/div>\n","protected":false},"author":3,"featured_media":0,"comment_status":"open","ping_status":"open","sticky":false,"template":"","format":"standard","meta":{"_jetpack_memberships_contains_paid_content":false,"footnotes":"","_links_to":"","_links_to_target":""},"categories":[3,267,266,1189,26,10,12],"tags":[350,8,790,1222],"coauthors":[],"class_list":{"0":"post-9598","1":"post","2":"type-post","3":"status-publish","4":"format-standard","6":"category-7-a-lire-actu","7":"category-7-a-savoir-ont-anar","8":"category-activites-occitanes","9":"category-la-belugueta-de-tgoc","10":"category-journal_passionnes","11":"category-occitanie","12":"category-tarn-e-garona-occitan","13":"tag-bal","14":"tag-occitan","15":"tag-sem-daici","16":"tag-traditionnel"},"jetpack_featured_media_url":"","jetpack_sharing_enabled":true,"_links":{"self":[{"href":"https:\/\/www.o-p-i.fr\/7alire\/wp-json\/wp\/v2\/posts\/9598","targetHints":{"allow":["GET"]}}],"collection":[{"href":"https:\/\/www.o-p-i.fr\/7alire\/wp-json\/wp\/v2\/posts"}],"about":[{"href":"https:\/\/www.o-p-i.fr\/7alire\/wp-json\/wp\/v2\/types\/post"}],"author":[{"embeddable":true,"href":"https:\/\/www.o-p-i.fr\/7alire\/wp-json\/wp\/v2\/users\/3"}],"replies":[{"embeddable":true,"href":"https:\/\/www.o-p-i.fr\/7alire\/wp-json\/wp\/v2\/comments?post=9598"}],"version-history":[{"count":8,"href":"https:\/\/www.o-p-i.fr\/7alire\/wp-json\/wp\/v2\/posts\/9598\/revisions"}],"predecessor-version":[{"id":9602,"href":"https:\/\/www.o-p-i.fr\/7alire\/wp-json\/wp\/v2\/posts\/9598\/revisions\/9602"}],"wp:attachment":[{"href":"https:\/\/www.o-p-i.fr\/7alire\/wp-json\/wp\/v2\/media?parent=9598"}],"wp:term":[{"taxonomy":"category","embeddable":true,"href":"https:\/\/www.o-p-i.fr\/7alire\/wp-json\/wp\/v2\/categories?post=9598"},{"taxonomy":"post_tag","embeddable":true,"href":"https:\/\/www.o-p-i.fr\/7alire\/wp-json\/wp\/v2\/tags?post=9598"},{"taxonomy":"author","embeddable":true,"href":"https:\/\/www.o-p-i.fr\/7alire\/wp-json\/wp\/v2\/coauthors?post=9598"}],"curies":[{"name":"wp","href":"https:\/\/api.w.org\/{rel}","templated":true}]}}