{"id":9704,"date":"2013-10-30T20:57:27","date_gmt":"2013-10-30T18:57:27","guid":{"rendered":"\/7alire\/?p=9704"},"modified":"2013-10-30T21:01:02","modified_gmt":"2013-10-30T19:01:02","slug":"le-5ieme-salon-du-livre-et-de-la-bd-se-prepare-activement-a-negrepelisse-82-pourquoi-les-organisateurs-ont-confiance","status":"publish","type":"post","link":"https:\/\/www.o-p-i.fr\/7alire\/7-a-lire-actu\/salon-du-livre-7-a-lire-actu\/le-5ieme-salon-du-livre-et-de-la-bd-se-prepare-activement-a-negrepelisse-82-pourquoi-les-organisateurs-ont-confiance\/","title":{"rendered":"Le 5i\u00e8me salon du livre et de la BD se pr\u00e9pare activement \u00e0 N\u00e8grepelisse (82). Pourquoi les organisateurs ont confiance !"},"content":{"rendered":"<p style=\"text-align: justify;\">\n<figure id=\"attachment_9705\" aria-describedby=\"caption-attachment-9705\" style=\"width: 300px\" class=\"wp-caption alignright\"><a href=\"https:\/\/www.o-p-i.fr\/7alire\/wp-content\/uploads\/rl-nvf-astruc.jpg\"><img loading=\"lazy\" decoding=\"async\" class=\"size-medium wp-image-9705\" title=\"Robert Linas et Nadyne Vern Frouillou dans le bureau de Christian Astruc, Vice Pr\u00e9sident du Conseil G\u00e9n\u00e9ral.\" src=\"https:\/\/www.o-p-i.fr\/7alire\/wp-content\/uploads\/rl-nvf-astruc-300x225.jpg\" alt=\"Robert Linas et Nadyne Vern Frouillou dans le bureau de Christian Astruc, Vice Pr\u00e9sident du Conseil G\u00e9n\u00e9ral.\" width=\"300\" height=\"225\" srcset=\"https:\/\/www.o-p-i.fr\/7alire\/wp-content\/uploads\/rl-nvf-astruc-300x225.jpg 300w, https:\/\/www.o-p-i.fr\/7alire\/wp-content\/uploads\/rl-nvf-astruc.jpg 320w\" sizes=\"auto, (max-width: 300px) 100vw, 300px\" \/><\/a><figcaption id=\"caption-attachment-9705\" class=\"wp-caption-text\">Robert Linas et Nadyne Vern Frouillou dans le bureau de Christian Astruc, Vice Pr\u00e9sident du Conseil G\u00e9n\u00e9ral.<\/figcaption><\/figure>\n<p style=\"text-align: justify;\">Le succ\u00e8s des pr\u00e9c\u00e9dentes \u00e9ditions et l&rsquo;ambiance conviviale de notre salon en fait l&rsquo;un des plus appr\u00e9ci\u00e9s de la r\u00e9gion, et m\u00eame du grand sud. Comment se miracle a &lsquo;t il pu se produire ?  Un salon est une histoire d&rsquo;amour. Tout d&rsquo;abord, une histoire d&rsquo;amour entre les organisateurs et la ville qui accueille le salon. Un amour qui n&rsquo;a jamais \u00e9t\u00e9 codifi\u00e9 mais il se traduit par une attention r\u00e9ciproque, une envie de bien faire, par la passion commune de r\u00e9ussir car les auteurs repr\u00e9sentant la culture de proximit\u00e9 m\u00e9ritent bien cette attention, eux qui accompagnent nos r\u00eaves tout en mettant en valeur nos atouts, notre sp\u00e9cificit\u00e9.<\/p>\n<p style=\"text-align: justify;\">Un salon du livre d&rsquo;auteurs, h\u00e9las m\u00e9connus, est un lieu convivial , une biblioth\u00e8que vivante \u00e9tonnante, tr\u00e8s vari\u00e9e et d&rsquo;une qualit\u00e9 insoup\u00e7onn\u00e9e.<\/p>\n<p style=\"text-align: justify;\">L&rsquo;entr\u00e9e est gratuite et, <strong>dimanche 2 mars 2014<\/strong>, je vous y accueillerai avec tout l&rsquo;amour que je porte aux relations humaines et au respect de l&rsquo;\u00e9crit que vous trouverez s\u00fbrement \u00e0 votre go\u00fbt.<\/p>\n<p style=\"text-align: justify;\">Aidons les auteurs de nos salons, encourageons les organisateurs d&rsquo;ici et d&rsquo;ailleurs, la concurrence est difficile, dans nos librairies on trouve plus d&rsquo;auteurs am\u00e9ricains que des fran\u00e7ais ou d&rsquo;occitans&#8230;..\u00a0 et ne parlons pas du soutien m\u00e9diatique des journaux et des TV, o\u00f9 va t-il ? Jamais vers l&rsquo;auteur de nos salons.<\/p>\n<p style=\"text-align: justify;\">Je tiens donc \u00e0 remercier les auteurs pour leur d\u00e9vouement, leurs efforts qui, en acceptant que les frais soient sup\u00e9rieurs \u00e0 la recette, participent avec beaucoup de gentillesse et de comp\u00e9tence \u00e0 nos salons du livre et de la BD.<\/p>\n<p style=\"text-align: justify;\">Que le r\u00eave puisse continuer car un salon du livre et de la BD, c&rsquo;est un beau roman, ,une belle histoire&#8230;.. et nous pr\u00e9parons activement le 5i\u00e8me chapitre du dimanche 2 mars 2014.  7<\/p>\n<p style=\"text-align: justify;\">Bienvenue aux b\u00e9n\u00e9voles qui souhaiteraient s&rsquo;associer \u00e0 cette \u0153uvre simple et prestigieuse \u00e0 la fois.<\/p>\n<p style=\"text-align: justify;\">Merci \u00e0 la municipalit\u00e9 pour son pr\u00e9cieux soutien. Merci \u00e9galement au Conseil G\u00e9n\u00e9ral de Tarn et Garonne et au Conseil R\u00e9gional de Midi-Pyr\u00e9n\u00e9es qui ont su appr\u00e9cier la qualit\u00e9 de la manifestation \u00e0 sa juste valeur.<\/p>\n<p style=\"text-align: justify;\"><span style=\"color: #99cc00;\"><strong>Contact :<\/strong><\/span><br \/>\nCourriel : <a href=\"mailto:journalrobert@wanadoo.fr\">journalrobert@wanadoo.fr<\/a>&#8211; T\u00e9l. :\u00a0  06 71 00 29 25<\/p>\n<p style=\"text-align: justify;\">Pour une participation en occitan, contactez TG&rsquo;OC au 06 13 59 38 64<\/p>\n","protected":false},"excerpt":{"rendered":"<div class=\"mh-excerpt\">Le succ\u00e8s des pr\u00e9c\u00e9dentes \u00e9ditions et l&rsquo;ambiance conviviale de notre salon en fait l&rsquo;un des plus appr\u00e9ci\u00e9s de la r\u00e9gion, et m\u00eame du grand sud. Comment se miracle a &lsquo;t il pu se produire ? <a class=\"mh-excerpt-more\" href=\"https:\/\/www.o-p-i.fr\/7alire\/7-a-lire-actu\/salon-du-livre-7-a-lire-actu\/le-5ieme-salon-du-livre-et-de-la-bd-se-prepare-activement-a-negrepelisse-82-pourquoi-les-organisateurs-ont-confiance\/\" title=\"Le 5i\u00e8me salon du livre et de la BD se pr\u00e9pare activement \u00e0 N\u00e8grepelisse (82). Pourquoi les organisateurs ont confiance !\">[&#8230;]<\/a><\/div>\n","protected":false},"author":2,"featured_media":0,"comment_status":"open","ping_status":"open","sticky":false,"template":"","format":"standard","meta":{"_jetpack_memberships_contains_paid_content":false,"footnotes":"","_links_to":"","_links_to_target":""},"categories":[14,264],"tags":[305,9],"coauthors":[],"class_list":{"0":"post-9704","1":"post","2":"type-post","3":"status-publish","4":"format-standard","6":"category-salon-du-livre-7-a-lire-actu","7":"category-salon-du-livre-7-a-lire","8":"tag-negrepelisse","9":"tag-salon-du-livre"},"jetpack_featured_media_url":"","jetpack_sharing_enabled":true,"_links":{"self":[{"href":"https:\/\/www.o-p-i.fr\/7alire\/wp-json\/wp\/v2\/posts\/9704","targetHints":{"allow":["GET"]}}],"collection":[{"href":"https:\/\/www.o-p-i.fr\/7alire\/wp-json\/wp\/v2\/posts"}],"about":[{"href":"https:\/\/www.o-p-i.fr\/7alire\/wp-json\/wp\/v2\/types\/post"}],"author":[{"embeddable":true,"href":"https:\/\/www.o-p-i.fr\/7alire\/wp-json\/wp\/v2\/users\/2"}],"replies":[{"embeddable":true,"href":"https:\/\/www.o-p-i.fr\/7alire\/wp-json\/wp\/v2\/comments?post=9704"}],"version-history":[{"count":3,"href":"https:\/\/www.o-p-i.fr\/7alire\/wp-json\/wp\/v2\/posts\/9704\/revisions"}],"predecessor-version":[{"id":9707,"href":"https:\/\/www.o-p-i.fr\/7alire\/wp-json\/wp\/v2\/posts\/9704\/revisions\/9707"}],"wp:attachment":[{"href":"https:\/\/www.o-p-i.fr\/7alire\/wp-json\/wp\/v2\/media?parent=9704"}],"wp:term":[{"taxonomy":"category","embeddable":true,"href":"https:\/\/www.o-p-i.fr\/7alire\/wp-json\/wp\/v2\/categories?post=9704"},{"taxonomy":"post_tag","embeddable":true,"href":"https:\/\/www.o-p-i.fr\/7alire\/wp-json\/wp\/v2\/tags?post=9704"},{"taxonomy":"author","embeddable":true,"href":"https:\/\/www.o-p-i.fr\/7alire\/wp-json\/wp\/v2\/coauthors?post=9704"}],"curies":[{"name":"wp","href":"https:\/\/api.w.org\/{rel}","templated":true}]}}