{"id":9749,"date":"2022-02-13T00:11:02","date_gmt":"2022-02-12T22:11:02","guid":{"rendered":"\/7alire\/?p=9749"},"modified":"2022-03-05T10:17:51","modified_gmt":"2022-03-05T08:17:51","slug":"roger-cavalie-biographie","status":"publish","type":"post","link":"https:\/\/www.o-p-i.fr\/7alire\/cavalie-roger-2\/roger-cavalie-biographie\/","title":{"rendered":"Roger CAVALI\u00c9. Biographie Bibliographie"},"content":{"rendered":"<figure id=\"attachment_9758\" aria-describedby=\"caption-attachment-9758\" style=\"width: 425px\" class=\"wp-caption alignleft\"><a href=\"https:\/\/www.o-p-i.fr\/7alire\/wp-content\/uploads\/roger_cavalie.jpg\"><img loading=\"lazy\" decoding=\"async\" class=\"wp-image-9758\" title=\"Roger CAVALI\u00c9\" src=\"https:\/\/www.o-p-i.fr\/7alire\/wp-content\/uploads\/roger_cavalie.jpg\" alt=\"Roger CAVALI\u00c9\" width=\"425\" height=\"439\" \/><\/a><figcaption id=\"caption-attachment-9758\" class=\"wp-caption-text\">Roger CAVALI\u00c9<\/figcaption><\/figure>\n<p>Par quel chemin suis-je venu \u00e0 votre rencontre ?<\/p>\n<p style=\"text-align: justify;\">En 1938, le secr\u00e9taire de mairie de Sauvagnas, une petite commune rurale du Lot-et-Garonne de 300 habitants, note dans le registre d\u2019\u00e9tat civil que le 14 mai, \u00e0 11h30, Roger Georges CAVALI\u00c9 est venu majorer d\u2019une unit\u00e9 la population fran\u00e7aise du moment estim\u00e9e \u00e0 environ 41 500 000 \u00e2mes.<br \/>\nJe faisais d\u00e9sormais partie de ce monde.<\/p>\n<p style=\"text-align: justify;\">D\u00e8s mes 4 ans, je n\u2019\u00e9chappe pas aux contraintes de l\u2019\u00e9poque qui provoqueraient aujourd\u2019hui une saturation de la ligne t\u00e9l\u00e9phonique 119 : chaque jour de classe, qu\u2019il vente, qu\u2019il pleuve ou qu\u2019il g\u00e8le, je chausse mes galoches et me rends \u00e0 pied \u00e0 l\u2019\u00e9cole communale distante de deux kilom\u00e8tres de la ferme de mes parents.<\/p>\n<p style=\"text-align: justify;\">\u00c0 12 ans, je suis admis au concours d\u2019entr\u00e9e au Cours Compl\u00e9mentaire de gar\u00e7ons du chef lieu du d\u00e9partement, le Cours Compl\u00e9mentaire Jasmin \u00e0 Agen. Eh oui ! L\u2019entr\u00e9e en 6\u00e8me se faisait alors sur concours !<\/p>\n<p style=\"text-align: justify;\">\u00c0 17 ans, toujours sur concours, j\u2019int\u00e8gre l\u2019\u00c9cole Normale d\u2019instituteurs du Lot-et-Garonne puis, apr\u00e8s mon mariage et le service militaire, j\u2019occupe un poste dans une classe unique en France m\u00e9tropolitaine. Ensuite, j\u2019exerce durant 8 ans en coop\u00e9ration en Alg\u00e9rie o\u00f9 naissent, en 1967, mes filles jumelles, puis 3 ans en d\u00e9tachement aux \u00eeles Loyaut\u00e9 (Nouvelle-Cal\u00e9donie), un an \u00e0 Tadjoura ( en Territoire Fran\u00e7ais des Afars et des Issas), et deux ans \u00e0 Djibouti.<\/p>\n<p style=\"text-align: justify;\">En 1978, encore sur concours, j\u2019int\u00e8gre le corps des inspecteurs d\u00e9partementaux de l\u2019\u00c9ducation Nationale et je suis affect\u00e9 pendant 3 ans en M\u00e9tropole avant d\u2019aller go\u00fbter \u00e0 la douceur des aliz\u00e9s des Iles-Sous-Le-Vent (Polyn\u00e9sie fran\u00e7aise).<\/p>\n<p style=\"text-align: justify;\">Enfin, \u00ab heureux qui, comme Ulysse, a fait un beau voyage\u2026 et puis est retourn\u00e9, plein d\u2019usage et raison (je n\u2019ai personnellement pas cette pr\u00e9tention) Vivre entre ses parents le reste de son \u00e2ge !\u00bb, j\u2019ai rejoint le Tarn-et-Garonne o\u00f9 j\u2019ai termin\u00e9 ma carri\u00e8re et pris une retraite que j\u2019estimais bien m\u00e9rit\u00e9e apr\u00e8s avoir r\u00e9dig\u00e9 des milliers de rapports d\u2019inspection.<\/p>\n<p style=\"text-align: justify;\">Que nenni ! C\u2019\u00e9tait sans compter avec mon environnement familial et mes amis !<br \/>\n\u00ab Tu devrais maintenant \u00e9crire pour le plaisir ! \u00c9cris donc un livre ! \u00bb me r\u00e9p\u00e9taient-ils.<br \/>\nJ\u2019ai fini par les \u00e9couter et j\u2019ai \u00e9crit \u00ab Le Vieux Cartable \u00bb que les \u00c9ditions De Bor\u00e9e m\u2019ont fait l\u2019honneur de publier.<\/p>\n<p style=\"text-align: justify;\">\u00c0 vous de me dire si j\u2019ai bien fait de les \u00e9couter et si l\u2019\u00e9diteur a \u00e9t\u00e9 perspicace dans son choix.<\/p>\n<h4><span style=\"color: #ff0000;\">Bibliographie:<\/span><\/h4>\n<ul>\n<li><strong>\u00a0<\/strong><a href=\"https:\/\/www.o-p-i.fr\/7alire\/7-a-lire-actu\/lecole-des-chagrins-roman-de-roger-cavalie\/\" target=\"_blank\" rel=\"noopener noreferrer\"><strong>L\u2019\u00c9cole des chagrins\u00a0 <\/strong>roman,\u00a0 <em>2018 \u00c9ditions De Bor\u00e9e. (Premier prix du roman du terroir au salon de Mazamet 2019).<\/em><\/a><\/li>\n<li><a href=\"https:\/\/www.o-p-i.fr\/7alire\/7-a-lire-actu\/julien-linsoumis-roger-cavalie\/\" target=\"_blank\" rel=\"noopener noreferrer\"><strong>\u00ab\u00a0Julien l&rsquo;insoumis\u00a0\u00bb<\/strong> <span style=\"color: #003366;\"><em>2016 &#8211; \u00c9ditions De Bor\u00e9e<\/em><\/span><\/a><\/li>\n<li><a href=\"https:\/\/www.o-p-i.fr\/7alire\/7-a-lire-actu\/le-vieux-cartable-roman-de-roger-cavalie-editions-de-boree\/\" target=\"_blank\" rel=\"noopener noreferrer\"><strong>Le Vieux Cartable<\/strong>. roman\u00a0 <em>2013<\/em> <em>\u00c9ditions De Bor\u00e9e, (Premiers prix du roman aux salons de Figeac et de Mazamet en 2014).<\/em><\/a><\/li>\n<\/ul>\n<p>&nbsp;<\/p>\n<p style=\"text-align: justify;\"><span style=\"color: #99cc00;\"><strong>Contact :<\/strong><\/span><\/p>\n<p style=\"text-align: justify;\">T\u00e9l. Fixe :\u00a0 05 81 52 27 97<br \/>\nT\u00e9l. Port. : 06 76 52 41 70<\/p>\n<p style=\"text-align: justify;\">Courriel : <a href=\"mailto:cavalieroger140538@yahoo.fr\">cavalieroger140538@yahoo.fr<\/a><\/p>\n<p style=\"text-align: justify;\">Blog : <a title=\"Ouvre le site dans une nouvelle fen\u00eatre\" href=\"http:\/\/roger-georges-cavalie.overblog.com\" target=\"_blank\" rel=\"noopener noreferrer\">http:\/\/roger-georges-cavalie.overblog.com<\/a><\/p>\n","protected":false},"excerpt":{"rendered":"<div class=\"mh-excerpt\">Par quel chemin suis-je venu \u00e0 votre rencontre ? En 1938, le secr\u00e9taire de mairie de Sauvagnas, une petite commune rurale du Lot-et-Garonne de 300 habitants, note dans le registre d\u2019\u00e9tat civil que le 14 <a class=\"mh-excerpt-more\" href=\"https:\/\/www.o-p-i.fr\/7alire\/cavalie-roger-2\/roger-cavalie-biographie\/\" title=\"Roger CAVALI\u00c9. Biographie Bibliographie\">[&#8230;]<\/a><\/div>\n","protected":false},"author":3,"featured_media":0,"comment_status":"open","ping_status":"open","sticky":false,"template":"","format":"standard","meta":{"_jetpack_memberships_contains_paid_content":false,"footnotes":"","_links_to":"","_links_to_target":""},"categories":[5097],"tags":[206,2188,2186,2185,2187,1708,2189,521,1597,2184],"coauthors":[],"class_list":{"0":"post-9749","1":"post","2":"type-post","3":"status-publish","4":"format-standard","6":"category-cavalie-roger-2","7":"tag-algerie","8":"tag-cooperation","9":"tag-cours-complementaire","10":"tag-ecole-communale","11":"tag-ecole-normale","12":"tag-ecrire","13":"tag-education-nationale","14":"tag-inspecteur","15":"tag-retraite","16":"tag-roger-cavalie"},"jetpack_featured_media_url":"","jetpack_sharing_enabled":true,"_links":{"self":[{"href":"https:\/\/www.o-p-i.fr\/7alire\/wp-json\/wp\/v2\/posts\/9749","targetHints":{"allow":["GET"]}}],"collection":[{"href":"https:\/\/www.o-p-i.fr\/7alire\/wp-json\/wp\/v2\/posts"}],"about":[{"href":"https:\/\/www.o-p-i.fr\/7alire\/wp-json\/wp\/v2\/types\/post"}],"author":[{"embeddable":true,"href":"https:\/\/www.o-p-i.fr\/7alire\/wp-json\/wp\/v2\/users\/3"}],"replies":[{"embeddable":true,"href":"https:\/\/www.o-p-i.fr\/7alire\/wp-json\/wp\/v2\/comments?post=9749"}],"version-history":[{"count":14,"href":"https:\/\/www.o-p-i.fr\/7alire\/wp-json\/wp\/v2\/posts\/9749\/revisions"}],"predecessor-version":[{"id":22508,"href":"https:\/\/www.o-p-i.fr\/7alire\/wp-json\/wp\/v2\/posts\/9749\/revisions\/22508"}],"wp:attachment":[{"href":"https:\/\/www.o-p-i.fr\/7alire\/wp-json\/wp\/v2\/media?parent=9749"}],"wp:term":[{"taxonomy":"category","embeddable":true,"href":"https:\/\/www.o-p-i.fr\/7alire\/wp-json\/wp\/v2\/categories?post=9749"},{"taxonomy":"post_tag","embeddable":true,"href":"https:\/\/www.o-p-i.fr\/7alire\/wp-json\/wp\/v2\/tags?post=9749"},{"taxonomy":"author","embeddable":true,"href":"https:\/\/www.o-p-i.fr\/7alire\/wp-json\/wp\/v2\/coauthors?post=9749"}],"curies":[{"name":"wp","href":"https:\/\/api.w.org\/{rel}","templated":true}]}}