{"id":11078,"date":"2021-11-24T18:00:33","date_gmt":"2021-11-24T17:00:33","guid":{"rendered":"\/aupays\/?p=11078"},"modified":"2022-03-02T14:52:31","modified_gmt":"2022-03-02T13:52:31","slug":"gaec-lou-pais-bio","status":"publish","type":"post","link":"https:\/\/www.o-p-i.fr\/aupays\/vie-des-communes\/vie-a-montgaillard\/gaec-lou-pais-bio\/","title":{"rendered":"GAEC Lou Pais Bio"},"content":{"rendered":"<h2 style=\"text-align: center;\"><span style=\"color: #800080;\">Produits de la Ferme<\/span><\/h2>\n<ul style=\"text-align: center;\">\n<li>\n<h3><em><span style=\"color: #800080;\">Farine de bl\u00e9, bl\u00e9s anciens, \u00e9peautre, petit-\u00e9peautre, sarrasin et seigle<\/span><\/em><\/h3>\n<\/li>\n<li>\n<h3><em><span style=\"color: #800080;\">Lentilles et pomme de terre<\/span><\/em><\/h3>\n<\/li>\n<li><\/li>\n<\/ul>\n<h3 style=\"text-align: center;\"><strong><span style=\"color: #ff6600;\"><a class=\"C-8\" style=\"color: #ff6600;\" href=\"http:\/\/alalumieredujour.com\/page258.html\">Voir nos tarifs<\/a><\/span><\/strong><\/h3>\n<h4 style=\"text-align: center;\"><span style=\"color: #ff6600;\">Vente \u00e0 la ferme sur rendez-vous<\/span><\/h4>\n<p>&nbsp;<\/p>\n<h3 style=\"text-align: center;\"><span style=\"color: #008000;\"> <strong>Contact:<\/strong><\/span><\/h3>\n<p style=\"text-align: center;\"><span style=\"color: #0000ff;\"><strong>Pierre-Alain et Jasmine GIBERT <\/strong><\/span><\/p>\n<p style=\"text-align: center;\"><span style=\"color: #99cc00;\"><strong>Adresse : <\/strong><\/span><br \/>\n<span style=\"color: #0000ff;\">253 Grand Rue<\/span><br \/>\n<span style=\"color: #0000ff;\">81630 MONTGAILLARD<\/span><\/p>\n<p style=\"text-align: center;\"><span style=\"color: #99cc00;\"><strong>T\u00e9l. :<\/strong><\/span> <span style=\"color: #0000ff;\">06 45 12 40 41 \/ 06 33 85 64 77<\/span><\/p>\n<p style=\"text-align: center;\"><span style=\"color: #99cc00;\"><strong>Courriel : <\/strong><\/span><a href=\"mailto:loupaisbio@hotmail.fr\">loupaisbio@hotmail.fr<\/a><br \/>\n________________________________________________<\/p>\n<h3 style=\"text-align: center;\"><\/h3>\n<h4 style=\"text-align: center;\"><\/h4>\n<h2 style=\"text-align: center;\"><\/h2>\n<ul>\n<li><\/li>\n<\/ul>\n","protected":false},"excerpt":{"rendered":"<div class=\"mh-excerpt\">Production de farines biologiques \u00e0 partir des c\u00e9r\u00e9ales de la ferme.<\/div>\n<p> <a class=\"mh-excerpt-more\" href=\"https:\/\/www.o-p-i.fr\/aupays\/vie-des-communes\/vie-a-montgaillard\/gaec-lou-pais-bio\/\" title=\"GAEC Lou Pais Bio\">[&#8230;]<\/a><\/p>\n","protected":false},"author":2,"featured_media":0,"comment_status":"closed","ping_status":"open","sticky":false,"template":"","format":"standard","meta":{"_jetpack_memberships_contains_paid_content":false,"footnotes":"","_links_to":"","_links_to_target":""},"categories":[125,568,571,577,866,978,979],"tags":[73,9,593,747,802,1097,1098,1099],"coauthors":[],"class_list":{"0":"post-11078","1":"post","2":"type-post","3":"status-publish","4":"format-standard","6":"category-vie-a-montgaillard","7":"category-commerce","8":"category-artisanat-annuaire","9":"category-ils-adherent","10":"category-agriculture","11":"category-farine","12":"category-produits-de-la-ferme","13":"tag-produits-du-terroir","14":"tag-montgaillard","15":"tag-agriculture-biologique","16":"tag-pommes-de-terre","17":"tag-lentilles","18":"tag-maraichage-bio","19":"tag-cereales-bio","20":"tag-farine-bio"},"yoast_head":"<!-- This site is optimized with the Yoast SEO plugin v27.1.1 - https:\/\/yoast.com\/product\/yoast-seo-wordpress\/ -->\n<title>GAEC Lou Pais Bio - O.P.I. des Tescous<\/title>\n<meta name=\"robots\" content=\"index, follow, max-snippet:-1, max-image-preview:large, max-video-preview:-1\" \/>\n<link rel=\"canonical\" href=\"https:\/\/www.o-p-i.fr\/aupays\/vie-des-communes\/vie-a-montgaillard\/gaec-lou-pais-bio\/\" \/>\n<meta property=\"og:locale\" content=\"fr_FR\" \/>\n<meta property=\"og:type\" content=\"article\" \/>\n<meta property=\"og:title\" content=\"GAEC Lou Pais Bio - O.P.I. des Tescous\" \/>\n<meta property=\"og:description\" content=\"Production de farines biologiques \u00e0 partir des c\u00e9r\u00e9ales de la ferme. [...]\" \/>\n<meta property=\"og:url\" content=\"https:\/\/www.o-p-i.fr\/aupays\/vie-des-communes\/vie-a-montgaillard\/gaec-lou-pais-bio\/\" \/>\n<meta property=\"og:site_name\" content=\"O.P.I. des Tescous\" \/>\n<meta property=\"article:published_time\" content=\"2021-11-24T17:00:33+00:00\" \/>\n<meta property=\"article:modified_time\" content=\"2022-03-02T13:52:31+00:00\" \/>\n<meta name=\"author\" content=\"Emilie\" \/>\n<meta name=\"twitter:card\" content=\"summary_large_image\" \/>\n<meta name=\"twitter:label1\" content=\"\u00c9crit par\" \/>\n\t<meta name=\"twitter:data1\" content=\"Emilie\" \/>\n\t<meta name=\"twitter:label2\" content=\"Written by\" \/>\n\t<meta name=\"twitter:data2\" content=\"Emilie\" \/>\n<script type=\"application\/ld+json\" class=\"yoast-schema-graph\">{\"@context\":\"https:\/\/schema.org\",\"@graph\":[{\"@type\":\"Article\",\"@id\":\"https:\/\/www.o-p-i.fr\/aupays\/vie-des-communes\/vie-a-montgaillard\/gaec-lou-pais-bio\/#article\",\"isPartOf\":{\"@id\":\"https:\/\/www.o-p-i.fr\/aupays\/vie-des-communes\/vie-a-montgaillard\/gaec-lou-pais-bio\/\"},\"author\":{\"name\":\"Emilie\",\"@id\":\"https:\/\/www.o-p-i.fr\/aupays\/#\/schema\/person\/7f804b2ab46dc4d2ffff62a3cc5540dd\"},\"headline\":\"GAEC Lou Pais Bio\",\"datePublished\":\"2021-11-24T17:00:33+00:00\",\"dateModified\":\"2022-03-02T13:52:31+00:00\",\"mainEntityOfPage\":{\"@id\":\"https:\/\/www.o-p-i.fr\/aupays\/vie-des-communes\/vie-a-montgaillard\/gaec-lou-pais-bio\/\"},\"wordCount\":49,\"publisher\":{\"@id\":\"https:\/\/www.o-p-i.fr\/aupays\/#organization\"},\"keywords\":[\"Produits du terroir\",\"Montgaillard\",\"Agriculture Biologique\",\"Pommes de Terre\",\"Lentilles\",\"Mara\u00eechage Bio\",\"C\u00e9r\u00e9ales Bio\",\"Farine Bio\"],\"articleSection\":[\"\u00e0 Montgaillard\",\"Commerce\",\"Artisanat\",\"* Ils adh\u00e8rent ...\",\"Agriculture\",\"Farine\",\"Produits de la ferme\"],\"inLanguage\":\"fr-FR\"},{\"@type\":\"WebPage\",\"@id\":\"https:\/\/www.o-p-i.fr\/aupays\/vie-des-communes\/vie-a-montgaillard\/gaec-lou-pais-bio\/\",\"url\":\"https:\/\/www.o-p-i.fr\/aupays\/vie-des-communes\/vie-a-montgaillard\/gaec-lou-pais-bio\/\",\"name\":\"GAEC Lou Pais Bio - O.P.I. des Tescous\",\"isPartOf\":{\"@id\":\"https:\/\/www.o-p-i.fr\/aupays\/#website\"},\"datePublished\":\"2021-11-24T17:00:33+00:00\",\"dateModified\":\"2022-03-02T13:52:31+00:00\",\"breadcrumb\":{\"@id\":\"https:\/\/www.o-p-i.fr\/aupays\/vie-des-communes\/vie-a-montgaillard\/gaec-lou-pais-bio\/#breadcrumb\"},\"inLanguage\":\"fr-FR\",\"potentialAction\":[{\"@type\":\"ReadAction\",\"target\":[\"https:\/\/www.o-p-i.fr\/aupays\/vie-des-communes\/vie-a-montgaillard\/gaec-lou-pais-bio\/\"]}]},{\"@type\":\"BreadcrumbList\",\"@id\":\"https:\/\/www.o-p-i.fr\/aupays\/vie-des-communes\/vie-a-montgaillard\/gaec-lou-pais-bio\/#breadcrumb\",\"itemListElement\":[{\"@type\":\"ListItem\",\"position\":1,\"name\":\"Accueil\",\"item\":\"https:\/\/www.o-p-i.fr\/aupays\/\"},{\"@type\":\"ListItem\",\"position\":2,\"name\":\"GAEC Lou Pais Bio\"}]},{\"@type\":\"WebSite\",\"@id\":\"https:\/\/www.o-p-i.fr\/aupays\/#website\",\"url\":\"https:\/\/www.o-p-i.fr\/aupays\/\",\"name\":\"O.P.I. des Tescou's\",\"description\":\"Le Magazine du Pays des Tescou&#039;s\",\"publisher\":{\"@id\":\"https:\/\/www.o-p-i.fr\/aupays\/#organization\"},\"potentialAction\":[{\"@type\":\"SearchAction\",\"target\":{\"@type\":\"EntryPoint\",\"urlTemplate\":\"https:\/\/www.o-p-i.fr\/aupays\/?s={search_term_string}\"},\"query-input\":{\"@type\":\"PropertyValueSpecification\",\"valueRequired\":true,\"valueName\":\"search_term_string\"}}],\"inLanguage\":\"fr-FR\"},{\"@type\":\"Organization\",\"@id\":\"https:\/\/www.o-p-i.fr\/aupays\/#organization\",\"name\":\"O.P.I. des Tescou's\",\"url\":\"https:\/\/www.o-p-i.fr\/aupays\/\",\"logo\":{\"@type\":\"ImageObject\",\"inLanguage\":\"fr-FR\",\"@id\":\"https:\/\/www.o-p-i.fr\/aupays\/#\/schema\/logo\/image\/\",\"url\":\"https:\/\/www.o-p-i.fr\/aupays\/wp-content\/uploads\/bebe.png\",\"contentUrl\":\"https:\/\/www.o-p-i.fr\/aupays\/wp-content\/uploads\/bebe.png\",\"width\":630,\"height\":250,\"caption\":\"O.P.I. des Tescou's\"},\"image\":{\"@id\":\"https:\/\/www.o-p-i.fr\/aupays\/#\/schema\/logo\/image\/\"}},{\"@type\":\"Person\",\"@id\":\"https:\/\/www.o-p-i.fr\/aupays\/#\/schema\/person\/7f804b2ab46dc4d2ffff62a3cc5540dd\",\"name\":\"Emilie\",\"image\":{\"@type\":\"ImageObject\",\"inLanguage\":\"fr-FR\",\"@id\":\"https:\/\/www.o-p-i.fr\/aupays\/#\/schema\/person\/image\/facaf85297164c5eeb35317497584283\",\"url\":\"https:\/\/secure.gravatar.com\/avatar\/fd7cb6990b830882b89c12b0b0ae62d9e30d6edda4b0842106757d94d4985565?s=96&d=monsterid&r=g\",\"contentUrl\":\"https:\/\/secure.gravatar.com\/avatar\/fd7cb6990b830882b89c12b0b0ae62d9e30d6edda4b0842106757d94d4985565?s=96&d=monsterid&r=g\",\"caption\":\"Emilie\"},\"sameAs\":[\"https:\/\/www.o-p-i.fr\/aupays\/vie-des-communes\/vie-a-monclar-de-quercy\/le-pain-rustique\/\"],\"url\":\"https:\/\/www.o-p-i.fr\/aupays\/author\/emilie\/\"}]}<\/script>\n<!-- \/ Yoast SEO plugin. -->","yoast_head_json":{"title":"GAEC Lou Pais Bio - O.P.I. des Tescous","robots":{"index":"index","follow":"follow","max-snippet":"max-snippet:-1","max-image-preview":"max-image-preview:large","max-video-preview":"max-video-preview:-1"},"canonical":"https:\/\/www.o-p-i.fr\/aupays\/vie-des-communes\/vie-a-montgaillard\/gaec-lou-pais-bio\/","og_locale":"fr_FR","og_type":"article","og_title":"GAEC Lou Pais Bio - O.P.I. des Tescous","og_description":"Production de farines biologiques \u00e0 partir des c\u00e9r\u00e9ales de la ferme. [...]","og_url":"https:\/\/www.o-p-i.fr\/aupays\/vie-des-communes\/vie-a-montgaillard\/gaec-lou-pais-bio\/","og_site_name":"O.P.I. des Tescous","article_published_time":"2021-11-24T17:00:33+00:00","article_modified_time":"2022-03-02T13:52:31+00:00","author":"Emilie","twitter_card":"summary_large_image","twitter_misc":{"\u00c9crit par":"Emilie","Written by":"Emilie"},"schema":{"@context":"https:\/\/schema.org","@graph":[{"@type":"Article","@id":"https:\/\/www.o-p-i.fr\/aupays\/vie-des-communes\/vie-a-montgaillard\/gaec-lou-pais-bio\/#article","isPartOf":{"@id":"https:\/\/www.o-p-i.fr\/aupays\/vie-des-communes\/vie-a-montgaillard\/gaec-lou-pais-bio\/"},"author":{"name":"Emilie","@id":"https:\/\/www.o-p-i.fr\/aupays\/#\/schema\/person\/7f804b2ab46dc4d2ffff62a3cc5540dd"},"headline":"GAEC Lou Pais Bio","datePublished":"2021-11-24T17:00:33+00:00","dateModified":"2022-03-02T13:52:31+00:00","mainEntityOfPage":{"@id":"https:\/\/www.o-p-i.fr\/aupays\/vie-des-communes\/vie-a-montgaillard\/gaec-lou-pais-bio\/"},"wordCount":49,"publisher":{"@id":"https:\/\/www.o-p-i.fr\/aupays\/#organization"},"keywords":["Produits du terroir","Montgaillard","Agriculture Biologique","Pommes de Terre","Lentilles","Mara\u00eechage Bio","C\u00e9r\u00e9ales Bio","Farine Bio"],"articleSection":["\u00e0 Montgaillard","Commerce","Artisanat","* Ils adh\u00e8rent ...","Agriculture","Farine","Produits de la ferme"],"inLanguage":"fr-FR"},{"@type":"WebPage","@id":"https:\/\/www.o-p-i.fr\/aupays\/vie-des-communes\/vie-a-montgaillard\/gaec-lou-pais-bio\/","url":"https:\/\/www.o-p-i.fr\/aupays\/vie-des-communes\/vie-a-montgaillard\/gaec-lou-pais-bio\/","name":"GAEC Lou Pais Bio - O.P.I. des Tescous","isPartOf":{"@id":"https:\/\/www.o-p-i.fr\/aupays\/#website"},"datePublished":"2021-11-24T17:00:33+00:00","dateModified":"2022-03-02T13:52:31+00:00","breadcrumb":{"@id":"https:\/\/www.o-p-i.fr\/aupays\/vie-des-communes\/vie-a-montgaillard\/gaec-lou-pais-bio\/#breadcrumb"},"inLanguage":"fr-FR","potentialAction":[{"@type":"ReadAction","target":["https:\/\/www.o-p-i.fr\/aupays\/vie-des-communes\/vie-a-montgaillard\/gaec-lou-pais-bio\/"]}]},{"@type":"BreadcrumbList","@id":"https:\/\/www.o-p-i.fr\/aupays\/vie-des-communes\/vie-a-montgaillard\/gaec-lou-pais-bio\/#breadcrumb","itemListElement":[{"@type":"ListItem","position":1,"name":"Accueil","item":"https:\/\/www.o-p-i.fr\/aupays\/"},{"@type":"ListItem","position":2,"name":"GAEC Lou Pais Bio"}]},{"@type":"WebSite","@id":"https:\/\/www.o-p-i.fr\/aupays\/#website","url":"https:\/\/www.o-p-i.fr\/aupays\/","name":"O.P.I. des Tescou's","description":"Le Magazine du Pays des Tescou&#039;s","publisher":{"@id":"https:\/\/www.o-p-i.fr\/aupays\/#organization"},"potentialAction":[{"@type":"SearchAction","target":{"@type":"EntryPoint","urlTemplate":"https:\/\/www.o-p-i.fr\/aupays\/?s={search_term_string}"},"query-input":{"@type":"PropertyValueSpecification","valueRequired":true,"valueName":"search_term_string"}}],"inLanguage":"fr-FR"},{"@type":"Organization","@id":"https:\/\/www.o-p-i.fr\/aupays\/#organization","name":"O.P.I. des Tescou's","url":"https:\/\/www.o-p-i.fr\/aupays\/","logo":{"@type":"ImageObject","inLanguage":"fr-FR","@id":"https:\/\/www.o-p-i.fr\/aupays\/#\/schema\/logo\/image\/","url":"https:\/\/www.o-p-i.fr\/aupays\/wp-content\/uploads\/bebe.png","contentUrl":"https:\/\/www.o-p-i.fr\/aupays\/wp-content\/uploads\/bebe.png","width":630,"height":250,"caption":"O.P.I. des Tescou's"},"image":{"@id":"https:\/\/www.o-p-i.fr\/aupays\/#\/schema\/logo\/image\/"}},{"@type":"Person","@id":"https:\/\/www.o-p-i.fr\/aupays\/#\/schema\/person\/7f804b2ab46dc4d2ffff62a3cc5540dd","name":"Emilie","image":{"@type":"ImageObject","inLanguage":"fr-FR","@id":"https:\/\/www.o-p-i.fr\/aupays\/#\/schema\/person\/image\/facaf85297164c5eeb35317497584283","url":"https:\/\/secure.gravatar.com\/avatar\/fd7cb6990b830882b89c12b0b0ae62d9e30d6edda4b0842106757d94d4985565?s=96&d=monsterid&r=g","contentUrl":"https:\/\/secure.gravatar.com\/avatar\/fd7cb6990b830882b89c12b0b0ae62d9e30d6edda4b0842106757d94d4985565?s=96&d=monsterid&r=g","caption":"Emilie"},"sameAs":["https:\/\/www.o-p-i.fr\/aupays\/vie-des-communes\/vie-a-monclar-de-quercy\/le-pain-rustique\/"],"url":"https:\/\/www.o-p-i.fr\/aupays\/author\/emilie\/"}]}},"jetpack_featured_media_url":"","views":{"total":0,"cached_at":"","cached_date":1737890997},"jetpack_sharing_enabled":true,"jetpack-related-posts":[],"jetpack_shortlink":"https:\/\/wp.me\/pfni7X-2SG","_links":{"self":[{"href":"https:\/\/www.o-p-i.fr\/aupays\/wp-json\/wp\/v2\/posts\/11078","targetHints":{"allow":["GET"]}}],"collection":[{"href":"https:\/\/www.o-p-i.fr\/aupays\/wp-json\/wp\/v2\/posts"}],"about":[{"href":"https:\/\/www.o-p-i.fr\/aupays\/wp-json\/wp\/v2\/types\/post"}],"author":[{"embeddable":true,"href":"https:\/\/www.o-p-i.fr\/aupays\/wp-json\/wp\/v2\/users\/2"}],"replies":[{"embeddable":true,"href":"https:\/\/www.o-p-i.fr\/aupays\/wp-json\/wp\/v2\/comments?post=11078"}],"version-history":[{"count":12,"href":"https:\/\/www.o-p-i.fr\/aupays\/wp-json\/wp\/v2\/posts\/11078\/revisions"}],"predecessor-version":[{"id":22207,"href":"https:\/\/www.o-p-i.fr\/aupays\/wp-json\/wp\/v2\/posts\/11078\/revisions\/22207"}],"wp:attachment":[{"href":"https:\/\/www.o-p-i.fr\/aupays\/wp-json\/wp\/v2\/media?parent=11078"}],"wp:term":[{"taxonomy":"category","embeddable":true,"href":"https:\/\/www.o-p-i.fr\/aupays\/wp-json\/wp\/v2\/categories?post=11078"},{"taxonomy":"post_tag","embeddable":true,"href":"https:\/\/www.o-p-i.fr\/aupays\/wp-json\/wp\/v2\/tags?post=11078"},{"taxonomy":"author","embeddable":true,"href":"https:\/\/www.o-p-i.fr\/aupays\/wp-json\/wp\/v2\/coauthors?post=11078"}],"curies":[{"name":"wp","href":"https:\/\/api.w.org\/{rel}","templated":true}]}}