{"id":12433,"date":"2021-12-09T15:23:44","date_gmt":"2021-12-09T14:23:44","guid":{"rendered":"\/aupays\/?p=12433"},"modified":"2022-06-16T00:03:42","modified_gmt":"2022-06-15T23:03:42","slug":"osulivan","status":"publish","type":"post","link":"https:\/\/www.o-p-i.fr\/aupays\/vie-des-communes\/vie-a-monclar-de-quercy\/osulivan\/","title":{"rendered":"O&rsquo;Sullivan"},"content":{"rendered":"<h2><\/h2>\n<h3 style=\"text-align: center;\"><span style=\"color: #ff9900;\">L&rsquo;association en quelques mots :<\/span><\/h3>\n<h2 style=\"text-align: center;\"><span style=\"color: #800080;\">Bar &#8211; Brasserie &#8211; Restaurant &#8211; Pizzeria<\/span><\/h2>\n<p>&nbsp;<\/p>\n<p style=\"text-align: center;\"><em><strong><span style=\"color: #800080;\">Bar Restaurant Pizz\u00e9ria Burger Traiteur<\/span><\/strong><\/em><\/p>\n<p style=\"text-align: center;\"><em><strong><span style=\"color: #800080;\">Sur Place &amp; A Emporter<\/span><\/strong><\/em><br \/>\n<em><strong><span style=\"color: #800080;\">Grande Terrasse Ombrag\u00e9e<\/span><\/strong><\/em><br \/>\n<em><strong><span style=\"color: #800080;\">Concerts, Diffusion Matchs, Fl\u00e9chettes \u00c9lectroniques\u2026<\/span><\/strong><\/em><br \/>\n<em><strong><span style=\"color: #800080;\">Ouvert 7\/7 midi &amp; soir en haute saison<\/span><\/strong><\/em><br \/>\n<em><strong><span style=\"color: #800080;\">Ouvert 7\/7 midi &amp; soir \u00e0 partir du jeudi en basse saison<\/span><\/strong><\/em><\/p>\n<p>&nbsp;<\/p>\n<h3 style=\"text-align: center;\"><span style=\"color: #008000;\"><strong>Contact:<\/strong><\/span><\/h3>\n<p style=\"text-align: center;\">O<span style=\"color: #0000ff;\">\u2019Sullivan<\/span><br \/>\n<span style=\"color: #0000ff;\">1 Avenue du Lac &#8211; Place de la Gendarmerie<\/span><br \/>\n<span style=\"color: #0000ff;\">82 230 Monclar de Quercy<\/span><br \/>\n<span style=\"color: #0000ff;\">contact :<\/span><br \/>\n<span style=\"color: #0000ff;\">Adeline &amp; Florent Marqu\u00e8s<\/span><\/p>\n<p style=\"text-align: center;\"><span style=\"color: #0000ff;\">Tel: 05 63 93 61 92<\/span><br \/>\n<span style=\"color: #0000ff;\">Mail: osullivan.monclar@gmail.com\u00a0 <\/span><\/p>\n<p style=\"text-align: center;\"><span style=\"color: #0000ff;\">Site : https:\/\/www.facebook.com\/osullivanmonclardequercy_<\/span><\/p>\n<p>&nbsp;<\/p>\n<h3 style=\"text-align: center;\"><span style=\"color: #008000;\"><strong><strong>Pratique:<\/strong><\/strong><\/span><\/h3>\n<p style=\"text-align: center;\"><span style=\"color: #0000ff;\"><strong>Horaires :<\/strong><\/span><br \/>\n<span style=\"color: #0000ff;\">Du Lundi au Jeudi<\/span><br \/>\n<span style=\"color: #0000ff;\">9h30\/14h30 et 17h30\/21h<\/span><br \/>\n<span style=\"color: #0000ff;\">Du Vendredi\u00a0 au Dimanche :<\/span><br \/>\n<span style=\"color: #0000ff;\">10h\/15h et 18h\/minuit<\/span><\/p>\n<p style=\"text-align: center;\"><span style=\"color: #0000ff;\"><strong>Facebook : <a style=\"color: #0000ff;\" href=\"https:\/\/www.facebook.com\/osulivan82\/\">https:\/\/www.facebook.com\/osulivan82\/<\/a><\/strong><\/span><\/p>\n<p>&nbsp;<\/p>\n<h2 style=\"text-align: center;\"><span style=\"color: #ff6600;\"><strong><strong>Les Actus<\/strong><\/strong><\/span><\/h2>\n<p style=\"text-align: center;\"><strong>T<span style=\"color: #800080;\">ous les jeudis <\/span><\/strong><span style=\"color: #800080;\"><strong>\u00e0 20h30 <\/strong><strong>: Concours de Belote<br \/>\n<\/strong>Inscriptions : 6.50\u20ac \/ pers &#8211; 13 \u20ac<\/span><br \/>\n<span style=\"color: #800080;\">Nombreux Lots &#8211; Toutes les \u00e9quipes sont r\u00e9compens\u00e9es.<\/span><br \/>\n<span style=\"color: #800080;\">Assiette conviviale \u00e0 5\u20ac<strong><br \/>\n<\/strong><\/span><strong><span style=\"color: #800080;\">Tous les week-end : Concours de Fl\u00e9chette<\/span><br \/>\n<\/strong><\/p>\n","protected":false},"excerpt":{"rendered":"<div class=\"mh-excerpt\">L&rsquo;association en quelques mots : Bar &#8211; Brasserie &#8211; Restaurant &#8211; Pizzeria &nbsp; Bar Restaurant Pizz\u00e9ria Burger Traiteur Sur Place &amp; A Emporter Grande Terrasse Ombrag\u00e9e Concerts, Diffusion Matchs, Fl\u00e9chettes \u00c9lectroniques\u2026 Ouvert 7\/7 midi &amp; <a class=\"mh-excerpt-more\" href=\"https:\/\/www.o-p-i.fr\/aupays\/vie-des-communes\/vie-a-monclar-de-quercy\/osulivan\/\" title=\"O&rsquo;Sullivan\">[&#8230;]<\/a><\/div>\n","protected":false},"author":2,"featured_media":21299,"comment_status":"closed","ping_status":"open","sticky":false,"template":"","format":"standard","meta":{"_jetpack_memberships_contains_paid_content":false,"footnotes":"","_links_to":"","_links_to_target":""},"categories":[132,568,982,992],"tags":[7,64,89,90,411,450,524],"coauthors":[],"class_list":{"0":"post-12433","1":"post","2":"type-post","3":"status-publish","4":"format-standard","5":"has-post-thumbnail","7":"category-vie-a-monclar-de-quercy","8":"category-commerce","9":"category-restaurant","10":"category-pizzeria","11":"tag-monclar-de-quercy","12":"tag-restau","13":"tag-bar","14":"tag-cafe","15":"tag-pizza","16":"tag-cafe-concert","17":"tag-brasserie"},"yoast_head":"<!-- This site is optimized with the Yoast SEO plugin v27.1.1 - https:\/\/yoast.com\/product\/yoast-seo-wordpress\/ -->\n<title>O&#039;Sullivan - O.P.I. des Tescous<\/title>\n<meta name=\"robots\" content=\"index, follow, max-snippet:-1, max-image-preview:large, max-video-preview:-1\" \/>\n<link rel=\"canonical\" href=\"https:\/\/www.o-p-i.fr\/aupays\/vie-des-communes\/vie-a-monclar-de-quercy\/osulivan\/\" \/>\n<meta property=\"og:locale\" content=\"fr_FR\" \/>\n<meta property=\"og:type\" content=\"article\" \/>\n<meta property=\"og:title\" content=\"O&#039;Sullivan - O.P.I. des Tescous\" \/>\n<meta property=\"og:description\" content=\"L&rsquo;association en quelques mots : Bar &#8211; Brasserie &#8211; Restaurant &#8211; Pizzeria &nbsp; Bar Restaurant Pizz\u00e9ria Burger Traiteur Sur Place &amp; A Emporter Grande Terrasse Ombrag\u00e9e Concerts, Diffusion Matchs, Fl\u00e9chettes \u00c9lectroniques\u2026 Ouvert 7\/7 midi &amp; [...]\" \/>\n<meta property=\"og:url\" content=\"https:\/\/www.o-p-i.fr\/aupays\/vie-des-communes\/vie-a-monclar-de-quercy\/osulivan\/\" \/>\n<meta property=\"og:site_name\" content=\"O.P.I. des Tescous\" \/>\n<meta property=\"article:published_time\" content=\"2021-12-09T14:23:44+00:00\" \/>\n<meta property=\"article:modified_time\" content=\"2022-06-15T23:03:42+00:00\" \/>\n<meta property=\"og:image\" content=\"https:\/\/www.o-p-i.fr\/aupays\/wp-content\/uploads\/logo-sullivan-e1639144924253.jpg\" \/>\n\t<meta property=\"og:image:width\" content=\"191\" \/>\n\t<meta property=\"og:image:height\" content=\"230\" \/>\n\t<meta property=\"og:image:type\" content=\"image\/jpeg\" \/>\n<meta name=\"author\" content=\"Emilie\" \/>\n<meta name=\"twitter:card\" content=\"summary_large_image\" \/>\n<meta name=\"twitter:label1\" content=\"\u00c9crit par\" \/>\n\t<meta name=\"twitter:data1\" content=\"Emilie\" \/>\n\t<meta name=\"twitter:label2\" content=\"Dur\u00e9e de lecture estim\u00e9e\" \/>\n\t<meta name=\"twitter:data2\" content=\"1 minute\" \/>\n\t<meta name=\"twitter:label3\" content=\"Written by\" \/>\n\t<meta name=\"twitter:data3\" content=\"Emilie\" \/>\n<script type=\"application\/ld+json\" class=\"yoast-schema-graph\">{\"@context\":\"https:\/\/schema.org\",\"@graph\":[{\"@type\":\"Article\",\"@id\":\"https:\/\/www.o-p-i.fr\/aupays\/vie-des-communes\/vie-a-monclar-de-quercy\/osulivan\/#article\",\"isPartOf\":{\"@id\":\"https:\/\/www.o-p-i.fr\/aupays\/vie-des-communes\/vie-a-monclar-de-quercy\/osulivan\/\"},\"author\":{\"name\":\"Emilie\",\"@id\":\"https:\/\/www.o-p-i.fr\/aupays\/#\/schema\/person\/7f804b2ab46dc4d2ffff62a3cc5540dd\"},\"headline\":\"O&rsquo;Sullivan\",\"datePublished\":\"2021-12-09T14:23:44+00:00\",\"dateModified\":\"2022-06-15T23:03:42+00:00\",\"mainEntityOfPage\":{\"@id\":\"https:\/\/www.o-p-i.fr\/aupays\/vie-des-communes\/vie-a-monclar-de-quercy\/osulivan\/\"},\"wordCount\":145,\"publisher\":{\"@id\":\"https:\/\/www.o-p-i.fr\/aupays\/#organization\"},\"image\":{\"@id\":\"https:\/\/www.o-p-i.fr\/aupays\/vie-des-communes\/vie-a-monclar-de-quercy\/osulivan\/#primaryimage\"},\"thumbnailUrl\":\"https:\/\/www.o-p-i.fr\/aupays\/wp-content\/uploads\/logo-sullivan-e1639144924253.jpg?wsr\",\"keywords\":[\"Monclar de Quercy\",\"Restauration\",\"Bar\",\"Caf\u00e9\",\"Pizza\",\"Caf\u00e9-Concert\",\"Brasserie\"],\"articleSection\":[\"\u00e0 Monclar de Quercy\",\"Commerce\",\"Restaurant\",\"Pizz\u00e9ria\"],\"inLanguage\":\"fr-FR\"},{\"@type\":\"WebPage\",\"@id\":\"https:\/\/www.o-p-i.fr\/aupays\/vie-des-communes\/vie-a-monclar-de-quercy\/osulivan\/\",\"url\":\"https:\/\/www.o-p-i.fr\/aupays\/vie-des-communes\/vie-a-monclar-de-quercy\/osulivan\/\",\"name\":\"O'Sullivan - O.P.I. des Tescous\",\"isPartOf\":{\"@id\":\"https:\/\/www.o-p-i.fr\/aupays\/#website\"},\"primaryImageOfPage\":{\"@id\":\"https:\/\/www.o-p-i.fr\/aupays\/vie-des-communes\/vie-a-monclar-de-quercy\/osulivan\/#primaryimage\"},\"image\":{\"@id\":\"https:\/\/www.o-p-i.fr\/aupays\/vie-des-communes\/vie-a-monclar-de-quercy\/osulivan\/#primaryimage\"},\"thumbnailUrl\":\"https:\/\/www.o-p-i.fr\/aupays\/wp-content\/uploads\/logo-sullivan-e1639144924253.jpg?wsr\",\"datePublished\":\"2021-12-09T14:23:44+00:00\",\"dateModified\":\"2022-06-15T23:03:42+00:00\",\"breadcrumb\":{\"@id\":\"https:\/\/www.o-p-i.fr\/aupays\/vie-des-communes\/vie-a-monclar-de-quercy\/osulivan\/#breadcrumb\"},\"inLanguage\":\"fr-FR\",\"potentialAction\":[{\"@type\":\"ReadAction\",\"target\":[\"https:\/\/www.o-p-i.fr\/aupays\/vie-des-communes\/vie-a-monclar-de-quercy\/osulivan\/\"]}]},{\"@type\":\"ImageObject\",\"inLanguage\":\"fr-FR\",\"@id\":\"https:\/\/www.o-p-i.fr\/aupays\/vie-des-communes\/vie-a-monclar-de-quercy\/osulivan\/#primaryimage\",\"url\":\"https:\/\/www.o-p-i.fr\/aupays\/wp-content\/uploads\/logo-sullivan-e1639144924253.jpg?wsr\",\"contentUrl\":\"https:\/\/www.o-p-i.fr\/aupays\/wp-content\/uploads\/logo-sullivan-e1639144924253.jpg?wsr\",\"width\":191,\"height\":230},{\"@type\":\"BreadcrumbList\",\"@id\":\"https:\/\/www.o-p-i.fr\/aupays\/vie-des-communes\/vie-a-monclar-de-quercy\/osulivan\/#breadcrumb\",\"itemListElement\":[{\"@type\":\"ListItem\",\"position\":1,\"name\":\"Accueil\",\"item\":\"https:\/\/www.o-p-i.fr\/aupays\/\"},{\"@type\":\"ListItem\",\"position\":2,\"name\":\"O&#8217;Sullivan\"}]},{\"@type\":\"WebSite\",\"@id\":\"https:\/\/www.o-p-i.fr\/aupays\/#website\",\"url\":\"https:\/\/www.o-p-i.fr\/aupays\/\",\"name\":\"O.P.I. des Tescou's\",\"description\":\"Le Magazine du Pays des Tescou&#039;s\",\"publisher\":{\"@id\":\"https:\/\/www.o-p-i.fr\/aupays\/#organization\"},\"potentialAction\":[{\"@type\":\"SearchAction\",\"target\":{\"@type\":\"EntryPoint\",\"urlTemplate\":\"https:\/\/www.o-p-i.fr\/aupays\/?s={search_term_string}\"},\"query-input\":{\"@type\":\"PropertyValueSpecification\",\"valueRequired\":true,\"valueName\":\"search_term_string\"}}],\"inLanguage\":\"fr-FR\"},{\"@type\":\"Organization\",\"@id\":\"https:\/\/www.o-p-i.fr\/aupays\/#organization\",\"name\":\"O.P.I. des Tescou's\",\"url\":\"https:\/\/www.o-p-i.fr\/aupays\/\",\"logo\":{\"@type\":\"ImageObject\",\"inLanguage\":\"fr-FR\",\"@id\":\"https:\/\/www.o-p-i.fr\/aupays\/#\/schema\/logo\/image\/\",\"url\":\"https:\/\/www.o-p-i.fr\/aupays\/wp-content\/uploads\/bebe.png\",\"contentUrl\":\"https:\/\/www.o-p-i.fr\/aupays\/wp-content\/uploads\/bebe.png\",\"width\":630,\"height\":250,\"caption\":\"O.P.I. des Tescou's\"},\"image\":{\"@id\":\"https:\/\/www.o-p-i.fr\/aupays\/#\/schema\/logo\/image\/\"}},{\"@type\":\"Person\",\"@id\":\"https:\/\/www.o-p-i.fr\/aupays\/#\/schema\/person\/7f804b2ab46dc4d2ffff62a3cc5540dd\",\"name\":\"Emilie\",\"image\":{\"@type\":\"ImageObject\",\"inLanguage\":\"fr-FR\",\"@id\":\"https:\/\/www.o-p-i.fr\/aupays\/#\/schema\/person\/image\/facaf85297164c5eeb35317497584283\",\"url\":\"https:\/\/secure.gravatar.com\/avatar\/fd7cb6990b830882b89c12b0b0ae62d9e30d6edda4b0842106757d94d4985565?s=96&d=monsterid&r=g\",\"contentUrl\":\"https:\/\/secure.gravatar.com\/avatar\/fd7cb6990b830882b89c12b0b0ae62d9e30d6edda4b0842106757d94d4985565?s=96&d=monsterid&r=g\",\"caption\":\"Emilie\"},\"sameAs\":[\"https:\/\/www.o-p-i.fr\/aupays\/vie-des-communes\/vie-a-monclar-de-quercy\/le-pain-rustique\/\"],\"url\":\"https:\/\/www.o-p-i.fr\/aupays\/author\/emilie\/\"}]}<\/script>\n<!-- \/ Yoast SEO plugin. -->","yoast_head_json":{"title":"O'Sullivan - O.P.I. des Tescous","robots":{"index":"index","follow":"follow","max-snippet":"max-snippet:-1","max-image-preview":"max-image-preview:large","max-video-preview":"max-video-preview:-1"},"canonical":"https:\/\/www.o-p-i.fr\/aupays\/vie-des-communes\/vie-a-monclar-de-quercy\/osulivan\/","og_locale":"fr_FR","og_type":"article","og_title":"O'Sullivan - O.P.I. des Tescous","og_description":"L&rsquo;association en quelques mots : Bar &#8211; Brasserie &#8211; Restaurant &#8211; Pizzeria &nbsp; Bar Restaurant Pizz\u00e9ria Burger Traiteur Sur Place &amp; A Emporter Grande Terrasse Ombrag\u00e9e Concerts, Diffusion Matchs, Fl\u00e9chettes \u00c9lectroniques\u2026 Ouvert 7\/7 midi &amp; [...]","og_url":"https:\/\/www.o-p-i.fr\/aupays\/vie-des-communes\/vie-a-monclar-de-quercy\/osulivan\/","og_site_name":"O.P.I. des Tescous","article_published_time":"2021-12-09T14:23:44+00:00","article_modified_time":"2022-06-15T23:03:42+00:00","og_image":[{"width":191,"height":230,"url":"https:\/\/www.o-p-i.fr\/aupays\/wp-content\/uploads\/logo-sullivan-e1639144924253.jpg","type":"image\/jpeg"}],"author":"Emilie","twitter_card":"summary_large_image","twitter_misc":{"\u00c9crit par":"Emilie","Dur\u00e9e de lecture estim\u00e9e":"1 minute","Written by":"Emilie"},"schema":{"@context":"https:\/\/schema.org","@graph":[{"@type":"Article","@id":"https:\/\/www.o-p-i.fr\/aupays\/vie-des-communes\/vie-a-monclar-de-quercy\/osulivan\/#article","isPartOf":{"@id":"https:\/\/www.o-p-i.fr\/aupays\/vie-des-communes\/vie-a-monclar-de-quercy\/osulivan\/"},"author":{"name":"Emilie","@id":"https:\/\/www.o-p-i.fr\/aupays\/#\/schema\/person\/7f804b2ab46dc4d2ffff62a3cc5540dd"},"headline":"O&rsquo;Sullivan","datePublished":"2021-12-09T14:23:44+00:00","dateModified":"2022-06-15T23:03:42+00:00","mainEntityOfPage":{"@id":"https:\/\/www.o-p-i.fr\/aupays\/vie-des-communes\/vie-a-monclar-de-quercy\/osulivan\/"},"wordCount":145,"publisher":{"@id":"https:\/\/www.o-p-i.fr\/aupays\/#organization"},"image":{"@id":"https:\/\/www.o-p-i.fr\/aupays\/vie-des-communes\/vie-a-monclar-de-quercy\/osulivan\/#primaryimage"},"thumbnailUrl":"https:\/\/www.o-p-i.fr\/aupays\/wp-content\/uploads\/logo-sullivan-e1639144924253.jpg?wsr","keywords":["Monclar de Quercy","Restauration","Bar","Caf\u00e9","Pizza","Caf\u00e9-Concert","Brasserie"],"articleSection":["\u00e0 Monclar de Quercy","Commerce","Restaurant","Pizz\u00e9ria"],"inLanguage":"fr-FR"},{"@type":"WebPage","@id":"https:\/\/www.o-p-i.fr\/aupays\/vie-des-communes\/vie-a-monclar-de-quercy\/osulivan\/","url":"https:\/\/www.o-p-i.fr\/aupays\/vie-des-communes\/vie-a-monclar-de-quercy\/osulivan\/","name":"O'Sullivan - O.P.I. des Tescous","isPartOf":{"@id":"https:\/\/www.o-p-i.fr\/aupays\/#website"},"primaryImageOfPage":{"@id":"https:\/\/www.o-p-i.fr\/aupays\/vie-des-communes\/vie-a-monclar-de-quercy\/osulivan\/#primaryimage"},"image":{"@id":"https:\/\/www.o-p-i.fr\/aupays\/vie-des-communes\/vie-a-monclar-de-quercy\/osulivan\/#primaryimage"},"thumbnailUrl":"https:\/\/www.o-p-i.fr\/aupays\/wp-content\/uploads\/logo-sullivan-e1639144924253.jpg?wsr","datePublished":"2021-12-09T14:23:44+00:00","dateModified":"2022-06-15T23:03:42+00:00","breadcrumb":{"@id":"https:\/\/www.o-p-i.fr\/aupays\/vie-des-communes\/vie-a-monclar-de-quercy\/osulivan\/#breadcrumb"},"inLanguage":"fr-FR","potentialAction":[{"@type":"ReadAction","target":["https:\/\/www.o-p-i.fr\/aupays\/vie-des-communes\/vie-a-monclar-de-quercy\/osulivan\/"]}]},{"@type":"ImageObject","inLanguage":"fr-FR","@id":"https:\/\/www.o-p-i.fr\/aupays\/vie-des-communes\/vie-a-monclar-de-quercy\/osulivan\/#primaryimage","url":"https:\/\/www.o-p-i.fr\/aupays\/wp-content\/uploads\/logo-sullivan-e1639144924253.jpg?wsr","contentUrl":"https:\/\/www.o-p-i.fr\/aupays\/wp-content\/uploads\/logo-sullivan-e1639144924253.jpg?wsr","width":191,"height":230},{"@type":"BreadcrumbList","@id":"https:\/\/www.o-p-i.fr\/aupays\/vie-des-communes\/vie-a-monclar-de-quercy\/osulivan\/#breadcrumb","itemListElement":[{"@type":"ListItem","position":1,"name":"Accueil","item":"https:\/\/www.o-p-i.fr\/aupays\/"},{"@type":"ListItem","position":2,"name":"O&#8217;Sullivan"}]},{"@type":"WebSite","@id":"https:\/\/www.o-p-i.fr\/aupays\/#website","url":"https:\/\/www.o-p-i.fr\/aupays\/","name":"O.P.I. des Tescou's","description":"Le Magazine du Pays des Tescou&#039;s","publisher":{"@id":"https:\/\/www.o-p-i.fr\/aupays\/#organization"},"potentialAction":[{"@type":"SearchAction","target":{"@type":"EntryPoint","urlTemplate":"https:\/\/www.o-p-i.fr\/aupays\/?s={search_term_string}"},"query-input":{"@type":"PropertyValueSpecification","valueRequired":true,"valueName":"search_term_string"}}],"inLanguage":"fr-FR"},{"@type":"Organization","@id":"https:\/\/www.o-p-i.fr\/aupays\/#organization","name":"O.P.I. des Tescou's","url":"https:\/\/www.o-p-i.fr\/aupays\/","logo":{"@type":"ImageObject","inLanguage":"fr-FR","@id":"https:\/\/www.o-p-i.fr\/aupays\/#\/schema\/logo\/image\/","url":"https:\/\/www.o-p-i.fr\/aupays\/wp-content\/uploads\/bebe.png","contentUrl":"https:\/\/www.o-p-i.fr\/aupays\/wp-content\/uploads\/bebe.png","width":630,"height":250,"caption":"O.P.I. des Tescou's"},"image":{"@id":"https:\/\/www.o-p-i.fr\/aupays\/#\/schema\/logo\/image\/"}},{"@type":"Person","@id":"https:\/\/www.o-p-i.fr\/aupays\/#\/schema\/person\/7f804b2ab46dc4d2ffff62a3cc5540dd","name":"Emilie","image":{"@type":"ImageObject","inLanguage":"fr-FR","@id":"https:\/\/www.o-p-i.fr\/aupays\/#\/schema\/person\/image\/facaf85297164c5eeb35317497584283","url":"https:\/\/secure.gravatar.com\/avatar\/fd7cb6990b830882b89c12b0b0ae62d9e30d6edda4b0842106757d94d4985565?s=96&d=monsterid&r=g","contentUrl":"https:\/\/secure.gravatar.com\/avatar\/fd7cb6990b830882b89c12b0b0ae62d9e30d6edda4b0842106757d94d4985565?s=96&d=monsterid&r=g","caption":"Emilie"},"sameAs":["https:\/\/www.o-p-i.fr\/aupays\/vie-des-communes\/vie-a-monclar-de-quercy\/le-pain-rustique\/"],"url":"https:\/\/www.o-p-i.fr\/aupays\/author\/emilie\/"}]}},"jetpack_featured_media_url":"https:\/\/www.o-p-i.fr\/aupays\/wp-content\/uploads\/logo-sullivan-e1639144924253.jpg?wsr","views":{"total":0,"cached_at":"","cached_date":1737879996},"jetpack_sharing_enabled":true,"jetpack-related-posts":[],"jetpack_shortlink":"https:\/\/wp.me\/sfni7X-osulivan","_links":{"self":[{"href":"https:\/\/www.o-p-i.fr\/aupays\/wp-json\/wp\/v2\/posts\/12433","targetHints":{"allow":["GET"]}}],"collection":[{"href":"https:\/\/www.o-p-i.fr\/aupays\/wp-json\/wp\/v2\/posts"}],"about":[{"href":"https:\/\/www.o-p-i.fr\/aupays\/wp-json\/wp\/v2\/types\/post"}],"author":[{"embeddable":true,"href":"https:\/\/www.o-p-i.fr\/aupays\/wp-json\/wp\/v2\/users\/2"}],"replies":[{"embeddable":true,"href":"https:\/\/www.o-p-i.fr\/aupays\/wp-json\/wp\/v2\/comments?post=12433"}],"version-history":[{"count":15,"href":"https:\/\/www.o-p-i.fr\/aupays\/wp-json\/wp\/v2\/posts\/12433\/revisions"}],"predecessor-version":[{"id":23724,"href":"https:\/\/www.o-p-i.fr\/aupays\/wp-json\/wp\/v2\/posts\/12433\/revisions\/23724"}],"wp:featuredmedia":[{"embeddable":true,"href":"https:\/\/www.o-p-i.fr\/aupays\/wp-json\/wp\/v2\/media\/21299"}],"wp:attachment":[{"href":"https:\/\/www.o-p-i.fr\/aupays\/wp-json\/wp\/v2\/media?parent=12433"}],"wp:term":[{"taxonomy":"category","embeddable":true,"href":"https:\/\/www.o-p-i.fr\/aupays\/wp-json\/wp\/v2\/categories?post=12433"},{"taxonomy":"post_tag","embeddable":true,"href":"https:\/\/www.o-p-i.fr\/aupays\/wp-json\/wp\/v2\/tags?post=12433"},{"taxonomy":"author","embeddable":true,"href":"https:\/\/www.o-p-i.fr\/aupays\/wp-json\/wp\/v2\/coauthors?post=12433"}],"curies":[{"name":"wp","href":"https:\/\/api.w.org\/{rel}","templated":true}]}}