{"id":1560,"date":"2021-12-08T10:00:25","date_gmt":"2021-12-08T09:00:25","guid":{"rendered":"\/aupays\/?p=1560"},"modified":"2022-02-18T10:52:21","modified_gmt":"2022-02-18T09:52:21","slug":"maison-marsillach-monteillet","status":"publish","type":"post","link":"https:\/\/www.o-p-i.fr\/aupays\/vie-des-communes\/vie-a-monclar-de-quercy\/maison-marsillach-monteillet\/","title":{"rendered":"Nicolas M&#038;M"},"content":{"rendered":"<h3 style=\"text-align: center;\"><span style=\"color: #800080;\">Boulangerie-P\u00e2tisserie \u00e0 Monclar de Quercy. La tradition de 4 G\u00e9n\u00e9rations<\/span><\/h3>\n<p>&nbsp;<\/p>\n<p style=\"text-align: center;\"><span style=\"color: #ff6600;\"><strong>Boulangerie traditionnelle<\/strong><\/span><br \/>\n<span style=\"color: #800080;\">Pains sp\u00e9ciaux, viennoiseries<\/span><\/p>\n<p style=\"text-align: center;\"><span style=\"color: #ff6600;\"><strong>P\u00e2tisserie traditionnelle<\/strong><\/span><br \/>\n<span style=\"color: #800080;\">Pastis, Croustade de Toulouse, Entremets<\/span><\/p>\n<p style=\"text-align: center;\"><span style=\"color: #800080;\"><strong><span style=\"color: #ff6600;\">Traiteur<\/span><br \/>\n<\/strong>Croque-monsieur, pizza, pissaladi\u00e8re, quiche, etc.<\/span><br \/>\n<span style=\"color: #800080;\">Croques en bouches pour ap\u00e9ritifs<\/span><br \/>\n<span style=\"color: #800080;\">Sandwicherie : sandwiches froids \/ soupes d&rsquo;hiver<\/span><\/p>\n<p style=\"text-align: center;\"><span style=\"color: #ff6600;\"><strong>\u00c9picerie fine<\/strong><\/span><br \/>\n<span style=\"color: #800080;\">Vins : Ch\u00e2teau de Terride,<\/span><br \/>\n<span style=\"color: #800080;\">Lait, Biscuits, Confiseries, Boissons<\/span><\/p>\n<p>&nbsp;<\/p>\n<h3 style=\"text-align: center;\"><span style=\"color: #008000;\"><strong><strong>Contact:<\/strong><\/strong><\/span><\/h3>\n<p style=\"text-align: center;\"><span style=\"color: #3366ff;\"><strong>MONTEILLET Nicolas<\/strong><\/span><\/p>\n<p style=\"text-align: center;\"><span style=\"color: #3366ff;\"><strong>Adresse : <\/strong><\/span><br \/>\n<span style=\"color: #3366ff;\">P\u00f4le Commercial<\/span><br \/>\n<span style=\"color: #3366ff;\">82230 MONCLAR DE QUERCY<\/span><\/p>\n<p style=\"text-align: center;\"><span style=\"color: #3366ff;\"><strong>T\u00e9l. :<\/strong> 05 63 30 31 76<\/span><\/p>\n<p style=\"text-align: center;\"><span style=\"color: #3366ff;\"><strong>Courriel : <\/strong> <a style=\"color: #3366ff;\" href=\"mailto:boulangerie.nicolas.metm@gmail.com\">boulangerie.nicolas.metm@gmail.com<\/a><\/span><br \/>\n________________________________________________<\/p>\n<h3 style=\"text-align: center;\"><\/h3>\n<h3 style=\"text-align: center;\"><span style=\"color: #008000;\"><strong>Horaires :<\/strong><\/span><\/h3>\n<p style=\"text-align: center;\"><span style=\"color: #800080;\">Du mardi au samedi : de 7h \u00e0 13h et de 16h \u00e0 19h<\/span><\/p>\n<p style=\"text-align: center;\"><span style=\"color: #800080;\">Le mercredi: le 7h \u00e0 13 h<\/span><\/p>\n<p style=\"text-align: center;\"><span style=\"color: #800080;\">Le dimanche : de 7h \u00e0 13h<\/span><\/p>\n<p style=\"text-align: center;\"><span style=\"color: #800080;\">Ferm\u00e9 le 1er janvier<strong><em>.<br \/>\n<\/em><\/strong><\/span><\/p>\n<p style=\"text-align: center;\">________________________________________________<\/p>\n<h2 style=\"text-align: center;\"><span style=\"color: #ff6600;\"><strong><strong>Les Actus<\/strong><\/strong><\/span><\/h2>\n<p style=\"text-align: center;\"><span style=\"color: #800080;\"><strong>Pour vos repas de f\u00eates, pensez \u00e0 votre artisan p\u00e2tissier ! <\/strong><\/span><br \/>\n<span style=\"color: #800080;\">S\u00e9lection de b\u00fbches de No\u00ebl<\/span><strong><br \/>\n<\/strong><\/p>\n<p>&nbsp;<\/p>\n<p><a href=\"https:\/\/www.o-p-i.fr\/aupays\/wp-content\/uploads\/N-M-logo-noel-scaled-e1638955318264.jpg\"><img loading=\"lazy\" decoding=\"async\" class=\"size-thumbnail wp-image-21273 aligncenter\" src=\"https:\/\/www.o-p-i.fr\/aupays\/wp-content\/uploads\/N-M-logo-noel-150x150.jpg\" alt=\"\" width=\"150\" height=\"150\" \/><\/a><\/p>\n<p>&nbsp;<\/p>\n<p>&nbsp;<\/p>\n<p style=\"text-align: center;\">\n","protected":false},"excerpt":{"rendered":"<div class=\"mh-excerpt\">Pour vos repas de f\u00eates, pensez \u00e0 votre artisan p\u00e2tissier ! <\/div>\n<p> <a class=\"mh-excerpt-more\" href=\"https:\/\/www.o-p-i.fr\/aupays\/vie-des-communes\/vie-a-monclar-de-quercy\/maison-marsillach-monteillet\/\" title=\"Nicolas M&#038;M\">[&#8230;]<\/a><\/p>\n","protected":false},"author":2,"featured_media":21306,"comment_status":"closed","ping_status":"open","sticky":false,"template":"","format":"standard","meta":{"_jetpack_memberships_contains_paid_content":false,"footnotes":"","_links_to":"","_links_to_target":""},"categories":[132,568,919,989,990,991],"tags":[7,73,4,163,168,170,230,430],"coauthors":[],"class_list":{"0":"post-1560","1":"post","2":"type-post","3":"status-publish","4":"format-standard","5":"has-post-thumbnail","7":"category-vie-a-monclar-de-quercy","8":"category-commerce","9":"category-boulangerie","10":"category-patisserie","11":"category-traiteur","12":"category-epicerie-fine","13":"tag-monclar-de-quercy","14":"tag-produits-du-terroir","15":"tag-alimentation","16":"tag-livraison","17":"tag-boulangerie","18":"tag-patisserie","19":"tag-pain","20":"tag-viennoiserie"},"yoast_head":"<!-- This site is optimized with the Yoast SEO plugin v27.1.1 - https:\/\/yoast.com\/product\/yoast-seo-wordpress\/ -->\n<title>Nicolas M&amp;M - O.P.I. des Tescous<\/title>\n<meta name=\"robots\" content=\"index, follow, max-snippet:-1, max-image-preview:large, max-video-preview:-1\" \/>\n<link rel=\"canonical\" href=\"https:\/\/www.o-p-i.fr\/aupays\/vie-des-communes\/vie-a-monclar-de-quercy\/maison-marsillach-monteillet\/\" \/>\n<meta property=\"og:locale\" content=\"fr_FR\" \/>\n<meta property=\"og:type\" content=\"article\" \/>\n<meta property=\"og:title\" content=\"Nicolas M&amp;M - O.P.I. des Tescous\" \/>\n<meta property=\"og:description\" content=\"Pour vos repas de f\u00eates, pensez \u00e0 votre artisan p\u00e2tissier ! [...]\" \/>\n<meta property=\"og:url\" content=\"https:\/\/www.o-p-i.fr\/aupays\/vie-des-communes\/vie-a-monclar-de-quercy\/maison-marsillach-monteillet\/\" \/>\n<meta property=\"og:site_name\" content=\"O.P.I. des Tescous\" \/>\n<meta property=\"article:published_time\" content=\"2021-12-08T09:00:25+00:00\" \/>\n<meta property=\"article:modified_time\" content=\"2022-02-18T09:52:21+00:00\" \/>\n<meta property=\"og:image\" content=\"https:\/\/www.o-p-i.fr\/aupays\/wp-content\/uploads\/logo-n-m-scaled-e1639155176665.jpg\" \/>\n\t<meta property=\"og:image:width\" content=\"115\" \/>\n\t<meta property=\"og:image:height\" content=\"230\" \/>\n\t<meta property=\"og:image:type\" content=\"image\/jpeg\" \/>\n<meta name=\"author\" content=\"Emilie\" \/>\n<meta name=\"twitter:card\" content=\"summary_large_image\" \/>\n<meta name=\"twitter:label1\" content=\"\u00c9crit par\" \/>\n\t<meta name=\"twitter:data1\" content=\"Emilie\" \/>\n\t<meta name=\"twitter:label2\" content=\"Dur\u00e9e de lecture estim\u00e9e\" \/>\n\t<meta name=\"twitter:data2\" content=\"1 minute\" \/>\n\t<meta name=\"twitter:label3\" content=\"Written by\" \/>\n\t<meta name=\"twitter:data3\" content=\"Emilie\" \/>\n<script type=\"application\/ld+json\" class=\"yoast-schema-graph\">{\"@context\":\"https:\/\/schema.org\",\"@graph\":[{\"@type\":\"Article\",\"@id\":\"https:\/\/www.o-p-i.fr\/aupays\/vie-des-communes\/vie-a-monclar-de-quercy\/maison-marsillach-monteillet\/#article\",\"isPartOf\":{\"@id\":\"https:\/\/www.o-p-i.fr\/aupays\/vie-des-communes\/vie-a-monclar-de-quercy\/maison-marsillach-monteillet\/\"},\"author\":{\"name\":\"Emilie\",\"@id\":\"https:\/\/www.o-p-i.fr\/aupays\/#\/schema\/person\/7f804b2ab46dc4d2ffff62a3cc5540dd\"},\"headline\":\"Nicolas M&#038;M\",\"datePublished\":\"2021-12-08T09:00:25+00:00\",\"dateModified\":\"2022-02-18T09:52:21+00:00\",\"mainEntityOfPage\":{\"@id\":\"https:\/\/www.o-p-i.fr\/aupays\/vie-des-communes\/vie-a-monclar-de-quercy\/maison-marsillach-monteillet\/\"},\"wordCount\":128,\"publisher\":{\"@id\":\"https:\/\/www.o-p-i.fr\/aupays\/#organization\"},\"image\":{\"@id\":\"https:\/\/www.o-p-i.fr\/aupays\/vie-des-communes\/vie-a-monclar-de-quercy\/maison-marsillach-monteillet\/#primaryimage\"},\"thumbnailUrl\":\"https:\/\/www.o-p-i.fr\/aupays\/wp-content\/uploads\/logo-n-m-scaled-e1639155176665.jpg?wsr\",\"keywords\":[\"Monclar de Quercy\",\"Produits du terroir\",\"Alimentation\",\"Livraison\",\"Boulangerie\",\"P\u00e2tisserie\",\"Pain\",\"Viennoiserie\"],\"articleSection\":[\"\u00e0 Monclar de Quercy\",\"Commerce\",\"boulangerie\",\"Patisserie\",\"Traiteur\",\"Epicerie fine\"],\"inLanguage\":\"fr-FR\"},{\"@type\":\"WebPage\",\"@id\":\"https:\/\/www.o-p-i.fr\/aupays\/vie-des-communes\/vie-a-monclar-de-quercy\/maison-marsillach-monteillet\/\",\"url\":\"https:\/\/www.o-p-i.fr\/aupays\/vie-des-communes\/vie-a-monclar-de-quercy\/maison-marsillach-monteillet\/\",\"name\":\"Nicolas M&M - O.P.I. des Tescous\",\"isPartOf\":{\"@id\":\"https:\/\/www.o-p-i.fr\/aupays\/#website\"},\"primaryImageOfPage\":{\"@id\":\"https:\/\/www.o-p-i.fr\/aupays\/vie-des-communes\/vie-a-monclar-de-quercy\/maison-marsillach-monteillet\/#primaryimage\"},\"image\":{\"@id\":\"https:\/\/www.o-p-i.fr\/aupays\/vie-des-communes\/vie-a-monclar-de-quercy\/maison-marsillach-monteillet\/#primaryimage\"},\"thumbnailUrl\":\"https:\/\/www.o-p-i.fr\/aupays\/wp-content\/uploads\/logo-n-m-scaled-e1639155176665.jpg?wsr\",\"datePublished\":\"2021-12-08T09:00:25+00:00\",\"dateModified\":\"2022-02-18T09:52:21+00:00\",\"breadcrumb\":{\"@id\":\"https:\/\/www.o-p-i.fr\/aupays\/vie-des-communes\/vie-a-monclar-de-quercy\/maison-marsillach-monteillet\/#breadcrumb\"},\"inLanguage\":\"fr-FR\",\"potentialAction\":[{\"@type\":\"ReadAction\",\"target\":[\"https:\/\/www.o-p-i.fr\/aupays\/vie-des-communes\/vie-a-monclar-de-quercy\/maison-marsillach-monteillet\/\"]}]},{\"@type\":\"ImageObject\",\"inLanguage\":\"fr-FR\",\"@id\":\"https:\/\/www.o-p-i.fr\/aupays\/vie-des-communes\/vie-a-monclar-de-quercy\/maison-marsillach-monteillet\/#primaryimage\",\"url\":\"https:\/\/www.o-p-i.fr\/aupays\/wp-content\/uploads\/logo-n-m-scaled-e1639155176665.jpg?wsr\",\"contentUrl\":\"https:\/\/www.o-p-i.fr\/aupays\/wp-content\/uploads\/logo-n-m-scaled-e1639155176665.jpg?wsr\",\"width\":115,\"height\":230},{\"@type\":\"BreadcrumbList\",\"@id\":\"https:\/\/www.o-p-i.fr\/aupays\/vie-des-communes\/vie-a-monclar-de-quercy\/maison-marsillach-monteillet\/#breadcrumb\",\"itemListElement\":[{\"@type\":\"ListItem\",\"position\":1,\"name\":\"Accueil\",\"item\":\"https:\/\/www.o-p-i.fr\/aupays\/\"},{\"@type\":\"ListItem\",\"position\":2,\"name\":\"Nicolas M&#038;M\"}]},{\"@type\":\"WebSite\",\"@id\":\"https:\/\/www.o-p-i.fr\/aupays\/#website\",\"url\":\"https:\/\/www.o-p-i.fr\/aupays\/\",\"name\":\"O.P.I. des Tescou's\",\"description\":\"Le Magazine du Pays des Tescou&#039;s\",\"publisher\":{\"@id\":\"https:\/\/www.o-p-i.fr\/aupays\/#organization\"},\"potentialAction\":[{\"@type\":\"SearchAction\",\"target\":{\"@type\":\"EntryPoint\",\"urlTemplate\":\"https:\/\/www.o-p-i.fr\/aupays\/?s={search_term_string}\"},\"query-input\":{\"@type\":\"PropertyValueSpecification\",\"valueRequired\":true,\"valueName\":\"search_term_string\"}}],\"inLanguage\":\"fr-FR\"},{\"@type\":\"Organization\",\"@id\":\"https:\/\/www.o-p-i.fr\/aupays\/#organization\",\"name\":\"O.P.I. des Tescou's\",\"url\":\"https:\/\/www.o-p-i.fr\/aupays\/\",\"logo\":{\"@type\":\"ImageObject\",\"inLanguage\":\"fr-FR\",\"@id\":\"https:\/\/www.o-p-i.fr\/aupays\/#\/schema\/logo\/image\/\",\"url\":\"https:\/\/www.o-p-i.fr\/aupays\/wp-content\/uploads\/bebe.png\",\"contentUrl\":\"https:\/\/www.o-p-i.fr\/aupays\/wp-content\/uploads\/bebe.png\",\"width\":630,\"height\":250,\"caption\":\"O.P.I. des Tescou's\"},\"image\":{\"@id\":\"https:\/\/www.o-p-i.fr\/aupays\/#\/schema\/logo\/image\/\"}},{\"@type\":\"Person\",\"@id\":\"https:\/\/www.o-p-i.fr\/aupays\/#\/schema\/person\/7f804b2ab46dc4d2ffff62a3cc5540dd\",\"name\":\"Emilie\",\"image\":{\"@type\":\"ImageObject\",\"inLanguage\":\"fr-FR\",\"@id\":\"https:\/\/www.o-p-i.fr\/aupays\/#\/schema\/person\/image\/facaf85297164c5eeb35317497584283\",\"url\":\"https:\/\/secure.gravatar.com\/avatar\/fd7cb6990b830882b89c12b0b0ae62d9e30d6edda4b0842106757d94d4985565?s=96&d=monsterid&r=g\",\"contentUrl\":\"https:\/\/secure.gravatar.com\/avatar\/fd7cb6990b830882b89c12b0b0ae62d9e30d6edda4b0842106757d94d4985565?s=96&d=monsterid&r=g\",\"caption\":\"Emilie\"},\"sameAs\":[\"https:\/\/www.o-p-i.fr\/aupays\/vie-des-communes\/vie-a-monclar-de-quercy\/le-pain-rustique\/\"],\"url\":\"https:\/\/www.o-p-i.fr\/aupays\/author\/emilie\/\"}]}<\/script>\n<!-- \/ Yoast SEO plugin. -->","yoast_head_json":{"title":"Nicolas M&M - O.P.I. des Tescous","robots":{"index":"index","follow":"follow","max-snippet":"max-snippet:-1","max-image-preview":"max-image-preview:large","max-video-preview":"max-video-preview:-1"},"canonical":"https:\/\/www.o-p-i.fr\/aupays\/vie-des-communes\/vie-a-monclar-de-quercy\/maison-marsillach-monteillet\/","og_locale":"fr_FR","og_type":"article","og_title":"Nicolas M&M - O.P.I. des Tescous","og_description":"Pour vos repas de f\u00eates, pensez \u00e0 votre artisan p\u00e2tissier ! [...]","og_url":"https:\/\/www.o-p-i.fr\/aupays\/vie-des-communes\/vie-a-monclar-de-quercy\/maison-marsillach-monteillet\/","og_site_name":"O.P.I. des Tescous","article_published_time":"2021-12-08T09:00:25+00:00","article_modified_time":"2022-02-18T09:52:21+00:00","og_image":[{"width":115,"height":230,"url":"https:\/\/www.o-p-i.fr\/aupays\/wp-content\/uploads\/logo-n-m-scaled-e1639155176665.jpg","type":"image\/jpeg"}],"author":"Emilie","twitter_card":"summary_large_image","twitter_misc":{"\u00c9crit par":"Emilie","Dur\u00e9e de lecture estim\u00e9e":"1 minute","Written by":"Emilie"},"schema":{"@context":"https:\/\/schema.org","@graph":[{"@type":"Article","@id":"https:\/\/www.o-p-i.fr\/aupays\/vie-des-communes\/vie-a-monclar-de-quercy\/maison-marsillach-monteillet\/#article","isPartOf":{"@id":"https:\/\/www.o-p-i.fr\/aupays\/vie-des-communes\/vie-a-monclar-de-quercy\/maison-marsillach-monteillet\/"},"author":{"name":"Emilie","@id":"https:\/\/www.o-p-i.fr\/aupays\/#\/schema\/person\/7f804b2ab46dc4d2ffff62a3cc5540dd"},"headline":"Nicolas M&#038;M","datePublished":"2021-12-08T09:00:25+00:00","dateModified":"2022-02-18T09:52:21+00:00","mainEntityOfPage":{"@id":"https:\/\/www.o-p-i.fr\/aupays\/vie-des-communes\/vie-a-monclar-de-quercy\/maison-marsillach-monteillet\/"},"wordCount":128,"publisher":{"@id":"https:\/\/www.o-p-i.fr\/aupays\/#organization"},"image":{"@id":"https:\/\/www.o-p-i.fr\/aupays\/vie-des-communes\/vie-a-monclar-de-quercy\/maison-marsillach-monteillet\/#primaryimage"},"thumbnailUrl":"https:\/\/www.o-p-i.fr\/aupays\/wp-content\/uploads\/logo-n-m-scaled-e1639155176665.jpg?wsr","keywords":["Monclar de Quercy","Produits du terroir","Alimentation","Livraison","Boulangerie","P\u00e2tisserie","Pain","Viennoiserie"],"articleSection":["\u00e0 Monclar de Quercy","Commerce","boulangerie","Patisserie","Traiteur","Epicerie fine"],"inLanguage":"fr-FR"},{"@type":"WebPage","@id":"https:\/\/www.o-p-i.fr\/aupays\/vie-des-communes\/vie-a-monclar-de-quercy\/maison-marsillach-monteillet\/","url":"https:\/\/www.o-p-i.fr\/aupays\/vie-des-communes\/vie-a-monclar-de-quercy\/maison-marsillach-monteillet\/","name":"Nicolas M&M - O.P.I. des Tescous","isPartOf":{"@id":"https:\/\/www.o-p-i.fr\/aupays\/#website"},"primaryImageOfPage":{"@id":"https:\/\/www.o-p-i.fr\/aupays\/vie-des-communes\/vie-a-monclar-de-quercy\/maison-marsillach-monteillet\/#primaryimage"},"image":{"@id":"https:\/\/www.o-p-i.fr\/aupays\/vie-des-communes\/vie-a-monclar-de-quercy\/maison-marsillach-monteillet\/#primaryimage"},"thumbnailUrl":"https:\/\/www.o-p-i.fr\/aupays\/wp-content\/uploads\/logo-n-m-scaled-e1639155176665.jpg?wsr","datePublished":"2021-12-08T09:00:25+00:00","dateModified":"2022-02-18T09:52:21+00:00","breadcrumb":{"@id":"https:\/\/www.o-p-i.fr\/aupays\/vie-des-communes\/vie-a-monclar-de-quercy\/maison-marsillach-monteillet\/#breadcrumb"},"inLanguage":"fr-FR","potentialAction":[{"@type":"ReadAction","target":["https:\/\/www.o-p-i.fr\/aupays\/vie-des-communes\/vie-a-monclar-de-quercy\/maison-marsillach-monteillet\/"]}]},{"@type":"ImageObject","inLanguage":"fr-FR","@id":"https:\/\/www.o-p-i.fr\/aupays\/vie-des-communes\/vie-a-monclar-de-quercy\/maison-marsillach-monteillet\/#primaryimage","url":"https:\/\/www.o-p-i.fr\/aupays\/wp-content\/uploads\/logo-n-m-scaled-e1639155176665.jpg?wsr","contentUrl":"https:\/\/www.o-p-i.fr\/aupays\/wp-content\/uploads\/logo-n-m-scaled-e1639155176665.jpg?wsr","width":115,"height":230},{"@type":"BreadcrumbList","@id":"https:\/\/www.o-p-i.fr\/aupays\/vie-des-communes\/vie-a-monclar-de-quercy\/maison-marsillach-monteillet\/#breadcrumb","itemListElement":[{"@type":"ListItem","position":1,"name":"Accueil","item":"https:\/\/www.o-p-i.fr\/aupays\/"},{"@type":"ListItem","position":2,"name":"Nicolas M&#038;M"}]},{"@type":"WebSite","@id":"https:\/\/www.o-p-i.fr\/aupays\/#website","url":"https:\/\/www.o-p-i.fr\/aupays\/","name":"O.P.I. des Tescou's","description":"Le Magazine du Pays des Tescou&#039;s","publisher":{"@id":"https:\/\/www.o-p-i.fr\/aupays\/#organization"},"potentialAction":[{"@type":"SearchAction","target":{"@type":"EntryPoint","urlTemplate":"https:\/\/www.o-p-i.fr\/aupays\/?s={search_term_string}"},"query-input":{"@type":"PropertyValueSpecification","valueRequired":true,"valueName":"search_term_string"}}],"inLanguage":"fr-FR"},{"@type":"Organization","@id":"https:\/\/www.o-p-i.fr\/aupays\/#organization","name":"O.P.I. des Tescou's","url":"https:\/\/www.o-p-i.fr\/aupays\/","logo":{"@type":"ImageObject","inLanguage":"fr-FR","@id":"https:\/\/www.o-p-i.fr\/aupays\/#\/schema\/logo\/image\/","url":"https:\/\/www.o-p-i.fr\/aupays\/wp-content\/uploads\/bebe.png","contentUrl":"https:\/\/www.o-p-i.fr\/aupays\/wp-content\/uploads\/bebe.png","width":630,"height":250,"caption":"O.P.I. des Tescou's"},"image":{"@id":"https:\/\/www.o-p-i.fr\/aupays\/#\/schema\/logo\/image\/"}},{"@type":"Person","@id":"https:\/\/www.o-p-i.fr\/aupays\/#\/schema\/person\/7f804b2ab46dc4d2ffff62a3cc5540dd","name":"Emilie","image":{"@type":"ImageObject","inLanguage":"fr-FR","@id":"https:\/\/www.o-p-i.fr\/aupays\/#\/schema\/person\/image\/facaf85297164c5eeb35317497584283","url":"https:\/\/secure.gravatar.com\/avatar\/fd7cb6990b830882b89c12b0b0ae62d9e30d6edda4b0842106757d94d4985565?s=96&d=monsterid&r=g","contentUrl":"https:\/\/secure.gravatar.com\/avatar\/fd7cb6990b830882b89c12b0b0ae62d9e30d6edda4b0842106757d94d4985565?s=96&d=monsterid&r=g","caption":"Emilie"},"sameAs":["https:\/\/www.o-p-i.fr\/aupays\/vie-des-communes\/vie-a-monclar-de-quercy\/le-pain-rustique\/"],"url":"https:\/\/www.o-p-i.fr\/aupays\/author\/emilie\/"}]}},"jetpack_featured_media_url":"https:\/\/www.o-p-i.fr\/aupays\/wp-content\/uploads\/logo-n-m-scaled-e1639155176665.jpg?wsr","views":{"total":2,"cached_at":"","cached_date":1737840806},"jetpack_sharing_enabled":true,"jetpack-related-posts":[],"jetpack_shortlink":"https:\/\/wp.me\/pfni7X-pa","_links":{"self":[{"href":"https:\/\/www.o-p-i.fr\/aupays\/wp-json\/wp\/v2\/posts\/1560","targetHints":{"allow":["GET"]}}],"collection":[{"href":"https:\/\/www.o-p-i.fr\/aupays\/wp-json\/wp\/v2\/posts"}],"about":[{"href":"https:\/\/www.o-p-i.fr\/aupays\/wp-json\/wp\/v2\/types\/post"}],"author":[{"embeddable":true,"href":"https:\/\/www.o-p-i.fr\/aupays\/wp-json\/wp\/v2\/users\/2"}],"replies":[{"embeddable":true,"href":"https:\/\/www.o-p-i.fr\/aupays\/wp-json\/wp\/v2\/comments?post=1560"}],"version-history":[{"count":78,"href":"https:\/\/www.o-p-i.fr\/aupays\/wp-json\/wp\/v2\/posts\/1560\/revisions"}],"predecessor-version":[{"id":21280,"href":"https:\/\/www.o-p-i.fr\/aupays\/wp-json\/wp\/v2\/posts\/1560\/revisions\/21280"}],"wp:featuredmedia":[{"embeddable":true,"href":"https:\/\/www.o-p-i.fr\/aupays\/wp-json\/wp\/v2\/media\/21306"}],"wp:attachment":[{"href":"https:\/\/www.o-p-i.fr\/aupays\/wp-json\/wp\/v2\/media?parent=1560"}],"wp:term":[{"taxonomy":"category","embeddable":true,"href":"https:\/\/www.o-p-i.fr\/aupays\/wp-json\/wp\/v2\/categories?post=1560"},{"taxonomy":"post_tag","embeddable":true,"href":"https:\/\/www.o-p-i.fr\/aupays\/wp-json\/wp\/v2\/tags?post=1560"},{"taxonomy":"author","embeddable":true,"href":"https:\/\/www.o-p-i.fr\/aupays\/wp-json\/wp\/v2\/coauthors?post=1560"}],"curies":[{"name":"wp","href":"https:\/\/api.w.org\/{rel}","templated":true}]}}