{"id":1767,"date":"2016-10-21T07:47:51","date_gmt":"2016-10-21T06:47:51","guid":{"rendered":"\/aupays\/?p=1767"},"modified":"2024-03-14T15:11:20","modified_gmt":"2024-03-14T14:11:20","slug":"beauvais-sur-tescou-des-chiffres-et-des-lettres","status":"publish","type":"post","link":"https:\/\/www.o-p-i.fr\/aupays\/vie-des-communes\/vie-a-beauvais-sur-tescou\/beauvais-sur-tescou-des-chiffres-et-des-lettres\/","title":{"rendered":"Beauvais sur Tescou \u2026 des chiffres et des lettres !"},"content":{"rendered":"<p>Pour vous coll\u00e9giens qui avez un expos\u00e9 \u00e0 faire, pour vous citoyens qui venez de r\u00e9aliser que vous ne savez m\u00eame pas combien d\u2019habitants compte votre commune, pour vous curieux\u2026 quelques donn\u00e9es sur Beauvais sur Tescou !<!--more--><\/p>\n<p><strong>Donn\u00e9es G\u00e9ographiques <\/strong><\/p>\n<blockquote>\n<p class=\"Style13\" align=\"left\">Num\u00e9ro commune : 81024<br \/>\nCode postal : 81630<br \/>\nLatitude : 43\u00b0\u00a054&prime;\u00a039&Prime;\u00a0Nord<br \/>\nLongitude : 1\u00b0\u00a034&prime;\u00a014&Prime;\u00a0Est<br \/>\nSuperficie : 12,1 km\u00b2<br \/>\nAltitude : 128 m (mini) \u2013 230 m (maxi)<br \/>\nNombre d\u2019habitant : 330 hab.<br \/>\nDensit\u00e9 : 27.3 hab.\/km\u00b2<\/p>\n<p class=\"Style13\" align=\"left\"><a href=\"http:\/\/www.insee.fr\/fr\/themes\/comparateur.asp?codgeo=COM-81024\" target=\"_blank\" rel=\"noopener\">+ de donn\u00e9es sur le site de l&rsquo;INSEE<\/a><\/p>\n<\/blockquote>\n<p><strong>Histoire<\/strong><\/p>\n<blockquote><p><span style=\"text-decoration: underline;\">Histoire du village<\/span> : <em>Pas d\u2019information<\/em><br \/>\nVous en savez plus que nous ?! <a href=\"..\/sinformer\/donnees-insee\/sinformer\/donnees-insee\/contact\/\" target=\"_self\" rel=\"noopener\">N\u2019h\u00e9sitez pas \u00e0 partager votre savoir ! <\/a><\/p>\n<p><span style=\"text-decoration: underline;\">Pour ne pas mourir idiot<\/span> : Beauvais-sur-Tescou est une commune situ\u00e9e dans le d\u00e9partement du Tarn et la r\u00e9gion Midi-Pyr\u00e9n\u00e9es. Ses habitants sont appel\u00e9s les Beauvaisois et Beauvaisoises.<\/p><\/blockquote>\n<p><span style=\"border-radius: 2px; text-indent: 20px; width: auto; padding: 0px 4px 0px 0px; text-align: center; font: bold 11px\/20px 'Helvetica Neue',Helvetica,sans-serif; color: #ffffff; background: #bd081c no-repeat scroll 3px 50% \/ 14px 14px; position: absolute; opacity: 1; z-index: 8675309; display: none; cursor: pointer;\">Enregistrer<\/span><\/p>\n<p><span style=\"border-radius: 2px; text-indent: 20px; width: auto; padding: 0px 4px 0px 0px; text-align: center; font: bold 11px\/20px 'Helvetica Neue',Helvetica,sans-serif; color: #ffffff; background: #bd081c no-repeat scroll 3px 50% \/ 14px 14px; position: absolute; opacity: 1; z-index: 8675309; display: none; cursor: pointer;\">Enregistrer<\/span><\/p>\n<p><span style=\"border-radius: 2px; text-indent: 20px; width: auto; padding: 0px 4px 0px 0px; text-align: center; font: bold 11px\/20px 'Helvetica Neue',Helvetica,sans-serif; color: #ffffff; background: #bd081c no-repeat scroll 3px 50% \/ 14px 14px; position: absolute; opacity: 1; z-index: 8675309; display: none; cursor: pointer;\">Enregistrer<\/span><\/p>\n<p><span style=\"border-radius: 2px; text-indent: 20px; width: auto; padding: 0px 4px 0px 0px; text-align: center; font: bold 11px\/20px 'Helvetica Neue',Helvetica,sans-serif; color: #ffffff; background: #bd081c  no-repeat scroll 3px 50% \/ 14px 14px; position: absolute; opacity: 1; z-index: 8675309; display: none; cursor: pointer;\">Enregistrer<\/span><\/p>\n","protected":false},"excerpt":{"rendered":"<div class=\"mh-excerpt\">Pour vous coll\u00e9giens qui avez un expos\u00e9 \u00e0 faire, pour vous citoyens qui venez de r\u00e9aliser que vous ne savez m\u00eame pas combien d\u2019habitants compte votre commune, pour vous curieux\u2026 quelques donn\u00e9es sur Beauvais sur <a class=\"mh-excerpt-more\" href=\"https:\/\/www.o-p-i.fr\/aupays\/vie-des-communes\/vie-a-beauvais-sur-tescou\/beauvais-sur-tescou-des-chiffres-et-des-lettres\/\" title=\"Beauvais sur Tescou \u2026 des chiffres et des lettres !\">[&#8230;]<\/a><\/div>\n","protected":false},"author":2,"featured_media":0,"comment_status":"closed","ping_status":"open","sticky":false,"template":"","format":"standard","meta":{"_jetpack_memberships_contains_paid_content":false,"footnotes":"","_links_to":"","_links_to_target":""},"categories":[116,134],"tags":[82,83,100,166,770,197,200],"coauthors":[],"class_list":{"0":"post-1767","1":"post","2":"type-post","3":"status-publish","4":"format-standard","6":"category-vie-a-beauvais-sur-tescou","7":"category-donnees-insee","8":"tag-donnees-geographiques","9":"tag-histoire","10":"tag-beauvais-sur-tescou","11":"tag-tarn","12":"tag-donnees-insee","13":"tag-population","14":"tag-code-postal"},"yoast_head":"<!-- This site is optimized with the Yoast SEO plugin v27.1.1 - https:\/\/yoast.com\/product\/yoast-seo-wordpress\/ -->\n<title>Beauvais sur Tescou \u2026 des chiffres et des lettres ! - O.P.I. des Tescous<\/title>\n<meta name=\"robots\" content=\"index, follow, max-snippet:-1, max-image-preview:large, max-video-preview:-1\" \/>\n<link rel=\"canonical\" href=\"https:\/\/www.o-p-i.fr\/aupays\/vie-des-communes\/vie-a-beauvais-sur-tescou\/beauvais-sur-tescou-des-chiffres-et-des-lettres\/\" \/>\n<meta property=\"og:locale\" content=\"fr_FR\" \/>\n<meta property=\"og:type\" content=\"article\" \/>\n<meta property=\"og:title\" content=\"Beauvais sur Tescou \u2026 des chiffres et des lettres ! - O.P.I. des Tescous\" \/>\n<meta property=\"og:description\" content=\"Pour vous coll\u00e9giens qui avez un expos\u00e9 \u00e0 faire, pour vous citoyens qui venez de r\u00e9aliser que vous ne savez m\u00eame pas combien d\u2019habitants compte votre commune, pour vous curieux\u2026 quelques donn\u00e9es sur Beauvais sur [...]\" \/>\n<meta property=\"og:url\" content=\"https:\/\/www.o-p-i.fr\/aupays\/vie-des-communes\/vie-a-beauvais-sur-tescou\/beauvais-sur-tescou-des-chiffres-et-des-lettres\/\" \/>\n<meta property=\"og:site_name\" content=\"O.P.I. des Tescous\" \/>\n<meta property=\"article:published_time\" content=\"2016-10-21T06:47:51+00:00\" \/>\n<meta property=\"article:modified_time\" content=\"2024-03-14T14:11:20+00:00\" \/>\n<meta name=\"author\" content=\"Emilie\" \/>\n<meta name=\"twitter:card\" content=\"summary_large_image\" \/>\n<meta name=\"twitter:label1\" content=\"\u00c9crit par\" \/>\n\t<meta name=\"twitter:data1\" content=\"Emilie\" \/>\n\t<meta name=\"twitter:label2\" content=\"Dur\u00e9e de lecture estim\u00e9e\" \/>\n\t<meta name=\"twitter:data2\" content=\"1 minute\" \/>\n\t<meta name=\"twitter:label3\" content=\"Written by\" \/>\n\t<meta name=\"twitter:data3\" content=\"Emilie\" \/>\n<script type=\"application\/ld+json\" class=\"yoast-schema-graph\">{\"@context\":\"https:\/\/schema.org\",\"@graph\":[{\"@type\":\"Article\",\"@id\":\"https:\/\/www.o-p-i.fr\/aupays\/vie-des-communes\/vie-a-beauvais-sur-tescou\/beauvais-sur-tescou-des-chiffres-et-des-lettres\/#article\",\"isPartOf\":{\"@id\":\"https:\/\/www.o-p-i.fr\/aupays\/vie-des-communes\/vie-a-beauvais-sur-tescou\/beauvais-sur-tescou-des-chiffres-et-des-lettres\/\"},\"author\":{\"name\":\"Emilie\",\"@id\":\"https:\/\/www.o-p-i.fr\/aupays\/#\/schema\/person\/7f804b2ab46dc4d2ffff62a3cc5540dd\"},\"headline\":\"Beauvais sur Tescou \u2026 des chiffres et des lettres !\",\"datePublished\":\"2016-10-21T06:47:51+00:00\",\"dateModified\":\"2024-03-14T14:11:20+00:00\",\"mainEntityOfPage\":{\"@id\":\"https:\/\/www.o-p-i.fr\/aupays\/vie-des-communes\/vie-a-beauvais-sur-tescou\/beauvais-sur-tescou-des-chiffres-et-des-lettres\/\"},\"wordCount\":141,\"publisher\":{\"@id\":\"https:\/\/www.o-p-i.fr\/aupays\/#organization\"},\"keywords\":[\"Donn\u00e9es G\u00e9ographiques\",\"Histoire\",\"Beauvais sur Tescou\",\"Tarn\",\"Donn\u00e9es INSEE\",\"Population\",\"Code Postal\"],\"articleSection\":[\"\u00e0 Beauvais sur Tescou\",\"Donn\u00e9es INSEE\"],\"inLanguage\":\"fr-FR\"},{\"@type\":\"WebPage\",\"@id\":\"https:\/\/www.o-p-i.fr\/aupays\/vie-des-communes\/vie-a-beauvais-sur-tescou\/beauvais-sur-tescou-des-chiffres-et-des-lettres\/\",\"url\":\"https:\/\/www.o-p-i.fr\/aupays\/vie-des-communes\/vie-a-beauvais-sur-tescou\/beauvais-sur-tescou-des-chiffres-et-des-lettres\/\",\"name\":\"Beauvais sur Tescou \u2026 des chiffres et des lettres ! - O.P.I. des Tescous\",\"isPartOf\":{\"@id\":\"https:\/\/www.o-p-i.fr\/aupays\/#website\"},\"datePublished\":\"2016-10-21T06:47:51+00:00\",\"dateModified\":\"2024-03-14T14:11:20+00:00\",\"breadcrumb\":{\"@id\":\"https:\/\/www.o-p-i.fr\/aupays\/vie-des-communes\/vie-a-beauvais-sur-tescou\/beauvais-sur-tescou-des-chiffres-et-des-lettres\/#breadcrumb\"},\"inLanguage\":\"fr-FR\",\"potentialAction\":[{\"@type\":\"ReadAction\",\"target\":[\"https:\/\/www.o-p-i.fr\/aupays\/vie-des-communes\/vie-a-beauvais-sur-tescou\/beauvais-sur-tescou-des-chiffres-et-des-lettres\/\"]}]},{\"@type\":\"BreadcrumbList\",\"@id\":\"https:\/\/www.o-p-i.fr\/aupays\/vie-des-communes\/vie-a-beauvais-sur-tescou\/beauvais-sur-tescou-des-chiffres-et-des-lettres\/#breadcrumb\",\"itemListElement\":[{\"@type\":\"ListItem\",\"position\":1,\"name\":\"Accueil\",\"item\":\"https:\/\/www.o-p-i.fr\/aupays\/\"},{\"@type\":\"ListItem\",\"position\":2,\"name\":\"Beauvais sur Tescou \u2026 des chiffres et des lettres !\"}]},{\"@type\":\"WebSite\",\"@id\":\"https:\/\/www.o-p-i.fr\/aupays\/#website\",\"url\":\"https:\/\/www.o-p-i.fr\/aupays\/\",\"name\":\"O.P.I. des Tescou's\",\"description\":\"Le Magazine du Pays des Tescou&#039;s\",\"publisher\":{\"@id\":\"https:\/\/www.o-p-i.fr\/aupays\/#organization\"},\"potentialAction\":[{\"@type\":\"SearchAction\",\"target\":{\"@type\":\"EntryPoint\",\"urlTemplate\":\"https:\/\/www.o-p-i.fr\/aupays\/?s={search_term_string}\"},\"query-input\":{\"@type\":\"PropertyValueSpecification\",\"valueRequired\":true,\"valueName\":\"search_term_string\"}}],\"inLanguage\":\"fr-FR\"},{\"@type\":\"Organization\",\"@id\":\"https:\/\/www.o-p-i.fr\/aupays\/#organization\",\"name\":\"O.P.I. des Tescou's\",\"url\":\"https:\/\/www.o-p-i.fr\/aupays\/\",\"logo\":{\"@type\":\"ImageObject\",\"inLanguage\":\"fr-FR\",\"@id\":\"https:\/\/www.o-p-i.fr\/aupays\/#\/schema\/logo\/image\/\",\"url\":\"https:\/\/www.o-p-i.fr\/aupays\/wp-content\/uploads\/bebe.png\",\"contentUrl\":\"https:\/\/www.o-p-i.fr\/aupays\/wp-content\/uploads\/bebe.png\",\"width\":630,\"height\":250,\"caption\":\"O.P.I. des Tescou's\"},\"image\":{\"@id\":\"https:\/\/www.o-p-i.fr\/aupays\/#\/schema\/logo\/image\/\"}},{\"@type\":\"Person\",\"@id\":\"https:\/\/www.o-p-i.fr\/aupays\/#\/schema\/person\/7f804b2ab46dc4d2ffff62a3cc5540dd\",\"name\":\"Emilie\",\"image\":{\"@type\":\"ImageObject\",\"inLanguage\":\"fr-FR\",\"@id\":\"https:\/\/www.o-p-i.fr\/aupays\/#\/schema\/person\/image\/facaf85297164c5eeb35317497584283\",\"url\":\"https:\/\/secure.gravatar.com\/avatar\/fd7cb6990b830882b89c12b0b0ae62d9e30d6edda4b0842106757d94d4985565?s=96&d=monsterid&r=g\",\"contentUrl\":\"https:\/\/secure.gravatar.com\/avatar\/fd7cb6990b830882b89c12b0b0ae62d9e30d6edda4b0842106757d94d4985565?s=96&d=monsterid&r=g\",\"caption\":\"Emilie\"},\"sameAs\":[\"https:\/\/www.o-p-i.fr\/aupays\/vie-des-communes\/vie-a-monclar-de-quercy\/le-pain-rustique\/\"],\"url\":\"https:\/\/www.o-p-i.fr\/aupays\/author\/emilie\/\"}]}<\/script>\n<!-- \/ Yoast SEO plugin. -->","yoast_head_json":{"title":"Beauvais sur Tescou \u2026 des chiffres et des lettres ! - O.P.I. des Tescous","robots":{"index":"index","follow":"follow","max-snippet":"max-snippet:-1","max-image-preview":"max-image-preview:large","max-video-preview":"max-video-preview:-1"},"canonical":"https:\/\/www.o-p-i.fr\/aupays\/vie-des-communes\/vie-a-beauvais-sur-tescou\/beauvais-sur-tescou-des-chiffres-et-des-lettres\/","og_locale":"fr_FR","og_type":"article","og_title":"Beauvais sur Tescou \u2026 des chiffres et des lettres ! - O.P.I. des Tescous","og_description":"Pour vous coll\u00e9giens qui avez un expos\u00e9 \u00e0 faire, pour vous citoyens qui venez de r\u00e9aliser que vous ne savez m\u00eame pas combien d\u2019habitants compte votre commune, pour vous curieux\u2026 quelques donn\u00e9es sur Beauvais sur [...]","og_url":"https:\/\/www.o-p-i.fr\/aupays\/vie-des-communes\/vie-a-beauvais-sur-tescou\/beauvais-sur-tescou-des-chiffres-et-des-lettres\/","og_site_name":"O.P.I. des Tescous","article_published_time":"2016-10-21T06:47:51+00:00","article_modified_time":"2024-03-14T14:11:20+00:00","author":"Emilie","twitter_card":"summary_large_image","twitter_misc":{"\u00c9crit par":"Emilie","Dur\u00e9e de lecture estim\u00e9e":"1 minute","Written by":"Emilie"},"schema":{"@context":"https:\/\/schema.org","@graph":[{"@type":"Article","@id":"https:\/\/www.o-p-i.fr\/aupays\/vie-des-communes\/vie-a-beauvais-sur-tescou\/beauvais-sur-tescou-des-chiffres-et-des-lettres\/#article","isPartOf":{"@id":"https:\/\/www.o-p-i.fr\/aupays\/vie-des-communes\/vie-a-beauvais-sur-tescou\/beauvais-sur-tescou-des-chiffres-et-des-lettres\/"},"author":{"name":"Emilie","@id":"https:\/\/www.o-p-i.fr\/aupays\/#\/schema\/person\/7f804b2ab46dc4d2ffff62a3cc5540dd"},"headline":"Beauvais sur Tescou \u2026 des chiffres et des lettres !","datePublished":"2016-10-21T06:47:51+00:00","dateModified":"2024-03-14T14:11:20+00:00","mainEntityOfPage":{"@id":"https:\/\/www.o-p-i.fr\/aupays\/vie-des-communes\/vie-a-beauvais-sur-tescou\/beauvais-sur-tescou-des-chiffres-et-des-lettres\/"},"wordCount":141,"publisher":{"@id":"https:\/\/www.o-p-i.fr\/aupays\/#organization"},"keywords":["Donn\u00e9es G\u00e9ographiques","Histoire","Beauvais sur Tescou","Tarn","Donn\u00e9es INSEE","Population","Code Postal"],"articleSection":["\u00e0 Beauvais sur Tescou","Donn\u00e9es INSEE"],"inLanguage":"fr-FR"},{"@type":"WebPage","@id":"https:\/\/www.o-p-i.fr\/aupays\/vie-des-communes\/vie-a-beauvais-sur-tescou\/beauvais-sur-tescou-des-chiffres-et-des-lettres\/","url":"https:\/\/www.o-p-i.fr\/aupays\/vie-des-communes\/vie-a-beauvais-sur-tescou\/beauvais-sur-tescou-des-chiffres-et-des-lettres\/","name":"Beauvais sur Tescou \u2026 des chiffres et des lettres ! - O.P.I. des Tescous","isPartOf":{"@id":"https:\/\/www.o-p-i.fr\/aupays\/#website"},"datePublished":"2016-10-21T06:47:51+00:00","dateModified":"2024-03-14T14:11:20+00:00","breadcrumb":{"@id":"https:\/\/www.o-p-i.fr\/aupays\/vie-des-communes\/vie-a-beauvais-sur-tescou\/beauvais-sur-tescou-des-chiffres-et-des-lettres\/#breadcrumb"},"inLanguage":"fr-FR","potentialAction":[{"@type":"ReadAction","target":["https:\/\/www.o-p-i.fr\/aupays\/vie-des-communes\/vie-a-beauvais-sur-tescou\/beauvais-sur-tescou-des-chiffres-et-des-lettres\/"]}]},{"@type":"BreadcrumbList","@id":"https:\/\/www.o-p-i.fr\/aupays\/vie-des-communes\/vie-a-beauvais-sur-tescou\/beauvais-sur-tescou-des-chiffres-et-des-lettres\/#breadcrumb","itemListElement":[{"@type":"ListItem","position":1,"name":"Accueil","item":"https:\/\/www.o-p-i.fr\/aupays\/"},{"@type":"ListItem","position":2,"name":"Beauvais sur Tescou \u2026 des chiffres et des lettres !"}]},{"@type":"WebSite","@id":"https:\/\/www.o-p-i.fr\/aupays\/#website","url":"https:\/\/www.o-p-i.fr\/aupays\/","name":"O.P.I. des Tescou's","description":"Le Magazine du Pays des Tescou&#039;s","publisher":{"@id":"https:\/\/www.o-p-i.fr\/aupays\/#organization"},"potentialAction":[{"@type":"SearchAction","target":{"@type":"EntryPoint","urlTemplate":"https:\/\/www.o-p-i.fr\/aupays\/?s={search_term_string}"},"query-input":{"@type":"PropertyValueSpecification","valueRequired":true,"valueName":"search_term_string"}}],"inLanguage":"fr-FR"},{"@type":"Organization","@id":"https:\/\/www.o-p-i.fr\/aupays\/#organization","name":"O.P.I. des Tescou's","url":"https:\/\/www.o-p-i.fr\/aupays\/","logo":{"@type":"ImageObject","inLanguage":"fr-FR","@id":"https:\/\/www.o-p-i.fr\/aupays\/#\/schema\/logo\/image\/","url":"https:\/\/www.o-p-i.fr\/aupays\/wp-content\/uploads\/bebe.png","contentUrl":"https:\/\/www.o-p-i.fr\/aupays\/wp-content\/uploads\/bebe.png","width":630,"height":250,"caption":"O.P.I. des Tescou's"},"image":{"@id":"https:\/\/www.o-p-i.fr\/aupays\/#\/schema\/logo\/image\/"}},{"@type":"Person","@id":"https:\/\/www.o-p-i.fr\/aupays\/#\/schema\/person\/7f804b2ab46dc4d2ffff62a3cc5540dd","name":"Emilie","image":{"@type":"ImageObject","inLanguage":"fr-FR","@id":"https:\/\/www.o-p-i.fr\/aupays\/#\/schema\/person\/image\/facaf85297164c5eeb35317497584283","url":"https:\/\/secure.gravatar.com\/avatar\/fd7cb6990b830882b89c12b0b0ae62d9e30d6edda4b0842106757d94d4985565?s=96&d=monsterid&r=g","contentUrl":"https:\/\/secure.gravatar.com\/avatar\/fd7cb6990b830882b89c12b0b0ae62d9e30d6edda4b0842106757d94d4985565?s=96&d=monsterid&r=g","caption":"Emilie"},"sameAs":["https:\/\/www.o-p-i.fr\/aupays\/vie-des-communes\/vie-a-monclar-de-quercy\/le-pain-rustique\/"],"url":"https:\/\/www.o-p-i.fr\/aupays\/author\/emilie\/"}]}},"jetpack_featured_media_url":"","views":{"total":0,"cached_at":"","cached_date":1737854629},"jetpack_sharing_enabled":true,"jetpack-related-posts":[],"jetpack_shortlink":"https:\/\/wp.me\/pfni7X-sv","_links":{"self":[{"href":"https:\/\/www.o-p-i.fr\/aupays\/wp-json\/wp\/v2\/posts\/1767","targetHints":{"allow":["GET"]}}],"collection":[{"href":"https:\/\/www.o-p-i.fr\/aupays\/wp-json\/wp\/v2\/posts"}],"about":[{"href":"https:\/\/www.o-p-i.fr\/aupays\/wp-json\/wp\/v2\/types\/post"}],"author":[{"embeddable":true,"href":"https:\/\/www.o-p-i.fr\/aupays\/wp-json\/wp\/v2\/users\/2"}],"replies":[{"embeddable":true,"href":"https:\/\/www.o-p-i.fr\/aupays\/wp-json\/wp\/v2\/comments?post=1767"}],"version-history":[{"count":13,"href":"https:\/\/www.o-p-i.fr\/aupays\/wp-json\/wp\/v2\/posts\/1767\/revisions"}],"predecessor-version":[{"id":29471,"href":"https:\/\/www.o-p-i.fr\/aupays\/wp-json\/wp\/v2\/posts\/1767\/revisions\/29471"}],"wp:attachment":[{"href":"https:\/\/www.o-p-i.fr\/aupays\/wp-json\/wp\/v2\/media?parent=1767"}],"wp:term":[{"taxonomy":"category","embeddable":true,"href":"https:\/\/www.o-p-i.fr\/aupays\/wp-json\/wp\/v2\/categories?post=1767"},{"taxonomy":"post_tag","embeddable":true,"href":"https:\/\/www.o-p-i.fr\/aupays\/wp-json\/wp\/v2\/tags?post=1767"},{"taxonomy":"author","embeddable":true,"href":"https:\/\/www.o-p-i.fr\/aupays\/wp-json\/wp\/v2\/coauthors?post=1767"}],"curies":[{"name":"wp","href":"https:\/\/api.w.org\/{rel}","templated":true}]}}