{"id":21640,"date":"2022-01-13T18:20:32","date_gmt":"2022-01-13T17:20:32","guid":{"rendered":"https:\/\/www.o-p-i.fr\/aupays\/?p=21640"},"modified":"2022-02-22T17:15:59","modified_gmt":"2022-02-22T16:15:59","slug":"theatre-en-quercy-vert","status":"publish","type":"post","link":"https:\/\/www.o-p-i.fr\/aupays\/monclar-de-quercy\/theatre-en-quercy-vert\/","title":{"rendered":"The\u00e2tre en Quercy Vert"},"content":{"rendered":"<h2 style=\"text-align: center;\"><span style=\"color: #ff6600;\"><em>The\u00e2tre en Quercy Vert<\/em><\/span><\/h2>\n<p>&nbsp;<\/p>\n<h2 style=\"text-align: center;\"><\/h2>\n<h4 style=\"text-align: center;\"><span style=\"color: #800080;\"><em>Organisation les the\u00e2trales\u00a0 en quercy vert depuis 1996 pour troupes amateurs d\u00e9but avril\u00a0<\/em><\/span><\/h4>\n<h4 style=\"text-align: center;\"><span style=\"color: #800080;\"><em> dans la salle des f\u00eates de <\/em><\/span><\/h4>\n<h4 style=\"text-align: center;\"><span style=\"color: #800080;\"><em>ST\u00a0 CAPRAIS 82230 LA SALVETAT.<\/em><\/span><\/h4>\n<p>&nbsp;<\/p>\n<p>&nbsp;<\/p>\n<p>&nbsp;<\/p>\n<p style=\"text-align: center;\"><span style=\"color: #008000;\"><strong>CONTACT:<\/strong><\/span><\/p>\n<p>&nbsp;<\/p>\n<p style=\"text-align: center;\"><strong><span style=\"color: #0000ff;\">Bordja Michel<\/span><\/strong><\/p>\n<p style=\"text-align: center;\"><strong><span style=\"color: #0000ff;\">264 vc1 de Belmontet<\/span><\/strong><\/p>\n<p style=\"text-align: center;\"><strong><span style=\"color: #0000ff;\">82230 La Salvetat Belmontet<\/span><\/strong><\/p>\n<p style=\"text-align: center;\"><strong><span style=\"color: #0000ff;\">tel: <span style=\"color: #3366ff;\">0563304731<\/span><\/span><\/strong><\/p>\n<p style=\"text-align: center;\"><strong><span style=\"color: #0000ff;\">Mail:<\/span>\u00a0<span style=\"color: #3366ff;\"><a style=\"color: #3366ff;\" href=\"michel.bordja@wanadoo.fr\">michel.bordja@wanadoo.fr<\/a><\/span><\/strong><\/p>\n<p>&nbsp;<\/p>\n","protected":false},"excerpt":{"rendered":"<div class=\"mh-excerpt\">The\u00e2tre en Quercy Vert &nbsp; Organisation les the\u00e2trales\u00a0 en quercy vert depuis 1996 pour troupes amateurs d\u00e9but avril\u00a0 dans la salle des f\u00eates de ST\u00a0 CAPRAIS 82230 LA SALVETAT. &nbsp; &nbsp; &nbsp; CONTACT: &nbsp; Bordja <a class=\"mh-excerpt-more\" href=\"https:\/\/www.o-p-i.fr\/aupays\/monclar-de-quercy\/theatre-en-quercy-vert\/\" title=\"The\u00e2tre en Quercy Vert\">[&#8230;]<\/a><\/div>\n","protected":false},"author":6,"featured_media":0,"comment_status":"closed","ping_status":"open","sticky":false,"template":"","format":"standard","meta":{"_jetpack_memberships_contains_paid_content":false,"footnotes":"","_links_to":"","_links_to_target":""},"categories":[885,897],"tags":[507],"coauthors":[],"class_list":{"0":"post-21640","1":"post","2":"type-post","3":"status-publish","4":"format-standard","6":"category-monclar-de-quercy","7":"category-theatre","8":"tag-theatre"},"yoast_head":"<!-- This site is optimized with the Yoast SEO plugin v27.1.1 - https:\/\/yoast.com\/product\/yoast-seo-wordpress\/ -->\n<title>The\u00e2tre en Quercy Vert - O.P.I. des Tescous<\/title>\n<meta name=\"robots\" content=\"index, follow, max-snippet:-1, max-image-preview:large, max-video-preview:-1\" \/>\n<link rel=\"canonical\" href=\"https:\/\/www.o-p-i.fr\/aupays\/monclar-de-quercy\/theatre-en-quercy-vert\/\" \/>\n<meta property=\"og:locale\" content=\"fr_FR\" \/>\n<meta property=\"og:type\" content=\"article\" \/>\n<meta property=\"og:title\" content=\"The\u00e2tre en Quercy Vert - O.P.I. des Tescous\" \/>\n<meta property=\"og:description\" content=\"The\u00e2tre en Quercy Vert &nbsp; Organisation les the\u00e2trales\u00a0 en quercy vert depuis 1996 pour troupes amateurs d\u00e9but avril\u00a0 dans la salle des f\u00eates de ST\u00a0 CAPRAIS 82230 LA SALVETAT. &nbsp; &nbsp; &nbsp; CONTACT: &nbsp; Bordja [...]\" \/>\n<meta property=\"og:url\" content=\"https:\/\/www.o-p-i.fr\/aupays\/monclar-de-quercy\/theatre-en-quercy-vert\/\" \/>\n<meta property=\"og:site_name\" content=\"O.P.I. des Tescous\" \/>\n<meta property=\"article:published_time\" content=\"2022-01-13T17:20:32+00:00\" \/>\n<meta property=\"article:modified_time\" content=\"2022-02-22T16:15:59+00:00\" \/>\n<meta name=\"author\" content=\"Cathy MOULIN\" \/>\n<meta name=\"twitter:card\" content=\"summary_large_image\" \/>\n<meta name=\"twitter:label1\" content=\"\u00c9crit par\" \/>\n\t<meta name=\"twitter:data1\" content=\"Cathy MOULIN\" \/>\n\t<meta name=\"twitter:label2\" content=\"Written by\" \/>\n\t<meta name=\"twitter:data2\" content=\"Cathy MOULIN\" \/>\n<script type=\"application\/ld+json\" class=\"yoast-schema-graph\">{\"@context\":\"https:\/\/schema.org\",\"@graph\":[{\"@type\":\"Article\",\"@id\":\"https:\/\/www.o-p-i.fr\/aupays\/monclar-de-quercy\/theatre-en-quercy-vert\/#article\",\"isPartOf\":{\"@id\":\"https:\/\/www.o-p-i.fr\/aupays\/monclar-de-quercy\/theatre-en-quercy-vert\/\"},\"author\":{\"name\":\"Cathy MOULIN\",\"@id\":\"https:\/\/www.o-p-i.fr\/aupays\/#\/schema\/person\/60436cde4e5a9284f48f6251e7d3ec2d\"},\"headline\":\"The\u00e2tre en Quercy Vert\",\"datePublished\":\"2022-01-13T17:20:32+00:00\",\"dateModified\":\"2022-02-22T16:15:59+00:00\",\"mainEntityOfPage\":{\"@id\":\"https:\/\/www.o-p-i.fr\/aupays\/monclar-de-quercy\/theatre-en-quercy-vert\/\"},\"wordCount\":56,\"publisher\":{\"@id\":\"https:\/\/www.o-p-i.fr\/aupays\/#organization\"},\"keywords\":[\"Th\u00e9\u00e2tre\"],\"articleSection\":[\"Monclar de Quercy\",\"th\u00e9\u00e2tre\"],\"inLanguage\":\"fr-FR\"},{\"@type\":\"WebPage\",\"@id\":\"https:\/\/www.o-p-i.fr\/aupays\/monclar-de-quercy\/theatre-en-quercy-vert\/\",\"url\":\"https:\/\/www.o-p-i.fr\/aupays\/monclar-de-quercy\/theatre-en-quercy-vert\/\",\"name\":\"The\u00e2tre en Quercy Vert - O.P.I. des Tescous\",\"isPartOf\":{\"@id\":\"https:\/\/www.o-p-i.fr\/aupays\/#website\"},\"datePublished\":\"2022-01-13T17:20:32+00:00\",\"dateModified\":\"2022-02-22T16:15:59+00:00\",\"breadcrumb\":{\"@id\":\"https:\/\/www.o-p-i.fr\/aupays\/monclar-de-quercy\/theatre-en-quercy-vert\/#breadcrumb\"},\"inLanguage\":\"fr-FR\",\"potentialAction\":[{\"@type\":\"ReadAction\",\"target\":[\"https:\/\/www.o-p-i.fr\/aupays\/monclar-de-quercy\/theatre-en-quercy-vert\/\"]}]},{\"@type\":\"BreadcrumbList\",\"@id\":\"https:\/\/www.o-p-i.fr\/aupays\/monclar-de-quercy\/theatre-en-quercy-vert\/#breadcrumb\",\"itemListElement\":[{\"@type\":\"ListItem\",\"position\":1,\"name\":\"Accueil\",\"item\":\"https:\/\/www.o-p-i.fr\/aupays\/\"},{\"@type\":\"ListItem\",\"position\":2,\"name\":\"The\u00e2tre en Quercy Vert\"}]},{\"@type\":\"WebSite\",\"@id\":\"https:\/\/www.o-p-i.fr\/aupays\/#website\",\"url\":\"https:\/\/www.o-p-i.fr\/aupays\/\",\"name\":\"O.P.I. des Tescou's\",\"description\":\"Le Magazine du Pays des Tescou&#039;s\",\"publisher\":{\"@id\":\"https:\/\/www.o-p-i.fr\/aupays\/#organization\"},\"potentialAction\":[{\"@type\":\"SearchAction\",\"target\":{\"@type\":\"EntryPoint\",\"urlTemplate\":\"https:\/\/www.o-p-i.fr\/aupays\/?s={search_term_string}\"},\"query-input\":{\"@type\":\"PropertyValueSpecification\",\"valueRequired\":true,\"valueName\":\"search_term_string\"}}],\"inLanguage\":\"fr-FR\"},{\"@type\":\"Organization\",\"@id\":\"https:\/\/www.o-p-i.fr\/aupays\/#organization\",\"name\":\"O.P.I. des Tescou's\",\"url\":\"https:\/\/www.o-p-i.fr\/aupays\/\",\"logo\":{\"@type\":\"ImageObject\",\"inLanguage\":\"fr-FR\",\"@id\":\"https:\/\/www.o-p-i.fr\/aupays\/#\/schema\/logo\/image\/\",\"url\":\"https:\/\/www.o-p-i.fr\/aupays\/wp-content\/uploads\/bebe.png\",\"contentUrl\":\"https:\/\/www.o-p-i.fr\/aupays\/wp-content\/uploads\/bebe.png\",\"width\":630,\"height\":250,\"caption\":\"O.P.I. des Tescou's\"},\"image\":{\"@id\":\"https:\/\/www.o-p-i.fr\/aupays\/#\/schema\/logo\/image\/\"}},{\"@type\":\"Person\",\"@id\":\"https:\/\/www.o-p-i.fr\/aupays\/#\/schema\/person\/60436cde4e5a9284f48f6251e7d3ec2d\",\"name\":\"Cathy MOULIN\",\"image\":{\"@type\":\"ImageObject\",\"inLanguage\":\"fr-FR\",\"@id\":\"https:\/\/www.o-p-i.fr\/aupays\/#\/schema\/person\/image\/9af7a9ad13da405972fc6f7b7312bc4c\",\"url\":\"https:\/\/secure.gravatar.com\/avatar\/07568b87133c2b4190f7ba6b013a14406c0876f8b6625bedcecd050c8b39bd36?s=96&d=monsterid&r=g\",\"contentUrl\":\"https:\/\/secure.gravatar.com\/avatar\/07568b87133c2b4190f7ba6b013a14406c0876f8b6625bedcecd050c8b39bd36?s=96&d=monsterid&r=g\",\"caption\":\"Cathy MOULIN\"},\"sameAs\":[\"https:\/\/www.o-p-i.fr\/aupays\/\"],\"url\":\"https:\/\/www.o-p-i.fr\/aupays\/author\/cathy-moulin\/\"}]}<\/script>\n<!-- \/ Yoast SEO plugin. -->","yoast_head_json":{"title":"The\u00e2tre en Quercy Vert - O.P.I. des Tescous","robots":{"index":"index","follow":"follow","max-snippet":"max-snippet:-1","max-image-preview":"max-image-preview:large","max-video-preview":"max-video-preview:-1"},"canonical":"https:\/\/www.o-p-i.fr\/aupays\/monclar-de-quercy\/theatre-en-quercy-vert\/","og_locale":"fr_FR","og_type":"article","og_title":"The\u00e2tre en Quercy Vert - O.P.I. des Tescous","og_description":"The\u00e2tre en Quercy Vert &nbsp; Organisation les the\u00e2trales\u00a0 en quercy vert depuis 1996 pour troupes amateurs d\u00e9but avril\u00a0 dans la salle des f\u00eates de ST\u00a0 CAPRAIS 82230 LA SALVETAT. &nbsp; &nbsp; &nbsp; CONTACT: &nbsp; Bordja [...]","og_url":"https:\/\/www.o-p-i.fr\/aupays\/monclar-de-quercy\/theatre-en-quercy-vert\/","og_site_name":"O.P.I. des Tescous","article_published_time":"2022-01-13T17:20:32+00:00","article_modified_time":"2022-02-22T16:15:59+00:00","author":"Cathy MOULIN","twitter_card":"summary_large_image","twitter_misc":{"\u00c9crit par":"Cathy MOULIN","Written by":"Cathy MOULIN"},"schema":{"@context":"https:\/\/schema.org","@graph":[{"@type":"Article","@id":"https:\/\/www.o-p-i.fr\/aupays\/monclar-de-quercy\/theatre-en-quercy-vert\/#article","isPartOf":{"@id":"https:\/\/www.o-p-i.fr\/aupays\/monclar-de-quercy\/theatre-en-quercy-vert\/"},"author":{"name":"Cathy MOULIN","@id":"https:\/\/www.o-p-i.fr\/aupays\/#\/schema\/person\/60436cde4e5a9284f48f6251e7d3ec2d"},"headline":"The\u00e2tre en Quercy Vert","datePublished":"2022-01-13T17:20:32+00:00","dateModified":"2022-02-22T16:15:59+00:00","mainEntityOfPage":{"@id":"https:\/\/www.o-p-i.fr\/aupays\/monclar-de-quercy\/theatre-en-quercy-vert\/"},"wordCount":56,"publisher":{"@id":"https:\/\/www.o-p-i.fr\/aupays\/#organization"},"keywords":["Th\u00e9\u00e2tre"],"articleSection":["Monclar de Quercy","th\u00e9\u00e2tre"],"inLanguage":"fr-FR"},{"@type":"WebPage","@id":"https:\/\/www.o-p-i.fr\/aupays\/monclar-de-quercy\/theatre-en-quercy-vert\/","url":"https:\/\/www.o-p-i.fr\/aupays\/monclar-de-quercy\/theatre-en-quercy-vert\/","name":"The\u00e2tre en Quercy Vert - O.P.I. des Tescous","isPartOf":{"@id":"https:\/\/www.o-p-i.fr\/aupays\/#website"},"datePublished":"2022-01-13T17:20:32+00:00","dateModified":"2022-02-22T16:15:59+00:00","breadcrumb":{"@id":"https:\/\/www.o-p-i.fr\/aupays\/monclar-de-quercy\/theatre-en-quercy-vert\/#breadcrumb"},"inLanguage":"fr-FR","potentialAction":[{"@type":"ReadAction","target":["https:\/\/www.o-p-i.fr\/aupays\/monclar-de-quercy\/theatre-en-quercy-vert\/"]}]},{"@type":"BreadcrumbList","@id":"https:\/\/www.o-p-i.fr\/aupays\/monclar-de-quercy\/theatre-en-quercy-vert\/#breadcrumb","itemListElement":[{"@type":"ListItem","position":1,"name":"Accueil","item":"https:\/\/www.o-p-i.fr\/aupays\/"},{"@type":"ListItem","position":2,"name":"The\u00e2tre en Quercy Vert"}]},{"@type":"WebSite","@id":"https:\/\/www.o-p-i.fr\/aupays\/#website","url":"https:\/\/www.o-p-i.fr\/aupays\/","name":"O.P.I. des Tescou's","description":"Le Magazine du Pays des Tescou&#039;s","publisher":{"@id":"https:\/\/www.o-p-i.fr\/aupays\/#organization"},"potentialAction":[{"@type":"SearchAction","target":{"@type":"EntryPoint","urlTemplate":"https:\/\/www.o-p-i.fr\/aupays\/?s={search_term_string}"},"query-input":{"@type":"PropertyValueSpecification","valueRequired":true,"valueName":"search_term_string"}}],"inLanguage":"fr-FR"},{"@type":"Organization","@id":"https:\/\/www.o-p-i.fr\/aupays\/#organization","name":"O.P.I. des Tescou's","url":"https:\/\/www.o-p-i.fr\/aupays\/","logo":{"@type":"ImageObject","inLanguage":"fr-FR","@id":"https:\/\/www.o-p-i.fr\/aupays\/#\/schema\/logo\/image\/","url":"https:\/\/www.o-p-i.fr\/aupays\/wp-content\/uploads\/bebe.png","contentUrl":"https:\/\/www.o-p-i.fr\/aupays\/wp-content\/uploads\/bebe.png","width":630,"height":250,"caption":"O.P.I. des Tescou's"},"image":{"@id":"https:\/\/www.o-p-i.fr\/aupays\/#\/schema\/logo\/image\/"}},{"@type":"Person","@id":"https:\/\/www.o-p-i.fr\/aupays\/#\/schema\/person\/60436cde4e5a9284f48f6251e7d3ec2d","name":"Cathy MOULIN","image":{"@type":"ImageObject","inLanguage":"fr-FR","@id":"https:\/\/www.o-p-i.fr\/aupays\/#\/schema\/person\/image\/9af7a9ad13da405972fc6f7b7312bc4c","url":"https:\/\/secure.gravatar.com\/avatar\/07568b87133c2b4190f7ba6b013a14406c0876f8b6625bedcecd050c8b39bd36?s=96&d=monsterid&r=g","contentUrl":"https:\/\/secure.gravatar.com\/avatar\/07568b87133c2b4190f7ba6b013a14406c0876f8b6625bedcecd050c8b39bd36?s=96&d=monsterid&r=g","caption":"Cathy MOULIN"},"sameAs":["https:\/\/www.o-p-i.fr\/aupays\/"],"url":"https:\/\/www.o-p-i.fr\/aupays\/author\/cathy-moulin\/"}]}},"jetpack_featured_media_url":"","views":{"total":0,"cached_at":"","cached_date":1737841353},"jetpack_sharing_enabled":true,"jetpack-related-posts":[],"jetpack_shortlink":"https:\/\/wp.me\/pfni7X-5D2","_links":{"self":[{"href":"https:\/\/www.o-p-i.fr\/aupays\/wp-json\/wp\/v2\/posts\/21640","targetHints":{"allow":["GET"]}}],"collection":[{"href":"https:\/\/www.o-p-i.fr\/aupays\/wp-json\/wp\/v2\/posts"}],"about":[{"href":"https:\/\/www.o-p-i.fr\/aupays\/wp-json\/wp\/v2\/types\/post"}],"author":[{"embeddable":true,"href":"https:\/\/www.o-p-i.fr\/aupays\/wp-json\/wp\/v2\/users\/6"}],"replies":[{"embeddable":true,"href":"https:\/\/www.o-p-i.fr\/aupays\/wp-json\/wp\/v2\/comments?post=21640"}],"version-history":[{"count":4,"href":"https:\/\/www.o-p-i.fr\/aupays\/wp-json\/wp\/v2\/posts\/21640\/revisions"}],"predecessor-version":[{"id":22268,"href":"https:\/\/www.o-p-i.fr\/aupays\/wp-json\/wp\/v2\/posts\/21640\/revisions\/22268"}],"wp:attachment":[{"href":"https:\/\/www.o-p-i.fr\/aupays\/wp-json\/wp\/v2\/media?parent=21640"}],"wp:term":[{"taxonomy":"category","embeddable":true,"href":"https:\/\/www.o-p-i.fr\/aupays\/wp-json\/wp\/v2\/categories?post=21640"},{"taxonomy":"post_tag","embeddable":true,"href":"https:\/\/www.o-p-i.fr\/aupays\/wp-json\/wp\/v2\/tags?post=21640"},{"taxonomy":"author","embeddable":true,"href":"https:\/\/www.o-p-i.fr\/aupays\/wp-json\/wp\/v2\/coauthors?post=21640"}],"curies":[{"name":"wp","href":"https:\/\/api.w.org\/{rel}","templated":true}]}}