{"id":2776,"date":"2017-03-09T16:40:01","date_gmt":"2017-03-09T15:40:01","guid":{"rendered":"\/aupays\/?p=2776"},"modified":"2021-07-12T14:25:07","modified_gmt":"2021-07-12T13:25:07","slug":"bibliotheque-municipale-a-salvagnac","status":"publish","type":"post","link":"https:\/\/www.o-p-i.fr\/aupays\/annuaire\/loisirs\/bibliotheque-municipale-a-salvagnac\/","title":{"rendered":"Biblioth\u00e8que Municipale &#8230; \u00e0 Salvagnac"},"content":{"rendered":"<p><span style=\"color: #808000;\"><strong>Permanences :<\/strong><\/span><br \/>\nmercredi : de 10h00 \u00e0 12h et\u00a0 de 14h30 \u00a0\u00e0 16 h 30<br \/>\nsamedi : de 10h00 \u00e0 12h<br \/>\ndimanche : de 10h00 \u00e0 12h<\/p>\n<p>Horaires d&rsquo;\u00e9t\u00e9 (Juillet Aout) :<br \/>\nmercredi : de 10h00 \u00e0 12h00<br \/>\ndimanche : de 10h00 \u00e0 12h00<\/p>\n<p><span style=\"color: #ff6600;\"><strong>Acc\u00e8s Internet<\/strong><\/span><\/p>\n<p><span style=\"color: #808000;\"><strong>Adresse<\/strong> <\/span>: 7 all\u00e9e Jean Jaur\u00e8s<br \/>\n81630 SALVAGNAC<\/p>\n<p><strong><span style=\"color: #808000;\">N\u00b0T\u00e9l<\/span> <\/strong>: 05 63 40 59 02<\/p>\n<p><strong><span style=\"color: #808000;\">Courriel <\/span>:<\/strong> <a href=\"mailto:biblio.salvagnac@wanadoo.fr\">biblio.salvagnac@wanadoo.fr<\/a><\/p>\n<p><a href=\"https:\/\/www.o-p-i.fr\/aupays\/nos-villages\/en-pratique-a-salvagnac\/\" target=\"_self\" rel=\"noopener noreferrer\">Retour aux Infos Pratiques \u00e0 Salvagnac<\/a><\/p>\n","protected":false},"excerpt":{"rendered":"<div class=\"mh-excerpt\">Permanences : mercredi : de 10h00 \u00e0 12h et\u00a0 de 14h30 \u00a0\u00e0 16 h 30 samedi : de 10h00 \u00e0 12h dimanche : de 10h00 \u00e0 12h Horaires d&rsquo;\u00e9t\u00e9 (Juillet Aout) : mercredi : de <a class=\"mh-excerpt-more\" href=\"https:\/\/www.o-p-i.fr\/aupays\/annuaire\/loisirs\/bibliotheque-municipale-a-salvagnac\/\" title=\"Biblioth\u00e8que Municipale &#8230; \u00e0 Salvagnac\">[&#8230;]<\/a><\/div>\n","protected":false},"author":2,"featured_media":0,"comment_status":"closed","ping_status":"open","sticky":false,"template":"","format":"standard","meta":{"_jetpack_memberships_contains_paid_content":false,"footnotes":"","_links_to":"","_links_to_target":""},"categories":[69,129,583,596,598],"tags":[50,95,16,582,469],"coauthors":[],"class_list":{"0":"post-2776","1":"post","2":"type-post","3":"status-publish","4":"format-standard","6":"category-loisirs","7":"category-vie-a-salvagnac","8":"category-culture-annuaire","9":"category-administration-annuaire","10":"category-services","11":"tag-bibliotheque","12":"tag-administration","13":"tag-salvagnac","14":"tag-activite-culturelle","15":"tag-asso"},"yoast_head":"<!-- This site is optimized with the Yoast SEO plugin v27.1.1 - https:\/\/yoast.com\/product\/yoast-seo-wordpress\/ -->\n<title>Biblioth\u00e8que Municipale ... \u00e0 Salvagnac - O.P.I. des Tescous<\/title>\n<meta name=\"robots\" content=\"index, follow, max-snippet:-1, max-image-preview:large, max-video-preview:-1\" \/>\n<link rel=\"canonical\" href=\"https:\/\/www.o-p-i.fr\/aupays\/annuaire\/loisirs\/bibliotheque-municipale-a-salvagnac\/\" \/>\n<meta property=\"og:locale\" content=\"fr_FR\" \/>\n<meta property=\"og:type\" content=\"article\" \/>\n<meta property=\"og:title\" content=\"Biblioth\u00e8que Municipale ... \u00e0 Salvagnac - O.P.I. des Tescous\" \/>\n<meta property=\"og:description\" content=\"Permanences : mercredi : de 10h00 \u00e0 12h et\u00a0 de 14h30 \u00a0\u00e0 16 h 30 samedi : de 10h00 \u00e0 12h dimanche : de 10h00 \u00e0 12h Horaires d&rsquo;\u00e9t\u00e9 (Juillet Aout) : mercredi : de [...]\" \/>\n<meta property=\"og:url\" content=\"https:\/\/www.o-p-i.fr\/aupays\/annuaire\/loisirs\/bibliotheque-municipale-a-salvagnac\/\" \/>\n<meta property=\"og:site_name\" content=\"O.P.I. des Tescous\" \/>\n<meta property=\"article:published_time\" content=\"2017-03-09T15:40:01+00:00\" \/>\n<meta property=\"article:modified_time\" content=\"2021-07-12T13:25:07+00:00\" \/>\n<meta name=\"author\" content=\"Emilie\" \/>\n<meta name=\"twitter:card\" content=\"summary_large_image\" \/>\n<meta name=\"twitter:label1\" content=\"\u00c9crit par\" \/>\n\t<meta name=\"twitter:data1\" content=\"Emilie\" \/>\n\t<meta name=\"twitter:label2\" content=\"Written by\" \/>\n\t<meta name=\"twitter:data2\" content=\"Emilie\" \/>\n<script type=\"application\/ld+json\" class=\"yoast-schema-graph\">{\"@context\":\"https:\/\/schema.org\",\"@graph\":[{\"@type\":\"Article\",\"@id\":\"https:\/\/www.o-p-i.fr\/aupays\/annuaire\/loisirs\/bibliotheque-municipale-a-salvagnac\/#article\",\"isPartOf\":{\"@id\":\"https:\/\/www.o-p-i.fr\/aupays\/annuaire\/loisirs\/bibliotheque-municipale-a-salvagnac\/\"},\"author\":{\"name\":\"Emilie\",\"@id\":\"https:\/\/www.o-p-i.fr\/aupays\/#\/schema\/person\/7f804b2ab46dc4d2ffff62a3cc5540dd\"},\"headline\":\"Biblioth\u00e8que Municipale &#8230; \u00e0 Salvagnac\",\"datePublished\":\"2017-03-09T15:40:01+00:00\",\"dateModified\":\"2021-07-12T13:25:07+00:00\",\"mainEntityOfPage\":{\"@id\":\"https:\/\/www.o-p-i.fr\/aupays\/annuaire\/loisirs\/bibliotheque-municipale-a-salvagnac\/\"},\"wordCount\":57,\"publisher\":{\"@id\":\"https:\/\/www.o-p-i.fr\/aupays\/#organization\"},\"keywords\":[\"Biblioth\u00e8que\",\"Administration\",\"Salvagnac\",\"Activit\u00e9 Culturelle\",\"Association\"],\"articleSection\":[\"Loisirs\",\"\u00e0 Salvagnac\",\"Culture\",\"Administration\",\"Services\"],\"inLanguage\":\"fr-FR\"},{\"@type\":\"WebPage\",\"@id\":\"https:\/\/www.o-p-i.fr\/aupays\/annuaire\/loisirs\/bibliotheque-municipale-a-salvagnac\/\",\"url\":\"https:\/\/www.o-p-i.fr\/aupays\/annuaire\/loisirs\/bibliotheque-municipale-a-salvagnac\/\",\"name\":\"Biblioth\u00e8que Municipale ... \u00e0 Salvagnac - O.P.I. des Tescous\",\"isPartOf\":{\"@id\":\"https:\/\/www.o-p-i.fr\/aupays\/#website\"},\"datePublished\":\"2017-03-09T15:40:01+00:00\",\"dateModified\":\"2021-07-12T13:25:07+00:00\",\"breadcrumb\":{\"@id\":\"https:\/\/www.o-p-i.fr\/aupays\/annuaire\/loisirs\/bibliotheque-municipale-a-salvagnac\/#breadcrumb\"},\"inLanguage\":\"fr-FR\",\"potentialAction\":[{\"@type\":\"ReadAction\",\"target\":[\"https:\/\/www.o-p-i.fr\/aupays\/annuaire\/loisirs\/bibliotheque-municipale-a-salvagnac\/\"]}]},{\"@type\":\"BreadcrumbList\",\"@id\":\"https:\/\/www.o-p-i.fr\/aupays\/annuaire\/loisirs\/bibliotheque-municipale-a-salvagnac\/#breadcrumb\",\"itemListElement\":[{\"@type\":\"ListItem\",\"position\":1,\"name\":\"Accueil\",\"item\":\"https:\/\/www.o-p-i.fr\/aupays\/\"},{\"@type\":\"ListItem\",\"position\":2,\"name\":\"Biblioth\u00e8que Municipale &#8230; \u00e0 Salvagnac\"}]},{\"@type\":\"WebSite\",\"@id\":\"https:\/\/www.o-p-i.fr\/aupays\/#website\",\"url\":\"https:\/\/www.o-p-i.fr\/aupays\/\",\"name\":\"O.P.I. des Tescou's\",\"description\":\"Le Magazine du Pays des Tescou&#039;s\",\"publisher\":{\"@id\":\"https:\/\/www.o-p-i.fr\/aupays\/#organization\"},\"potentialAction\":[{\"@type\":\"SearchAction\",\"target\":{\"@type\":\"EntryPoint\",\"urlTemplate\":\"https:\/\/www.o-p-i.fr\/aupays\/?s={search_term_string}\"},\"query-input\":{\"@type\":\"PropertyValueSpecification\",\"valueRequired\":true,\"valueName\":\"search_term_string\"}}],\"inLanguage\":\"fr-FR\"},{\"@type\":\"Organization\",\"@id\":\"https:\/\/www.o-p-i.fr\/aupays\/#organization\",\"name\":\"O.P.I. des Tescou's\",\"url\":\"https:\/\/www.o-p-i.fr\/aupays\/\",\"logo\":{\"@type\":\"ImageObject\",\"inLanguage\":\"fr-FR\",\"@id\":\"https:\/\/www.o-p-i.fr\/aupays\/#\/schema\/logo\/image\/\",\"url\":\"https:\/\/www.o-p-i.fr\/aupays\/wp-content\/uploads\/bebe.png\",\"contentUrl\":\"https:\/\/www.o-p-i.fr\/aupays\/wp-content\/uploads\/bebe.png\",\"width\":630,\"height\":250,\"caption\":\"O.P.I. des Tescou's\"},\"image\":{\"@id\":\"https:\/\/www.o-p-i.fr\/aupays\/#\/schema\/logo\/image\/\"}},{\"@type\":\"Person\",\"@id\":\"https:\/\/www.o-p-i.fr\/aupays\/#\/schema\/person\/7f804b2ab46dc4d2ffff62a3cc5540dd\",\"name\":\"Emilie\",\"image\":{\"@type\":\"ImageObject\",\"inLanguage\":\"fr-FR\",\"@id\":\"https:\/\/www.o-p-i.fr\/aupays\/#\/schema\/person\/image\/facaf85297164c5eeb35317497584283\",\"url\":\"https:\/\/secure.gravatar.com\/avatar\/fd7cb6990b830882b89c12b0b0ae62d9e30d6edda4b0842106757d94d4985565?s=96&d=monsterid&r=g\",\"contentUrl\":\"https:\/\/secure.gravatar.com\/avatar\/fd7cb6990b830882b89c12b0b0ae62d9e30d6edda4b0842106757d94d4985565?s=96&d=monsterid&r=g\",\"caption\":\"Emilie\"},\"sameAs\":[\"https:\/\/www.o-p-i.fr\/aupays\/vie-des-communes\/vie-a-monclar-de-quercy\/le-pain-rustique\/\"],\"url\":\"https:\/\/www.o-p-i.fr\/aupays\/author\/emilie\/\"}]}<\/script>\n<!-- \/ Yoast SEO plugin. -->","yoast_head_json":{"title":"Biblioth\u00e8que Municipale ... \u00e0 Salvagnac - O.P.I. des Tescous","robots":{"index":"index","follow":"follow","max-snippet":"max-snippet:-1","max-image-preview":"max-image-preview:large","max-video-preview":"max-video-preview:-1"},"canonical":"https:\/\/www.o-p-i.fr\/aupays\/annuaire\/loisirs\/bibliotheque-municipale-a-salvagnac\/","og_locale":"fr_FR","og_type":"article","og_title":"Biblioth\u00e8que Municipale ... \u00e0 Salvagnac - O.P.I. des Tescous","og_description":"Permanences : mercredi : de 10h00 \u00e0 12h et\u00a0 de 14h30 \u00a0\u00e0 16 h 30 samedi : de 10h00 \u00e0 12h dimanche : de 10h00 \u00e0 12h Horaires d&rsquo;\u00e9t\u00e9 (Juillet Aout) : mercredi : de [...]","og_url":"https:\/\/www.o-p-i.fr\/aupays\/annuaire\/loisirs\/bibliotheque-municipale-a-salvagnac\/","og_site_name":"O.P.I. des Tescous","article_published_time":"2017-03-09T15:40:01+00:00","article_modified_time":"2021-07-12T13:25:07+00:00","author":"Emilie","twitter_card":"summary_large_image","twitter_misc":{"\u00c9crit par":"Emilie","Written by":"Emilie"},"schema":{"@context":"https:\/\/schema.org","@graph":[{"@type":"Article","@id":"https:\/\/www.o-p-i.fr\/aupays\/annuaire\/loisirs\/bibliotheque-municipale-a-salvagnac\/#article","isPartOf":{"@id":"https:\/\/www.o-p-i.fr\/aupays\/annuaire\/loisirs\/bibliotheque-municipale-a-salvagnac\/"},"author":{"name":"Emilie","@id":"https:\/\/www.o-p-i.fr\/aupays\/#\/schema\/person\/7f804b2ab46dc4d2ffff62a3cc5540dd"},"headline":"Biblioth\u00e8que Municipale &#8230; \u00e0 Salvagnac","datePublished":"2017-03-09T15:40:01+00:00","dateModified":"2021-07-12T13:25:07+00:00","mainEntityOfPage":{"@id":"https:\/\/www.o-p-i.fr\/aupays\/annuaire\/loisirs\/bibliotheque-municipale-a-salvagnac\/"},"wordCount":57,"publisher":{"@id":"https:\/\/www.o-p-i.fr\/aupays\/#organization"},"keywords":["Biblioth\u00e8que","Administration","Salvagnac","Activit\u00e9 Culturelle","Association"],"articleSection":["Loisirs","\u00e0 Salvagnac","Culture","Administration","Services"],"inLanguage":"fr-FR"},{"@type":"WebPage","@id":"https:\/\/www.o-p-i.fr\/aupays\/annuaire\/loisirs\/bibliotheque-municipale-a-salvagnac\/","url":"https:\/\/www.o-p-i.fr\/aupays\/annuaire\/loisirs\/bibliotheque-municipale-a-salvagnac\/","name":"Biblioth\u00e8que Municipale ... \u00e0 Salvagnac - O.P.I. des Tescous","isPartOf":{"@id":"https:\/\/www.o-p-i.fr\/aupays\/#website"},"datePublished":"2017-03-09T15:40:01+00:00","dateModified":"2021-07-12T13:25:07+00:00","breadcrumb":{"@id":"https:\/\/www.o-p-i.fr\/aupays\/annuaire\/loisirs\/bibliotheque-municipale-a-salvagnac\/#breadcrumb"},"inLanguage":"fr-FR","potentialAction":[{"@type":"ReadAction","target":["https:\/\/www.o-p-i.fr\/aupays\/annuaire\/loisirs\/bibliotheque-municipale-a-salvagnac\/"]}]},{"@type":"BreadcrumbList","@id":"https:\/\/www.o-p-i.fr\/aupays\/annuaire\/loisirs\/bibliotheque-municipale-a-salvagnac\/#breadcrumb","itemListElement":[{"@type":"ListItem","position":1,"name":"Accueil","item":"https:\/\/www.o-p-i.fr\/aupays\/"},{"@type":"ListItem","position":2,"name":"Biblioth\u00e8que Municipale &#8230; \u00e0 Salvagnac"}]},{"@type":"WebSite","@id":"https:\/\/www.o-p-i.fr\/aupays\/#website","url":"https:\/\/www.o-p-i.fr\/aupays\/","name":"O.P.I. des Tescou's","description":"Le Magazine du Pays des Tescou&#039;s","publisher":{"@id":"https:\/\/www.o-p-i.fr\/aupays\/#organization"},"potentialAction":[{"@type":"SearchAction","target":{"@type":"EntryPoint","urlTemplate":"https:\/\/www.o-p-i.fr\/aupays\/?s={search_term_string}"},"query-input":{"@type":"PropertyValueSpecification","valueRequired":true,"valueName":"search_term_string"}}],"inLanguage":"fr-FR"},{"@type":"Organization","@id":"https:\/\/www.o-p-i.fr\/aupays\/#organization","name":"O.P.I. des Tescou's","url":"https:\/\/www.o-p-i.fr\/aupays\/","logo":{"@type":"ImageObject","inLanguage":"fr-FR","@id":"https:\/\/www.o-p-i.fr\/aupays\/#\/schema\/logo\/image\/","url":"https:\/\/www.o-p-i.fr\/aupays\/wp-content\/uploads\/bebe.png","contentUrl":"https:\/\/www.o-p-i.fr\/aupays\/wp-content\/uploads\/bebe.png","width":630,"height":250,"caption":"O.P.I. des Tescou's"},"image":{"@id":"https:\/\/www.o-p-i.fr\/aupays\/#\/schema\/logo\/image\/"}},{"@type":"Person","@id":"https:\/\/www.o-p-i.fr\/aupays\/#\/schema\/person\/7f804b2ab46dc4d2ffff62a3cc5540dd","name":"Emilie","image":{"@type":"ImageObject","inLanguage":"fr-FR","@id":"https:\/\/www.o-p-i.fr\/aupays\/#\/schema\/person\/image\/facaf85297164c5eeb35317497584283","url":"https:\/\/secure.gravatar.com\/avatar\/fd7cb6990b830882b89c12b0b0ae62d9e30d6edda4b0842106757d94d4985565?s=96&d=monsterid&r=g","contentUrl":"https:\/\/secure.gravatar.com\/avatar\/fd7cb6990b830882b89c12b0b0ae62d9e30d6edda4b0842106757d94d4985565?s=96&d=monsterid&r=g","caption":"Emilie"},"sameAs":["https:\/\/www.o-p-i.fr\/aupays\/vie-des-communes\/vie-a-monclar-de-quercy\/le-pain-rustique\/"],"url":"https:\/\/www.o-p-i.fr\/aupays\/author\/emilie\/"}]}},"jetpack_featured_media_url":"","views":{"total":0,"cached_at":"","cached_date":1737840839},"jetpack_sharing_enabled":true,"jetpack-related-posts":[],"jetpack_shortlink":"https:\/\/wp.me\/pfni7X-IM","_links":{"self":[{"href":"https:\/\/www.o-p-i.fr\/aupays\/wp-json\/wp\/v2\/posts\/2776","targetHints":{"allow":["GET"]}}],"collection":[{"href":"https:\/\/www.o-p-i.fr\/aupays\/wp-json\/wp\/v2\/posts"}],"about":[{"href":"https:\/\/www.o-p-i.fr\/aupays\/wp-json\/wp\/v2\/types\/post"}],"author":[{"embeddable":true,"href":"https:\/\/www.o-p-i.fr\/aupays\/wp-json\/wp\/v2\/users\/2"}],"replies":[{"embeddable":true,"href":"https:\/\/www.o-p-i.fr\/aupays\/wp-json\/wp\/v2\/comments?post=2776"}],"version-history":[{"count":38,"href":"https:\/\/www.o-p-i.fr\/aupays\/wp-json\/wp\/v2\/posts\/2776\/revisions"}],"predecessor-version":[{"id":19325,"href":"https:\/\/www.o-p-i.fr\/aupays\/wp-json\/wp\/v2\/posts\/2776\/revisions\/19325"}],"wp:attachment":[{"href":"https:\/\/www.o-p-i.fr\/aupays\/wp-json\/wp\/v2\/media?parent=2776"}],"wp:term":[{"taxonomy":"category","embeddable":true,"href":"https:\/\/www.o-p-i.fr\/aupays\/wp-json\/wp\/v2\/categories?post=2776"},{"taxonomy":"post_tag","embeddable":true,"href":"https:\/\/www.o-p-i.fr\/aupays\/wp-json\/wp\/v2\/tags?post=2776"},{"taxonomy":"author","embeddable":true,"href":"https:\/\/www.o-p-i.fr\/aupays\/wp-json\/wp\/v2\/coauthors?post=2776"}],"curies":[{"name":"wp","href":"https:\/\/api.w.org\/{rel}","templated":true}]}}