{"id":2935,"date":"2010-01-10T18:41:26","date_gmt":"2010-01-10T17:41:26","guid":{"rendered":"\/aupays\/?p=2935"},"modified":"2013-10-04T17:01:05","modified_gmt":"2013-10-04T16:01:05","slug":"tresorerie-generale-du-tarn","status":"publish","type":"post","link":"https:\/\/www.o-p-i.fr\/aupays\/vie-des-communes\/vie-a-salvagnac\/tresorerie-generale-du-tarn\/","title":{"rendered":"Tr\u00e9sorerie G\u00e9n\u00e9rale du Tarn"},"content":{"rendered":"<p><strong><span style=\"color: #808000;\">Adresse <\/span><\/strong>: 3 Quai des Escouci\u00e8res<br \/>\n81800 RABASTENS<\/p>\n<p><span style=\"color: #808000;\"><strong>T\u00e9l. :<\/strong><\/span> 05 63 33 75 14<span class=\"Style20\"><span class=\"Style1 Style3 Style6 Style10\"><strong><span style=\"color: #808000;\"><br \/>\n<\/span><\/strong><\/span><\/span><\/p>\n<p><a href=\"..\/nos-villages\/salvagnac\/nos-villages\/salvagnac\/nos-villages\/salvagnac\/nos-villages\/salvagnac\/nos-villages\/salvagnac\/nos-villages\/en-pratique-a-salvagnac\/\" target=\"_self\">Retour aux Infos Pratiques \u00e0 Salvagnac<\/a><\/p>\n","protected":false},"excerpt":{"rendered":"<div class=\"mh-excerpt\">Adresse : 3 Quai des Escouci\u00e8res 81800 RABASTENS T\u00e9l. : 05 63 33 75 14 Retour aux Infos Pratiques \u00e0 Salvagnac<\/div>\n","protected":false},"author":2,"featured_media":0,"comment_status":"closed","ping_status":"open","sticky":false,"template":"","format":"standard","meta":{"_jetpack_memberships_contains_paid_content":false,"footnotes":"","_links_to":"","_links_to_target":""},"categories":[129,596],"tags":[95,16,321],"coauthors":[],"class_list":{"0":"post-2935","1":"post","2":"type-post","3":"status-publish","4":"format-standard","6":"category-vie-a-salvagnac","7":"category-administration-annuaire","8":"tag-administration","9":"tag-salvagnac","10":"tag-tresor-public"},"yoast_head":"<!-- This site is optimized with the Yoast SEO plugin v27.1.1 - https:\/\/yoast.com\/product\/yoast-seo-wordpress\/ -->\n<title>Tr\u00e9sorerie G\u00e9n\u00e9rale du Tarn - O.P.I. des Tescous<\/title>\n<meta name=\"robots\" content=\"index, follow, max-snippet:-1, max-image-preview:large, max-video-preview:-1\" \/>\n<link rel=\"canonical\" href=\"https:\/\/www.o-p-i.fr\/aupays\/vie-des-communes\/vie-a-salvagnac\/tresorerie-generale-du-tarn\/\" \/>\n<meta property=\"og:locale\" content=\"fr_FR\" \/>\n<meta property=\"og:type\" content=\"article\" \/>\n<meta property=\"og:title\" content=\"Tr\u00e9sorerie G\u00e9n\u00e9rale du Tarn - O.P.I. des Tescous\" \/>\n<meta property=\"og:description\" content=\"Adresse : 3 Quai des Escouci\u00e8res 81800 RABASTENS T\u00e9l. : 05 63 33 75 14 Retour aux Infos Pratiques \u00e0 Salvagnac\" \/>\n<meta property=\"og:url\" content=\"https:\/\/www.o-p-i.fr\/aupays\/vie-des-communes\/vie-a-salvagnac\/tresorerie-generale-du-tarn\/\" \/>\n<meta property=\"og:site_name\" content=\"O.P.I. des Tescous\" \/>\n<meta property=\"article:published_time\" content=\"2010-01-10T17:41:26+00:00\" \/>\n<meta property=\"article:modified_time\" content=\"2013-10-04T16:01:05+00:00\" \/>\n<meta name=\"author\" content=\"Emilie\" \/>\n<meta name=\"twitter:card\" content=\"summary_large_image\" \/>\n<meta name=\"twitter:label1\" content=\"\u00c9crit par\" \/>\n\t<meta name=\"twitter:data1\" content=\"Emilie\" \/>\n\t<meta name=\"twitter:label2\" content=\"Written by\" \/>\n\t<meta name=\"twitter:data2\" content=\"Emilie\" \/>\n<script type=\"application\/ld+json\" class=\"yoast-schema-graph\">{\"@context\":\"https:\/\/schema.org\",\"@graph\":[{\"@type\":\"Article\",\"@id\":\"https:\/\/www.o-p-i.fr\/aupays\/vie-des-communes\/vie-a-salvagnac\/tresorerie-generale-du-tarn\/#article\",\"isPartOf\":{\"@id\":\"https:\/\/www.o-p-i.fr\/aupays\/vie-des-communes\/vie-a-salvagnac\/tresorerie-generale-du-tarn\/\"},\"author\":{\"name\":\"Emilie\",\"@id\":\"https:\/\/www.o-p-i.fr\/aupays\/#\/schema\/person\/7f804b2ab46dc4d2ffff62a3cc5540dd\"},\"headline\":\"Tr\u00e9sorerie G\u00e9n\u00e9rale du Tarn\",\"datePublished\":\"2010-01-10T17:41:26+00:00\",\"dateModified\":\"2013-10-04T16:01:05+00:00\",\"mainEntityOfPage\":{\"@id\":\"https:\/\/www.o-p-i.fr\/aupays\/vie-des-communes\/vie-a-salvagnac\/tresorerie-generale-du-tarn\/\"},\"wordCount\":20,\"publisher\":{\"@id\":\"https:\/\/www.o-p-i.fr\/aupays\/#organization\"},\"keywords\":[\"Administration\",\"Salvagnac\",\"Tr\u00e9sor Public\"],\"articleSection\":[\"\u00e0 Salvagnac\",\"Administration\"],\"inLanguage\":\"fr-FR\"},{\"@type\":\"WebPage\",\"@id\":\"https:\/\/www.o-p-i.fr\/aupays\/vie-des-communes\/vie-a-salvagnac\/tresorerie-generale-du-tarn\/\",\"url\":\"https:\/\/www.o-p-i.fr\/aupays\/vie-des-communes\/vie-a-salvagnac\/tresorerie-generale-du-tarn\/\",\"name\":\"Tr\u00e9sorerie G\u00e9n\u00e9rale du Tarn - O.P.I. des Tescous\",\"isPartOf\":{\"@id\":\"https:\/\/www.o-p-i.fr\/aupays\/#website\"},\"datePublished\":\"2010-01-10T17:41:26+00:00\",\"dateModified\":\"2013-10-04T16:01:05+00:00\",\"breadcrumb\":{\"@id\":\"https:\/\/www.o-p-i.fr\/aupays\/vie-des-communes\/vie-a-salvagnac\/tresorerie-generale-du-tarn\/#breadcrumb\"},\"inLanguage\":\"fr-FR\",\"potentialAction\":[{\"@type\":\"ReadAction\",\"target\":[\"https:\/\/www.o-p-i.fr\/aupays\/vie-des-communes\/vie-a-salvagnac\/tresorerie-generale-du-tarn\/\"]}]},{\"@type\":\"BreadcrumbList\",\"@id\":\"https:\/\/www.o-p-i.fr\/aupays\/vie-des-communes\/vie-a-salvagnac\/tresorerie-generale-du-tarn\/#breadcrumb\",\"itemListElement\":[{\"@type\":\"ListItem\",\"position\":1,\"name\":\"Accueil\",\"item\":\"https:\/\/www.o-p-i.fr\/aupays\/\"},{\"@type\":\"ListItem\",\"position\":2,\"name\":\"Tr\u00e9sorerie G\u00e9n\u00e9rale du Tarn\"}]},{\"@type\":\"WebSite\",\"@id\":\"https:\/\/www.o-p-i.fr\/aupays\/#website\",\"url\":\"https:\/\/www.o-p-i.fr\/aupays\/\",\"name\":\"O.P.I. des Tescou's\",\"description\":\"Le Magazine du Pays des Tescou&#039;s\",\"publisher\":{\"@id\":\"https:\/\/www.o-p-i.fr\/aupays\/#organization\"},\"potentialAction\":[{\"@type\":\"SearchAction\",\"target\":{\"@type\":\"EntryPoint\",\"urlTemplate\":\"https:\/\/www.o-p-i.fr\/aupays\/?s={search_term_string}\"},\"query-input\":{\"@type\":\"PropertyValueSpecification\",\"valueRequired\":true,\"valueName\":\"search_term_string\"}}],\"inLanguage\":\"fr-FR\"},{\"@type\":\"Organization\",\"@id\":\"https:\/\/www.o-p-i.fr\/aupays\/#organization\",\"name\":\"O.P.I. des Tescou's\",\"url\":\"https:\/\/www.o-p-i.fr\/aupays\/\",\"logo\":{\"@type\":\"ImageObject\",\"inLanguage\":\"fr-FR\",\"@id\":\"https:\/\/www.o-p-i.fr\/aupays\/#\/schema\/logo\/image\/\",\"url\":\"https:\/\/www.o-p-i.fr\/aupays\/wp-content\/uploads\/bebe.png\",\"contentUrl\":\"https:\/\/www.o-p-i.fr\/aupays\/wp-content\/uploads\/bebe.png\",\"width\":630,\"height\":250,\"caption\":\"O.P.I. des Tescou's\"},\"image\":{\"@id\":\"https:\/\/www.o-p-i.fr\/aupays\/#\/schema\/logo\/image\/\"}},{\"@type\":\"Person\",\"@id\":\"https:\/\/www.o-p-i.fr\/aupays\/#\/schema\/person\/7f804b2ab46dc4d2ffff62a3cc5540dd\",\"name\":\"Emilie\",\"image\":{\"@type\":\"ImageObject\",\"inLanguage\":\"fr-FR\",\"@id\":\"https:\/\/www.o-p-i.fr\/aupays\/#\/schema\/person\/image\/facaf85297164c5eeb35317497584283\",\"url\":\"https:\/\/secure.gravatar.com\/avatar\/fd7cb6990b830882b89c12b0b0ae62d9e30d6edda4b0842106757d94d4985565?s=96&d=monsterid&r=g\",\"contentUrl\":\"https:\/\/secure.gravatar.com\/avatar\/fd7cb6990b830882b89c12b0b0ae62d9e30d6edda4b0842106757d94d4985565?s=96&d=monsterid&r=g\",\"caption\":\"Emilie\"},\"sameAs\":[\"https:\/\/www.o-p-i.fr\/aupays\/vie-des-communes\/vie-a-monclar-de-quercy\/le-pain-rustique\/\"],\"url\":\"https:\/\/www.o-p-i.fr\/aupays\/author\/emilie\/\"}]}<\/script>\n<!-- \/ Yoast SEO plugin. -->","yoast_head_json":{"title":"Tr\u00e9sorerie G\u00e9n\u00e9rale du Tarn - O.P.I. des Tescous","robots":{"index":"index","follow":"follow","max-snippet":"max-snippet:-1","max-image-preview":"max-image-preview:large","max-video-preview":"max-video-preview:-1"},"canonical":"https:\/\/www.o-p-i.fr\/aupays\/vie-des-communes\/vie-a-salvagnac\/tresorerie-generale-du-tarn\/","og_locale":"fr_FR","og_type":"article","og_title":"Tr\u00e9sorerie G\u00e9n\u00e9rale du Tarn - O.P.I. des Tescous","og_description":"Adresse : 3 Quai des Escouci\u00e8res 81800 RABASTENS T\u00e9l. : 05 63 33 75 14 Retour aux Infos Pratiques \u00e0 Salvagnac","og_url":"https:\/\/www.o-p-i.fr\/aupays\/vie-des-communes\/vie-a-salvagnac\/tresorerie-generale-du-tarn\/","og_site_name":"O.P.I. des Tescous","article_published_time":"2010-01-10T17:41:26+00:00","article_modified_time":"2013-10-04T16:01:05+00:00","author":"Emilie","twitter_card":"summary_large_image","twitter_misc":{"\u00c9crit par":"Emilie","Written by":"Emilie"},"schema":{"@context":"https:\/\/schema.org","@graph":[{"@type":"Article","@id":"https:\/\/www.o-p-i.fr\/aupays\/vie-des-communes\/vie-a-salvagnac\/tresorerie-generale-du-tarn\/#article","isPartOf":{"@id":"https:\/\/www.o-p-i.fr\/aupays\/vie-des-communes\/vie-a-salvagnac\/tresorerie-generale-du-tarn\/"},"author":{"name":"Emilie","@id":"https:\/\/www.o-p-i.fr\/aupays\/#\/schema\/person\/7f804b2ab46dc4d2ffff62a3cc5540dd"},"headline":"Tr\u00e9sorerie G\u00e9n\u00e9rale du Tarn","datePublished":"2010-01-10T17:41:26+00:00","dateModified":"2013-10-04T16:01:05+00:00","mainEntityOfPage":{"@id":"https:\/\/www.o-p-i.fr\/aupays\/vie-des-communes\/vie-a-salvagnac\/tresorerie-generale-du-tarn\/"},"wordCount":20,"publisher":{"@id":"https:\/\/www.o-p-i.fr\/aupays\/#organization"},"keywords":["Administration","Salvagnac","Tr\u00e9sor Public"],"articleSection":["\u00e0 Salvagnac","Administration"],"inLanguage":"fr-FR"},{"@type":"WebPage","@id":"https:\/\/www.o-p-i.fr\/aupays\/vie-des-communes\/vie-a-salvagnac\/tresorerie-generale-du-tarn\/","url":"https:\/\/www.o-p-i.fr\/aupays\/vie-des-communes\/vie-a-salvagnac\/tresorerie-generale-du-tarn\/","name":"Tr\u00e9sorerie G\u00e9n\u00e9rale du Tarn - O.P.I. des Tescous","isPartOf":{"@id":"https:\/\/www.o-p-i.fr\/aupays\/#website"},"datePublished":"2010-01-10T17:41:26+00:00","dateModified":"2013-10-04T16:01:05+00:00","breadcrumb":{"@id":"https:\/\/www.o-p-i.fr\/aupays\/vie-des-communes\/vie-a-salvagnac\/tresorerie-generale-du-tarn\/#breadcrumb"},"inLanguage":"fr-FR","potentialAction":[{"@type":"ReadAction","target":["https:\/\/www.o-p-i.fr\/aupays\/vie-des-communes\/vie-a-salvagnac\/tresorerie-generale-du-tarn\/"]}]},{"@type":"BreadcrumbList","@id":"https:\/\/www.o-p-i.fr\/aupays\/vie-des-communes\/vie-a-salvagnac\/tresorerie-generale-du-tarn\/#breadcrumb","itemListElement":[{"@type":"ListItem","position":1,"name":"Accueil","item":"https:\/\/www.o-p-i.fr\/aupays\/"},{"@type":"ListItem","position":2,"name":"Tr\u00e9sorerie G\u00e9n\u00e9rale du Tarn"}]},{"@type":"WebSite","@id":"https:\/\/www.o-p-i.fr\/aupays\/#website","url":"https:\/\/www.o-p-i.fr\/aupays\/","name":"O.P.I. des Tescou's","description":"Le Magazine du Pays des Tescou&#039;s","publisher":{"@id":"https:\/\/www.o-p-i.fr\/aupays\/#organization"},"potentialAction":[{"@type":"SearchAction","target":{"@type":"EntryPoint","urlTemplate":"https:\/\/www.o-p-i.fr\/aupays\/?s={search_term_string}"},"query-input":{"@type":"PropertyValueSpecification","valueRequired":true,"valueName":"search_term_string"}}],"inLanguage":"fr-FR"},{"@type":"Organization","@id":"https:\/\/www.o-p-i.fr\/aupays\/#organization","name":"O.P.I. des Tescou's","url":"https:\/\/www.o-p-i.fr\/aupays\/","logo":{"@type":"ImageObject","inLanguage":"fr-FR","@id":"https:\/\/www.o-p-i.fr\/aupays\/#\/schema\/logo\/image\/","url":"https:\/\/www.o-p-i.fr\/aupays\/wp-content\/uploads\/bebe.png","contentUrl":"https:\/\/www.o-p-i.fr\/aupays\/wp-content\/uploads\/bebe.png","width":630,"height":250,"caption":"O.P.I. des Tescou's"},"image":{"@id":"https:\/\/www.o-p-i.fr\/aupays\/#\/schema\/logo\/image\/"}},{"@type":"Person","@id":"https:\/\/www.o-p-i.fr\/aupays\/#\/schema\/person\/7f804b2ab46dc4d2ffff62a3cc5540dd","name":"Emilie","image":{"@type":"ImageObject","inLanguage":"fr-FR","@id":"https:\/\/www.o-p-i.fr\/aupays\/#\/schema\/person\/image\/facaf85297164c5eeb35317497584283","url":"https:\/\/secure.gravatar.com\/avatar\/fd7cb6990b830882b89c12b0b0ae62d9e30d6edda4b0842106757d94d4985565?s=96&d=monsterid&r=g","contentUrl":"https:\/\/secure.gravatar.com\/avatar\/fd7cb6990b830882b89c12b0b0ae62d9e30d6edda4b0842106757d94d4985565?s=96&d=monsterid&r=g","caption":"Emilie"},"sameAs":["https:\/\/www.o-p-i.fr\/aupays\/vie-des-communes\/vie-a-monclar-de-quercy\/le-pain-rustique\/"],"url":"https:\/\/www.o-p-i.fr\/aupays\/author\/emilie\/"}]}},"jetpack_featured_media_url":"","views":{"total":0,"cached_at":"","cached_date":1737852219},"jetpack_sharing_enabled":true,"jetpack-related-posts":[],"jetpack_shortlink":"https:\/\/wp.me\/pfni7X-Ll","_links":{"self":[{"href":"https:\/\/www.o-p-i.fr\/aupays\/wp-json\/wp\/v2\/posts\/2935","targetHints":{"allow":["GET"]}}],"collection":[{"href":"https:\/\/www.o-p-i.fr\/aupays\/wp-json\/wp\/v2\/posts"}],"about":[{"href":"https:\/\/www.o-p-i.fr\/aupays\/wp-json\/wp\/v2\/types\/post"}],"author":[{"embeddable":true,"href":"https:\/\/www.o-p-i.fr\/aupays\/wp-json\/wp\/v2\/users\/2"}],"replies":[{"embeddable":true,"href":"https:\/\/www.o-p-i.fr\/aupays\/wp-json\/wp\/v2\/comments?post=2935"}],"version-history":[{"count":14,"href":"https:\/\/www.o-p-i.fr\/aupays\/wp-json\/wp\/v2\/posts\/2935\/revisions"}],"predecessor-version":[{"id":14490,"href":"https:\/\/www.o-p-i.fr\/aupays\/wp-json\/wp\/v2\/posts\/2935\/revisions\/14490"}],"wp:attachment":[{"href":"https:\/\/www.o-p-i.fr\/aupays\/wp-json\/wp\/v2\/media?parent=2935"}],"wp:term":[{"taxonomy":"category","embeddable":true,"href":"https:\/\/www.o-p-i.fr\/aupays\/wp-json\/wp\/v2\/categories?post=2935"},{"taxonomy":"post_tag","embeddable":true,"href":"https:\/\/www.o-p-i.fr\/aupays\/wp-json\/wp\/v2\/tags?post=2935"},{"taxonomy":"author","embeddable":true,"href":"https:\/\/www.o-p-i.fr\/aupays\/wp-json\/wp\/v2\/coauthors?post=2935"}],"curies":[{"name":"wp","href":"https:\/\/api.w.org\/{rel}","templated":true}]}}