{"id":3940,"date":"2016-10-12T18:00:43","date_gmt":"2016-10-12T17:00:43","guid":{"rendered":"\/aupays\/?p=3940"},"modified":"2021-07-01T17:25:23","modified_gmt":"2021-07-01T16:25:23","slug":"mediatheque-charles-portal-a-castelnau-de-montmiral","status":"publish","type":"post","link":"https:\/\/www.o-p-i.fr\/aupays\/annuaire\/loisirs\/mediatheque-charles-portal-a-castelnau-de-montmiral\/","title":{"rendered":"M\u00e9diath\u00e8que Charles Portal &#8230; \u00e0 Castelnau de Montmiral"},"content":{"rendered":"<p>Mediath\u00e8que Castelnau de Montmirail<\/p>\n<p><span class=\"Style38\"><span style=\"color: #808000;\"><strong>Adresse <\/strong><\/span>: Rue du Commerce (3\u00e8me \u00e9tage)<br \/>\n81140 CASTELNAU de MONTMIRAL<br \/>\n<\/span><\/p>\n<p><span class=\"Style38\"><span style=\"color: #808000;\"><strong>N\u00b0T\u00e9l <\/strong><\/span>: 05 63 33 81 81.<\/span><\/p>\n<p>&nbsp;<\/p>\n<p>________________________________________________<\/p>\n<h2><span style=\"color: #ff6600;\"><strong>Les Actus<\/strong><\/span><\/h2>\n","protected":false},"excerpt":{"rendered":"<div class=\"mh-excerpt\">Mercredi 26 octobre 2016 :  contes de sorci\u00e8res du monde entier  <\/div>\n<p> <a class=\"mh-excerpt-more\" href=\"https:\/\/www.o-p-i.fr\/aupays\/annuaire\/loisirs\/mediatheque-charles-portal-a-castelnau-de-montmiral\/\" title=\"M\u00e9diath\u00e8que Charles Portal &#8230; \u00e0 Castelnau de Montmiral\">[&#8230;]<\/a><\/p>\n","protected":false},"author":2,"featured_media":0,"comment_status":"closed","ping_status":"open","sticky":false,"template":"","format":"standard","meta":{"_jetpack_memberships_contains_paid_content":false,"footnotes":"","_links_to":"","_links_to_target":""},"categories":[69,117,596],"tags":[95,96,280,582],"coauthors":[],"class_list":{"0":"post-3940","1":"post","2":"type-post","3":"status-publish","4":"format-standard","6":"category-loisirs","7":"category-vie-a-castelnau-de-montmiral","8":"category-administration-annuaire","9":"tag-administration","10":"tag-castelnau-de-montmiral","11":"tag-mediatheque","12":"tag-activite-culturelle"},"yoast_head":"<!-- This site is optimized with the Yoast SEO plugin v27.1.1 - https:\/\/yoast.com\/product\/yoast-seo-wordpress\/ -->\n<title>M\u00e9diath\u00e8que Charles Portal ... \u00e0 Castelnau de Montmiral - O.P.I. des Tescous<\/title>\n<meta name=\"robots\" content=\"index, follow, max-snippet:-1, max-image-preview:large, max-video-preview:-1\" \/>\n<link rel=\"canonical\" href=\"https:\/\/www.o-p-i.fr\/aupays\/annuaire\/loisirs\/mediatheque-charles-portal-a-castelnau-de-montmiral\/\" \/>\n<meta property=\"og:locale\" content=\"fr_FR\" \/>\n<meta property=\"og:type\" content=\"article\" \/>\n<meta property=\"og:title\" content=\"M\u00e9diath\u00e8que Charles Portal ... \u00e0 Castelnau de Montmiral - O.P.I. des Tescous\" \/>\n<meta property=\"og:description\" content=\"Mercredi 26 octobre 2016 : contes de sorci\u00e8res du monde entier  [...]\" \/>\n<meta property=\"og:url\" content=\"https:\/\/www.o-p-i.fr\/aupays\/annuaire\/loisirs\/mediatheque-charles-portal-a-castelnau-de-montmiral\/\" \/>\n<meta property=\"og:site_name\" content=\"O.P.I. des Tescous\" \/>\n<meta property=\"article:published_time\" content=\"2016-10-12T17:00:43+00:00\" \/>\n<meta property=\"article:modified_time\" content=\"2021-07-01T16:25:23+00:00\" \/>\n<meta name=\"author\" content=\"Emilie\" \/>\n<meta name=\"twitter:card\" content=\"summary_large_image\" \/>\n<meta name=\"twitter:label1\" content=\"\u00c9crit par\" \/>\n\t<meta name=\"twitter:data1\" content=\"Emilie\" \/>\n\t<meta name=\"twitter:label2\" content=\"Written by\" \/>\n\t<meta name=\"twitter:data2\" content=\"Emilie\" \/>\n<script type=\"application\/ld+json\" class=\"yoast-schema-graph\">{\"@context\":\"https:\/\/schema.org\",\"@graph\":[{\"@type\":\"Article\",\"@id\":\"https:\/\/www.o-p-i.fr\/aupays\/annuaire\/loisirs\/mediatheque-charles-portal-a-castelnau-de-montmiral\/#article\",\"isPartOf\":{\"@id\":\"https:\/\/www.o-p-i.fr\/aupays\/annuaire\/loisirs\/mediatheque-charles-portal-a-castelnau-de-montmiral\/\"},\"author\":{\"name\":\"Emilie\",\"@id\":\"https:\/\/www.o-p-i.fr\/aupays\/#\/schema\/person\/7f804b2ab46dc4d2ffff62a3cc5540dd\"},\"headline\":\"M\u00e9diath\u00e8que Charles Portal &#8230; \u00e0 Castelnau de Montmiral\",\"datePublished\":\"2016-10-12T17:00:43+00:00\",\"dateModified\":\"2021-07-01T16:25:23+00:00\",\"mainEntityOfPage\":{\"@id\":\"https:\/\/www.o-p-i.fr\/aupays\/annuaire\/loisirs\/mediatheque-charles-portal-a-castelnau-de-montmiral\/\"},\"wordCount\":28,\"publisher\":{\"@id\":\"https:\/\/www.o-p-i.fr\/aupays\/#organization\"},\"keywords\":[\"Administration\",\"Castelnau de Montmiral\",\"M\u00e9diath\u00e8que\",\"Activit\u00e9 Culturelle\"],\"articleSection\":[\"Loisirs\",\"\u00e0 Castelnau Montmiral\",\"Administration\"],\"inLanguage\":\"fr-FR\"},{\"@type\":\"WebPage\",\"@id\":\"https:\/\/www.o-p-i.fr\/aupays\/annuaire\/loisirs\/mediatheque-charles-portal-a-castelnau-de-montmiral\/\",\"url\":\"https:\/\/www.o-p-i.fr\/aupays\/annuaire\/loisirs\/mediatheque-charles-portal-a-castelnau-de-montmiral\/\",\"name\":\"M\u00e9diath\u00e8que Charles Portal ... \u00e0 Castelnau de Montmiral - O.P.I. des Tescous\",\"isPartOf\":{\"@id\":\"https:\/\/www.o-p-i.fr\/aupays\/#website\"},\"datePublished\":\"2016-10-12T17:00:43+00:00\",\"dateModified\":\"2021-07-01T16:25:23+00:00\",\"breadcrumb\":{\"@id\":\"https:\/\/www.o-p-i.fr\/aupays\/annuaire\/loisirs\/mediatheque-charles-portal-a-castelnau-de-montmiral\/#breadcrumb\"},\"inLanguage\":\"fr-FR\",\"potentialAction\":[{\"@type\":\"ReadAction\",\"target\":[\"https:\/\/www.o-p-i.fr\/aupays\/annuaire\/loisirs\/mediatheque-charles-portal-a-castelnau-de-montmiral\/\"]}]},{\"@type\":\"BreadcrumbList\",\"@id\":\"https:\/\/www.o-p-i.fr\/aupays\/annuaire\/loisirs\/mediatheque-charles-portal-a-castelnau-de-montmiral\/#breadcrumb\",\"itemListElement\":[{\"@type\":\"ListItem\",\"position\":1,\"name\":\"Accueil\",\"item\":\"https:\/\/www.o-p-i.fr\/aupays\/\"},{\"@type\":\"ListItem\",\"position\":2,\"name\":\"M\u00e9diath\u00e8que Charles Portal &#8230; \u00e0 Castelnau de Montmiral\"}]},{\"@type\":\"WebSite\",\"@id\":\"https:\/\/www.o-p-i.fr\/aupays\/#website\",\"url\":\"https:\/\/www.o-p-i.fr\/aupays\/\",\"name\":\"O.P.I. des Tescou's\",\"description\":\"Le Magazine du Pays des Tescou&#039;s\",\"publisher\":{\"@id\":\"https:\/\/www.o-p-i.fr\/aupays\/#organization\"},\"potentialAction\":[{\"@type\":\"SearchAction\",\"target\":{\"@type\":\"EntryPoint\",\"urlTemplate\":\"https:\/\/www.o-p-i.fr\/aupays\/?s={search_term_string}\"},\"query-input\":{\"@type\":\"PropertyValueSpecification\",\"valueRequired\":true,\"valueName\":\"search_term_string\"}}],\"inLanguage\":\"fr-FR\"},{\"@type\":\"Organization\",\"@id\":\"https:\/\/www.o-p-i.fr\/aupays\/#organization\",\"name\":\"O.P.I. des Tescou's\",\"url\":\"https:\/\/www.o-p-i.fr\/aupays\/\",\"logo\":{\"@type\":\"ImageObject\",\"inLanguage\":\"fr-FR\",\"@id\":\"https:\/\/www.o-p-i.fr\/aupays\/#\/schema\/logo\/image\/\",\"url\":\"https:\/\/www.o-p-i.fr\/aupays\/wp-content\/uploads\/bebe.png\",\"contentUrl\":\"https:\/\/www.o-p-i.fr\/aupays\/wp-content\/uploads\/bebe.png\",\"width\":630,\"height\":250,\"caption\":\"O.P.I. des Tescou's\"},\"image\":{\"@id\":\"https:\/\/www.o-p-i.fr\/aupays\/#\/schema\/logo\/image\/\"}},{\"@type\":\"Person\",\"@id\":\"https:\/\/www.o-p-i.fr\/aupays\/#\/schema\/person\/7f804b2ab46dc4d2ffff62a3cc5540dd\",\"name\":\"Emilie\",\"image\":{\"@type\":\"ImageObject\",\"inLanguage\":\"fr-FR\",\"@id\":\"https:\/\/www.o-p-i.fr\/aupays\/#\/schema\/person\/image\/facaf85297164c5eeb35317497584283\",\"url\":\"https:\/\/secure.gravatar.com\/avatar\/fd7cb6990b830882b89c12b0b0ae62d9e30d6edda4b0842106757d94d4985565?s=96&d=monsterid&r=g\",\"contentUrl\":\"https:\/\/secure.gravatar.com\/avatar\/fd7cb6990b830882b89c12b0b0ae62d9e30d6edda4b0842106757d94d4985565?s=96&d=monsterid&r=g\",\"caption\":\"Emilie\"},\"sameAs\":[\"https:\/\/www.o-p-i.fr\/aupays\/vie-des-communes\/vie-a-monclar-de-quercy\/le-pain-rustique\/\"],\"url\":\"https:\/\/www.o-p-i.fr\/aupays\/author\/emilie\/\"}]}<\/script>\n<!-- \/ Yoast SEO plugin. -->","yoast_head_json":{"title":"M\u00e9diath\u00e8que Charles Portal ... \u00e0 Castelnau de Montmiral - O.P.I. des Tescous","robots":{"index":"index","follow":"follow","max-snippet":"max-snippet:-1","max-image-preview":"max-image-preview:large","max-video-preview":"max-video-preview:-1"},"canonical":"https:\/\/www.o-p-i.fr\/aupays\/annuaire\/loisirs\/mediatheque-charles-portal-a-castelnau-de-montmiral\/","og_locale":"fr_FR","og_type":"article","og_title":"M\u00e9diath\u00e8que Charles Portal ... \u00e0 Castelnau de Montmiral - O.P.I. des Tescous","og_description":"Mercredi 26 octobre 2016 : contes de sorci\u00e8res du monde entier  [...]","og_url":"https:\/\/www.o-p-i.fr\/aupays\/annuaire\/loisirs\/mediatheque-charles-portal-a-castelnau-de-montmiral\/","og_site_name":"O.P.I. des Tescous","article_published_time":"2016-10-12T17:00:43+00:00","article_modified_time":"2021-07-01T16:25:23+00:00","author":"Emilie","twitter_card":"summary_large_image","twitter_misc":{"\u00c9crit par":"Emilie","Written by":"Emilie"},"schema":{"@context":"https:\/\/schema.org","@graph":[{"@type":"Article","@id":"https:\/\/www.o-p-i.fr\/aupays\/annuaire\/loisirs\/mediatheque-charles-portal-a-castelnau-de-montmiral\/#article","isPartOf":{"@id":"https:\/\/www.o-p-i.fr\/aupays\/annuaire\/loisirs\/mediatheque-charles-portal-a-castelnau-de-montmiral\/"},"author":{"name":"Emilie","@id":"https:\/\/www.o-p-i.fr\/aupays\/#\/schema\/person\/7f804b2ab46dc4d2ffff62a3cc5540dd"},"headline":"M\u00e9diath\u00e8que Charles Portal &#8230; \u00e0 Castelnau de Montmiral","datePublished":"2016-10-12T17:00:43+00:00","dateModified":"2021-07-01T16:25:23+00:00","mainEntityOfPage":{"@id":"https:\/\/www.o-p-i.fr\/aupays\/annuaire\/loisirs\/mediatheque-charles-portal-a-castelnau-de-montmiral\/"},"wordCount":28,"publisher":{"@id":"https:\/\/www.o-p-i.fr\/aupays\/#organization"},"keywords":["Administration","Castelnau de Montmiral","M\u00e9diath\u00e8que","Activit\u00e9 Culturelle"],"articleSection":["Loisirs","\u00e0 Castelnau Montmiral","Administration"],"inLanguage":"fr-FR"},{"@type":"WebPage","@id":"https:\/\/www.o-p-i.fr\/aupays\/annuaire\/loisirs\/mediatheque-charles-portal-a-castelnau-de-montmiral\/","url":"https:\/\/www.o-p-i.fr\/aupays\/annuaire\/loisirs\/mediatheque-charles-portal-a-castelnau-de-montmiral\/","name":"M\u00e9diath\u00e8que Charles Portal ... \u00e0 Castelnau de Montmiral - O.P.I. des Tescous","isPartOf":{"@id":"https:\/\/www.o-p-i.fr\/aupays\/#website"},"datePublished":"2016-10-12T17:00:43+00:00","dateModified":"2021-07-01T16:25:23+00:00","breadcrumb":{"@id":"https:\/\/www.o-p-i.fr\/aupays\/annuaire\/loisirs\/mediatheque-charles-portal-a-castelnau-de-montmiral\/#breadcrumb"},"inLanguage":"fr-FR","potentialAction":[{"@type":"ReadAction","target":["https:\/\/www.o-p-i.fr\/aupays\/annuaire\/loisirs\/mediatheque-charles-portal-a-castelnau-de-montmiral\/"]}]},{"@type":"BreadcrumbList","@id":"https:\/\/www.o-p-i.fr\/aupays\/annuaire\/loisirs\/mediatheque-charles-portal-a-castelnau-de-montmiral\/#breadcrumb","itemListElement":[{"@type":"ListItem","position":1,"name":"Accueil","item":"https:\/\/www.o-p-i.fr\/aupays\/"},{"@type":"ListItem","position":2,"name":"M\u00e9diath\u00e8que Charles Portal &#8230; \u00e0 Castelnau de Montmiral"}]},{"@type":"WebSite","@id":"https:\/\/www.o-p-i.fr\/aupays\/#website","url":"https:\/\/www.o-p-i.fr\/aupays\/","name":"O.P.I. des Tescou's","description":"Le Magazine du Pays des Tescou&#039;s","publisher":{"@id":"https:\/\/www.o-p-i.fr\/aupays\/#organization"},"potentialAction":[{"@type":"SearchAction","target":{"@type":"EntryPoint","urlTemplate":"https:\/\/www.o-p-i.fr\/aupays\/?s={search_term_string}"},"query-input":{"@type":"PropertyValueSpecification","valueRequired":true,"valueName":"search_term_string"}}],"inLanguage":"fr-FR"},{"@type":"Organization","@id":"https:\/\/www.o-p-i.fr\/aupays\/#organization","name":"O.P.I. des Tescou's","url":"https:\/\/www.o-p-i.fr\/aupays\/","logo":{"@type":"ImageObject","inLanguage":"fr-FR","@id":"https:\/\/www.o-p-i.fr\/aupays\/#\/schema\/logo\/image\/","url":"https:\/\/www.o-p-i.fr\/aupays\/wp-content\/uploads\/bebe.png","contentUrl":"https:\/\/www.o-p-i.fr\/aupays\/wp-content\/uploads\/bebe.png","width":630,"height":250,"caption":"O.P.I. des Tescou's"},"image":{"@id":"https:\/\/www.o-p-i.fr\/aupays\/#\/schema\/logo\/image\/"}},{"@type":"Person","@id":"https:\/\/www.o-p-i.fr\/aupays\/#\/schema\/person\/7f804b2ab46dc4d2ffff62a3cc5540dd","name":"Emilie","image":{"@type":"ImageObject","inLanguage":"fr-FR","@id":"https:\/\/www.o-p-i.fr\/aupays\/#\/schema\/person\/image\/facaf85297164c5eeb35317497584283","url":"https:\/\/secure.gravatar.com\/avatar\/fd7cb6990b830882b89c12b0b0ae62d9e30d6edda4b0842106757d94d4985565?s=96&d=monsterid&r=g","contentUrl":"https:\/\/secure.gravatar.com\/avatar\/fd7cb6990b830882b89c12b0b0ae62d9e30d6edda4b0842106757d94d4985565?s=96&d=monsterid&r=g","caption":"Emilie"},"sameAs":["https:\/\/www.o-p-i.fr\/aupays\/vie-des-communes\/vie-a-monclar-de-quercy\/le-pain-rustique\/"],"url":"https:\/\/www.o-p-i.fr\/aupays\/author\/emilie\/"}]}},"jetpack_featured_media_url":"","views":{"total":0,"cached_at":"","cached_date":1737857123},"jetpack_sharing_enabled":true,"jetpack-related-posts":[],"jetpack_shortlink":"https:\/\/wp.me\/pfni7X-11y","_links":{"self":[{"href":"https:\/\/www.o-p-i.fr\/aupays\/wp-json\/wp\/v2\/posts\/3940","targetHints":{"allow":["GET"]}}],"collection":[{"href":"https:\/\/www.o-p-i.fr\/aupays\/wp-json\/wp\/v2\/posts"}],"about":[{"href":"https:\/\/www.o-p-i.fr\/aupays\/wp-json\/wp\/v2\/types\/post"}],"author":[{"embeddable":true,"href":"https:\/\/www.o-p-i.fr\/aupays\/wp-json\/wp\/v2\/users\/2"}],"replies":[{"embeddable":true,"href":"https:\/\/www.o-p-i.fr\/aupays\/wp-json\/wp\/v2\/comments?post=3940"}],"version-history":[{"count":32,"href":"https:\/\/www.o-p-i.fr\/aupays\/wp-json\/wp\/v2\/posts\/3940\/revisions"}],"predecessor-version":[{"id":19052,"href":"https:\/\/www.o-p-i.fr\/aupays\/wp-json\/wp\/v2\/posts\/3940\/revisions\/19052"}],"wp:attachment":[{"href":"https:\/\/www.o-p-i.fr\/aupays\/wp-json\/wp\/v2\/media?parent=3940"}],"wp:term":[{"taxonomy":"category","embeddable":true,"href":"https:\/\/www.o-p-i.fr\/aupays\/wp-json\/wp\/v2\/categories?post=3940"},{"taxonomy":"post_tag","embeddable":true,"href":"https:\/\/www.o-p-i.fr\/aupays\/wp-json\/wp\/v2\/tags?post=3940"},{"taxonomy":"author","embeddable":true,"href":"https:\/\/www.o-p-i.fr\/aupays\/wp-json\/wp\/v2\/coauthors?post=3940"}],"curies":[{"name":"wp","href":"https:\/\/api.w.org\/{rel}","templated":true}]}}