{"id":4072,"date":"2021-06-13T18:00:18","date_gmt":"2021-06-13T17:00:18","guid":{"rendered":"\/aupays\/?p=4072"},"modified":"2025-08-29T21:27:16","modified_gmt":"2025-08-29T19:27:16","slug":"cine-monclar","status":"publish","type":"post","link":"https:\/\/www.o-p-i.fr\/aupays\/ils-adherent\/cine-monclar\/","title":{"rendered":"Cin\u00e9 Monclar"},"content":{"rendered":"\n<div class=\"wp-block-group\"><div class=\"wp-block-group__inner-container is-layout-constrained wp-block-group-is-layout-constrained\">\n<div class=\"entry-content\" style=\"text-align: justify;\">\n\n<p><strong>L\u2019association en quelques mots : <\/strong><\/p>\n<p>Cin\u00e9monclar est la salle municipale de Monclar-de-Quercy, 10 place des Capitouls (mairie), labellis\u00e9e Art &#038; Essai depuis 2022.\nLes b\u00e9n\u00e9voles des \u00ab\u00a0Amis du cin\u00e9ma de Monclar\u00a0\u00bb assurent la gestion, la promotion et le bon fonctionnement des s\u00e9ances.\nSoutenue par la municipalit\u00e9 de Monclar, la communaut\u00e9 de communes Quercy-Vert-Aveyron et les communes environnantes du Tarn, l&rsquo;association est affili\u00e9e \u00e0 Cin\u00e9Fol 31, programmateur et exploitant associatif de la salle.\nCin\u00e9Monclar propose 4 fois par semaine, une programmation de films r\u00e9cents, art &#038; essai, tout public et jeunesse dans les m\u00eames conditions de confort visuel et audio qu&rsquo;une salle de grande ville (3D comprise).<\/p>\n<hr>\n<\/div>\n\n\n\n<div class=\"entry-content\" style=\"text-align: justify;\">\n\n<h2><span style=\"color: #99cc00;\"><strong>Contact <\/strong><\/span><\/h2>\n<p>\n\tLes Amis du Cin\u00e9ma\n\t<\/p>\n<p>\n\t10 place des Capitouls (mairie)\n\t<\/p>\n<p>\n\t82230 MONCLAR de QUERCY\n\t<\/p>\n\n<p style=\"text-align: justify;\"><strong>Courriel : <a href=\"mailto:lesamisducinemademonclar@orange.fr\">lesamisducinemademonclar@orange.fr<\/a><\/strong><\/p>\n<p style=\"text-align: justify;\"><strong>Site internet : <a href=\"https:\/\/cinemonclar.fr\">cinemonclar.fr<\/a><\/strong><\/p>\n\n\n<hr \/>\t\n<\/div>\n\n\n\n<div class=\"entry-content\" style=\"text-align: justify;\">\n\n<h2><span style=\"color: #3366ff;\"><strong>Pratique<\/strong><\/span><\/h2>\n<p>\n\t<strong>Bureau : <\/strong>\n\t<\/p>\n<p>\n\tPr\u00e9sidente : Sylvie Morerau\n\t<\/p>\n<p style=\"text-align: justify;\">Courriel : <strong><a href=\"mailto:cinema.sylvie@orange.fr\">cinema.sylvie@orange.fr<\/a><\/strong><\/p>\n<p>\n\tTr\u00e9sori\u00e8re\u00a0 : &#8211;\n\t<\/p>\n<p>\n\tSecr\u00e9taire : &#8211;\n\t<\/p>\n\n<p>\n\t<strong>Site : <\/strong><span style=\"color: #999999;\"><em>non connu<\/em><\/span>\n\t<\/p>\n\n<hr \/>\n<\/div>\n\n\n\n<div class=\"entry-content\" style=\"text-align: justify;\">\n\n<h2><span style=\"color: #3366ff;\"><strong>S\u00e9ances et Horaires<\/strong><\/span><\/h2>\n<p>\nMardi et vendredi \u00e0 20h30 (horaire d&rsquo;hiver) ou 21h (horaire d&rsquo;\u00e9t\u00e9)\n<\/p>\n<p>\nDimanche \u00e0 15h \/ 17h (horaire variable)\n<\/p>\n<p>\nCertains films particuli\u00e8rement longs peuvent \u00eatre avanc\u00e9s d&rsquo;une 1\/2h\n<\/p>\n<p>\n\n<\/p>\n<p>\nCin\u00e9-Solidaire : 1 film \u00e0 4,00 \u20ac pour tous, 1 jeudi par mois \u00e0 15 h\n<\/p>\n<p>\nS\u00e9ances scolaires sp\u00e9cifiques sur devis\n\t<\/p>\n<hr \/>\n<\/div>\n\n\n\n<div class=\"entry-content\" style=\"text-align: justify;\">\n\n<h2><span style=\"color: #3366ff;\"><strong>Tarifs<\/strong><\/span><\/h2>\n<p>\n\t<strong>Normal<\/strong> : 7 \u20ac \/ Tarif r\u00e9duit (Abonn\u00e9s, minima sociaux ou &#8211; de 18 ans) : 4,00 \u20ac.\nCarte d&rsquo;abonnement 1 an : 12 \u20ac\n\t<\/p>\n<p>\n\t<strong>Tarif r\u00e9duit<\/strong> (Abonn\u00e9s, minima sociaux ou &#8211; de 18 ans) : 4,00 \u20ac.\n\t<\/p>\n<p>\n<strong>Carte d&rsquo;abonnement 1 an<\/strong> : 12 \u20ac\n\t<\/p>\n<hr \/>\n<\/div>\n\n\n\n<\/div><\/div>\n\n\n\n<div class=\"entry-content\" style=\"text-align: justify;\">\n\n<h2><span style=\"color: #3366ff;\"><strong>Les Actus<\/strong><\/span><\/h2>\n<ul>\n \t<li>\n<div><strong>Les s\u00e9ances \u00e0 venir <\/strong><a href=\"https:\/\/www.o-p-i.fr\/parlonsen\/tag\/cinemonclar\/\" target=\"_blank\" rel=\"noopener noreferrer\">en savoir +<\/a><\/div><\/li>\n<\/ul>\n<iframe loading=\"lazy\" src=\"https:\/\/calendar.google.com\/calendar\/embed?src=99u71bir8h7fchvtph01ldvj34%40group.calendar.google.com&#038;ctz=Europe%2FParis\" style=\"border: 0\" width=\"800\" height=\"600\" frameborder=\"0\" scrolling=\"no\"><\/iframe>\n<\/div>\n","protected":false},"excerpt":{"rendered":"<div class=\"mh-excerpt\">L\u2019association en quelques mots : Cin\u00e9monclar est la salle municipale de Monclar-de-Quercy, 10 place des Capitouls (mairie), labellis\u00e9e Art &#038; Essai depuis 2022. Les b\u00e9n\u00e9voles des \u00ab\u00a0Amis du cin\u00e9ma de Monclar\u00a0\u00bb assurent la gestion, la <a class=\"mh-excerpt-more\" href=\"https:\/\/www.o-p-i.fr\/aupays\/ils-adherent\/cine-monclar\/\" title=\"Cin\u00e9 Monclar\">[&#8230;]<\/a><\/div>\n","protected":false},"author":2,"featured_media":18757,"comment_status":"closed","ping_status":"open","sticky":false,"template":"","format":"standard","meta":{"_jetpack_memberships_contains_paid_content":false,"footnotes":"","_links_to":"","_links_to_target":""},"categories":[577,583,69,132],"tags":[582,469,7,377],"coauthors":[1203],"class_list":{"0":"post-4072","1":"post","2":"type-post","3":"status-publish","4":"format-standard","5":"has-post-thumbnail","7":"category-ils-adherent","8":"category-culture-annuaire","9":"category-loisirs","10":"category-vie-a-monclar-de-quercy","11":"tag-activite-culturelle","12":"tag-asso","13":"tag-monclar-de-quercy","14":"tag-cinema"},"yoast_head":"<!-- This site is optimized with the Yoast SEO plugin v27.1.1 - https:\/\/yoast.com\/product\/yoast-seo-wordpress\/ -->\n<title>Cin\u00e9 Monclar - O.P.I. des Tescous<\/title>\n<meta name=\"robots\" content=\"index, follow, max-snippet:-1, max-image-preview:large, max-video-preview:-1\" \/>\n<link rel=\"canonical\" href=\"https:\/\/www.o-p-i.fr\/aupays\/ils-adherent\/cine-monclar\/\" \/>\n<meta property=\"og:locale\" content=\"fr_FR\" \/>\n<meta property=\"og:type\" content=\"article\" \/>\n<meta property=\"og:title\" content=\"Cin\u00e9 Monclar - O.P.I. des Tescous\" \/>\n<meta property=\"og:description\" content=\"L\u2019association en quelques mots : Cin\u00e9monclar est la salle municipale de Monclar-de-Quercy, 10 place des Capitouls (mairie), labellis\u00e9e Art &#038; Essai depuis 2022. Les b\u00e9n\u00e9voles des \u00ab\u00a0Amis du cin\u00e9ma de Monclar\u00a0\u00bb assurent la gestion, la [...]\" \/>\n<meta property=\"og:url\" content=\"https:\/\/www.o-p-i.fr\/aupays\/ils-adherent\/cine-monclar\/\" \/>\n<meta property=\"og:site_name\" content=\"O.P.I. des Tescous\" \/>\n<meta property=\"article:published_time\" content=\"2021-06-13T17:00:18+00:00\" \/>\n<meta property=\"article:modified_time\" content=\"2025-08-29T19:27:16+00:00\" \/>\n<meta property=\"og:image\" content=\"https:\/\/www.o-p-i.fr\/aupays\/wp-content\/uploads\/Cin\u00e9Monclar.jpg?wsr\" \/>\n\t<meta property=\"og:image:width\" content=\"653\" \/>\n\t<meta property=\"og:image:height\" content=\"259\" \/>\n\t<meta property=\"og:image:type\" content=\"image\/jpeg\" \/>\n<meta name=\"author\" content=\"Emilie\" \/>\n<meta name=\"twitter:card\" content=\"summary_large_image\" \/>\n<meta name=\"twitter:label1\" content=\"\u00c9crit par\" \/>\n\t<meta name=\"twitter:data1\" content=\"Emilie\" \/>\n\t<meta name=\"twitter:label2\" content=\"Dur\u00e9e de lecture estim\u00e9e\" \/>\n\t<meta name=\"twitter:data2\" content=\"2 minutes\" \/>\n\t<meta name=\"twitter:label3\" content=\"Written by\" \/>\n\t<meta name=\"twitter:data3\" content=\"Emilie\" \/>\n<script type=\"application\/ld+json\" class=\"yoast-schema-graph\">{\"@context\":\"https:\/\/schema.org\",\"@graph\":[{\"@type\":\"Article\",\"@id\":\"https:\/\/www.o-p-i.fr\/aupays\/ils-adherent\/cine-monclar\/#article\",\"isPartOf\":{\"@id\":\"https:\/\/www.o-p-i.fr\/aupays\/ils-adherent\/cine-monclar\/\"},\"author\":{\"name\":\"Emilie\",\"@id\":\"https:\/\/www.o-p-i.fr\/aupays\/#\/schema\/person\/7f804b2ab46dc4d2ffff62a3cc5540dd\"},\"headline\":\"Cin\u00e9 Monclar\",\"datePublished\":\"2021-06-13T17:00:18+00:00\",\"dateModified\":\"2025-08-29T19:27:16+00:00\",\"mainEntityOfPage\":{\"@id\":\"https:\/\/www.o-p-i.fr\/aupays\/ils-adherent\/cine-monclar\/\"},\"wordCount\":247,\"publisher\":{\"@id\":\"https:\/\/www.o-p-i.fr\/aupays\/#organization\"},\"image\":{\"@id\":\"https:\/\/www.o-p-i.fr\/aupays\/ils-adherent\/cine-monclar\/#primaryimage\"},\"thumbnailUrl\":\"https:\/\/www.o-p-i.fr\/aupays\/wp-content\/uploads\/Cin\u00e9Monclar.jpg?wsr\",\"keywords\":[\"Activit\u00e9 Culturelle\",\"Association\",\"Monclar de Quercy\",\"Cin\u00e9ma\"],\"articleSection\":[\"* Ils adh\u00e8rent ...\",\"Culture\",\"Loisirs\",\"\u00e0 Monclar de Quercy\"],\"inLanguage\":\"fr-FR\"},{\"@type\":\"WebPage\",\"@id\":\"https:\/\/www.o-p-i.fr\/aupays\/ils-adherent\/cine-monclar\/\",\"url\":\"https:\/\/www.o-p-i.fr\/aupays\/ils-adherent\/cine-monclar\/\",\"name\":\"Cin\u00e9 Monclar - O.P.I. des Tescous\",\"isPartOf\":{\"@id\":\"https:\/\/www.o-p-i.fr\/aupays\/#website\"},\"primaryImageOfPage\":{\"@id\":\"https:\/\/www.o-p-i.fr\/aupays\/ils-adherent\/cine-monclar\/#primaryimage\"},\"image\":{\"@id\":\"https:\/\/www.o-p-i.fr\/aupays\/ils-adherent\/cine-monclar\/#primaryimage\"},\"thumbnailUrl\":\"https:\/\/www.o-p-i.fr\/aupays\/wp-content\/uploads\/Cin\u00e9Monclar.jpg?wsr\",\"datePublished\":\"2021-06-13T17:00:18+00:00\",\"dateModified\":\"2025-08-29T19:27:16+00:00\",\"breadcrumb\":{\"@id\":\"https:\/\/www.o-p-i.fr\/aupays\/ils-adherent\/cine-monclar\/#breadcrumb\"},\"inLanguage\":\"fr-FR\",\"potentialAction\":[{\"@type\":\"ReadAction\",\"target\":[\"https:\/\/www.o-p-i.fr\/aupays\/ils-adherent\/cine-monclar\/\"]}]},{\"@type\":\"ImageObject\",\"inLanguage\":\"fr-FR\",\"@id\":\"https:\/\/www.o-p-i.fr\/aupays\/ils-adherent\/cine-monclar\/#primaryimage\",\"url\":\"https:\/\/www.o-p-i.fr\/aupays\/wp-content\/uploads\/Cin\u00e9Monclar.jpg?wsr\",\"contentUrl\":\"https:\/\/www.o-p-i.fr\/aupays\/wp-content\/uploads\/Cin\u00e9Monclar.jpg?wsr\",\"width\":653,\"height\":259},{\"@type\":\"BreadcrumbList\",\"@id\":\"https:\/\/www.o-p-i.fr\/aupays\/ils-adherent\/cine-monclar\/#breadcrumb\",\"itemListElement\":[{\"@type\":\"ListItem\",\"position\":1,\"name\":\"Accueil\",\"item\":\"https:\/\/www.o-p-i.fr\/aupays\/\"},{\"@type\":\"ListItem\",\"position\":2,\"name\":\"Cin\u00e9 Monclar\"}]},{\"@type\":\"WebSite\",\"@id\":\"https:\/\/www.o-p-i.fr\/aupays\/#website\",\"url\":\"https:\/\/www.o-p-i.fr\/aupays\/\",\"name\":\"O.P.I. des Tescou's\",\"description\":\"Le Magazine du Pays des Tescou&#039;s\",\"publisher\":{\"@id\":\"https:\/\/www.o-p-i.fr\/aupays\/#organization\"},\"potentialAction\":[{\"@type\":\"SearchAction\",\"target\":{\"@type\":\"EntryPoint\",\"urlTemplate\":\"https:\/\/www.o-p-i.fr\/aupays\/?s={search_term_string}\"},\"query-input\":{\"@type\":\"PropertyValueSpecification\",\"valueRequired\":true,\"valueName\":\"search_term_string\"}}],\"inLanguage\":\"fr-FR\"},{\"@type\":\"Organization\",\"@id\":\"https:\/\/www.o-p-i.fr\/aupays\/#organization\",\"name\":\"O.P.I. des Tescou's\",\"url\":\"https:\/\/www.o-p-i.fr\/aupays\/\",\"logo\":{\"@type\":\"ImageObject\",\"inLanguage\":\"fr-FR\",\"@id\":\"https:\/\/www.o-p-i.fr\/aupays\/#\/schema\/logo\/image\/\",\"url\":\"https:\/\/www.o-p-i.fr\/aupays\/wp-content\/uploads\/bebe.png\",\"contentUrl\":\"https:\/\/www.o-p-i.fr\/aupays\/wp-content\/uploads\/bebe.png\",\"width\":630,\"height\":250,\"caption\":\"O.P.I. des Tescou's\"},\"image\":{\"@id\":\"https:\/\/www.o-p-i.fr\/aupays\/#\/schema\/logo\/image\/\"}},{\"@type\":\"Person\",\"@id\":\"https:\/\/www.o-p-i.fr\/aupays\/#\/schema\/person\/7f804b2ab46dc4d2ffff62a3cc5540dd\",\"name\":\"Emilie\",\"image\":{\"@type\":\"ImageObject\",\"inLanguage\":\"fr-FR\",\"@id\":\"https:\/\/www.o-p-i.fr\/aupays\/#\/schema\/person\/image\/facaf85297164c5eeb35317497584283\",\"url\":\"https:\/\/secure.gravatar.com\/avatar\/fd7cb6990b830882b89c12b0b0ae62d9e30d6edda4b0842106757d94d4985565?s=96&d=monsterid&r=g\",\"contentUrl\":\"https:\/\/secure.gravatar.com\/avatar\/fd7cb6990b830882b89c12b0b0ae62d9e30d6edda4b0842106757d94d4985565?s=96&d=monsterid&r=g\",\"caption\":\"Emilie\"},\"sameAs\":[\"https:\/\/www.o-p-i.fr\/aupays\/vie-des-communes\/vie-a-monclar-de-quercy\/le-pain-rustique\/\"],\"url\":\"https:\/\/www.o-p-i.fr\/aupays\/author\/emilie\/\"}]}<\/script>\n<!-- \/ Yoast SEO plugin. -->","yoast_head_json":{"title":"Cin\u00e9 Monclar - O.P.I. des Tescous","robots":{"index":"index","follow":"follow","max-snippet":"max-snippet:-1","max-image-preview":"max-image-preview:large","max-video-preview":"max-video-preview:-1"},"canonical":"https:\/\/www.o-p-i.fr\/aupays\/ils-adherent\/cine-monclar\/","og_locale":"fr_FR","og_type":"article","og_title":"Cin\u00e9 Monclar - O.P.I. des Tescous","og_description":"L\u2019association en quelques mots : Cin\u00e9monclar est la salle municipale de Monclar-de-Quercy, 10 place des Capitouls (mairie), labellis\u00e9e Art &#038; Essai depuis 2022. Les b\u00e9n\u00e9voles des \u00ab\u00a0Amis du cin\u00e9ma de Monclar\u00a0\u00bb assurent la gestion, la [...]","og_url":"https:\/\/www.o-p-i.fr\/aupays\/ils-adherent\/cine-monclar\/","og_site_name":"O.P.I. des Tescous","article_published_time":"2021-06-13T17:00:18+00:00","article_modified_time":"2025-08-29T19:27:16+00:00","og_image":[{"width":653,"height":259,"url":"https:\/\/www.o-p-i.fr\/aupays\/wp-content\/uploads\/Cin\u00e9Monclar.jpg?wsr","type":"image\/jpeg"}],"author":"Emilie","twitter_card":"summary_large_image","twitter_misc":{"\u00c9crit par":"Emilie","Dur\u00e9e de lecture estim\u00e9e":"2 minutes","Written by":"Emilie"},"schema":{"@context":"https:\/\/schema.org","@graph":[{"@type":"Article","@id":"https:\/\/www.o-p-i.fr\/aupays\/ils-adherent\/cine-monclar\/#article","isPartOf":{"@id":"https:\/\/www.o-p-i.fr\/aupays\/ils-adherent\/cine-monclar\/"},"author":{"name":"Emilie","@id":"https:\/\/www.o-p-i.fr\/aupays\/#\/schema\/person\/7f804b2ab46dc4d2ffff62a3cc5540dd"},"headline":"Cin\u00e9 Monclar","datePublished":"2021-06-13T17:00:18+00:00","dateModified":"2025-08-29T19:27:16+00:00","mainEntityOfPage":{"@id":"https:\/\/www.o-p-i.fr\/aupays\/ils-adherent\/cine-monclar\/"},"wordCount":247,"publisher":{"@id":"https:\/\/www.o-p-i.fr\/aupays\/#organization"},"image":{"@id":"https:\/\/www.o-p-i.fr\/aupays\/ils-adherent\/cine-monclar\/#primaryimage"},"thumbnailUrl":"https:\/\/www.o-p-i.fr\/aupays\/wp-content\/uploads\/Cin\u00e9Monclar.jpg?wsr","keywords":["Activit\u00e9 Culturelle","Association","Monclar de Quercy","Cin\u00e9ma"],"articleSection":["* Ils adh\u00e8rent ...","Culture","Loisirs","\u00e0 Monclar de Quercy"],"inLanguage":"fr-FR"},{"@type":"WebPage","@id":"https:\/\/www.o-p-i.fr\/aupays\/ils-adherent\/cine-monclar\/","url":"https:\/\/www.o-p-i.fr\/aupays\/ils-adherent\/cine-monclar\/","name":"Cin\u00e9 Monclar - O.P.I. des Tescous","isPartOf":{"@id":"https:\/\/www.o-p-i.fr\/aupays\/#website"},"primaryImageOfPage":{"@id":"https:\/\/www.o-p-i.fr\/aupays\/ils-adherent\/cine-monclar\/#primaryimage"},"image":{"@id":"https:\/\/www.o-p-i.fr\/aupays\/ils-adherent\/cine-monclar\/#primaryimage"},"thumbnailUrl":"https:\/\/www.o-p-i.fr\/aupays\/wp-content\/uploads\/Cin\u00e9Monclar.jpg?wsr","datePublished":"2021-06-13T17:00:18+00:00","dateModified":"2025-08-29T19:27:16+00:00","breadcrumb":{"@id":"https:\/\/www.o-p-i.fr\/aupays\/ils-adherent\/cine-monclar\/#breadcrumb"},"inLanguage":"fr-FR","potentialAction":[{"@type":"ReadAction","target":["https:\/\/www.o-p-i.fr\/aupays\/ils-adherent\/cine-monclar\/"]}]},{"@type":"ImageObject","inLanguage":"fr-FR","@id":"https:\/\/www.o-p-i.fr\/aupays\/ils-adherent\/cine-monclar\/#primaryimage","url":"https:\/\/www.o-p-i.fr\/aupays\/wp-content\/uploads\/Cin\u00e9Monclar.jpg?wsr","contentUrl":"https:\/\/www.o-p-i.fr\/aupays\/wp-content\/uploads\/Cin\u00e9Monclar.jpg?wsr","width":653,"height":259},{"@type":"BreadcrumbList","@id":"https:\/\/www.o-p-i.fr\/aupays\/ils-adherent\/cine-monclar\/#breadcrumb","itemListElement":[{"@type":"ListItem","position":1,"name":"Accueil","item":"https:\/\/www.o-p-i.fr\/aupays\/"},{"@type":"ListItem","position":2,"name":"Cin\u00e9 Monclar"}]},{"@type":"WebSite","@id":"https:\/\/www.o-p-i.fr\/aupays\/#website","url":"https:\/\/www.o-p-i.fr\/aupays\/","name":"O.P.I. des Tescou's","description":"Le Magazine du Pays des Tescou&#039;s","publisher":{"@id":"https:\/\/www.o-p-i.fr\/aupays\/#organization"},"potentialAction":[{"@type":"SearchAction","target":{"@type":"EntryPoint","urlTemplate":"https:\/\/www.o-p-i.fr\/aupays\/?s={search_term_string}"},"query-input":{"@type":"PropertyValueSpecification","valueRequired":true,"valueName":"search_term_string"}}],"inLanguage":"fr-FR"},{"@type":"Organization","@id":"https:\/\/www.o-p-i.fr\/aupays\/#organization","name":"O.P.I. des Tescou's","url":"https:\/\/www.o-p-i.fr\/aupays\/","logo":{"@type":"ImageObject","inLanguage":"fr-FR","@id":"https:\/\/www.o-p-i.fr\/aupays\/#\/schema\/logo\/image\/","url":"https:\/\/www.o-p-i.fr\/aupays\/wp-content\/uploads\/bebe.png","contentUrl":"https:\/\/www.o-p-i.fr\/aupays\/wp-content\/uploads\/bebe.png","width":630,"height":250,"caption":"O.P.I. des Tescou's"},"image":{"@id":"https:\/\/www.o-p-i.fr\/aupays\/#\/schema\/logo\/image\/"}},{"@type":"Person","@id":"https:\/\/www.o-p-i.fr\/aupays\/#\/schema\/person\/7f804b2ab46dc4d2ffff62a3cc5540dd","name":"Emilie","image":{"@type":"ImageObject","inLanguage":"fr-FR","@id":"https:\/\/www.o-p-i.fr\/aupays\/#\/schema\/person\/image\/facaf85297164c5eeb35317497584283","url":"https:\/\/secure.gravatar.com\/avatar\/fd7cb6990b830882b89c12b0b0ae62d9e30d6edda4b0842106757d94d4985565?s=96&d=monsterid&r=g","contentUrl":"https:\/\/secure.gravatar.com\/avatar\/fd7cb6990b830882b89c12b0b0ae62d9e30d6edda4b0842106757d94d4985565?s=96&d=monsterid&r=g","caption":"Emilie"},"sameAs":["https:\/\/www.o-p-i.fr\/aupays\/vie-des-communes\/vie-a-monclar-de-quercy\/le-pain-rustique\/"],"url":"https:\/\/www.o-p-i.fr\/aupays\/author\/emilie\/"}]}},"jetpack_featured_media_url":"https:\/\/www.o-p-i.fr\/aupays\/wp-content\/uploads\/Cin\u00e9Monclar.jpg?wsr","views":{"total":2,"cached_at":"","cached_date":1737854443},"jetpack_sharing_enabled":true,"jetpack-related-posts":[],"jetpack_shortlink":"https:\/\/wp.me\/pfni7X-13G","_links":{"self":[{"href":"https:\/\/www.o-p-i.fr\/aupays\/wp-json\/wp\/v2\/posts\/4072","targetHints":{"allow":["GET"]}}],"collection":[{"href":"https:\/\/www.o-p-i.fr\/aupays\/wp-json\/wp\/v2\/posts"}],"about":[{"href":"https:\/\/www.o-p-i.fr\/aupays\/wp-json\/wp\/v2\/types\/post"}],"author":[{"embeddable":true,"href":"https:\/\/www.o-p-i.fr\/aupays\/wp-json\/wp\/v2\/users\/2"}],"replies":[{"embeddable":true,"href":"https:\/\/www.o-p-i.fr\/aupays\/wp-json\/wp\/v2\/comments?post=4072"}],"version-history":[{"count":54,"href":"https:\/\/www.o-p-i.fr\/aupays\/wp-json\/wp\/v2\/posts\/4072\/revisions"}],"predecessor-version":[{"id":33245,"href":"https:\/\/www.o-p-i.fr\/aupays\/wp-json\/wp\/v2\/posts\/4072\/revisions\/33245"}],"wp:featuredmedia":[{"embeddable":true,"href":"https:\/\/www.o-p-i.fr\/aupays\/wp-json\/wp\/v2\/media\/18757"}],"wp:attachment":[{"href":"https:\/\/www.o-p-i.fr\/aupays\/wp-json\/wp\/v2\/media?parent=4072"}],"wp:term":[{"taxonomy":"category","embeddable":true,"href":"https:\/\/www.o-p-i.fr\/aupays\/wp-json\/wp\/v2\/categories?post=4072"},{"taxonomy":"post_tag","embeddable":true,"href":"https:\/\/www.o-p-i.fr\/aupays\/wp-json\/wp\/v2\/tags?post=4072"},{"taxonomy":"author","embeddable":true,"href":"https:\/\/www.o-p-i.fr\/aupays\/wp-json\/wp\/v2\/coauthors?post=4072"}],"curies":[{"name":"wp","href":"https:\/\/api.w.org\/{rel}","templated":true}]}}