{"id":4313,"date":"2010-03-18T12:25:35","date_gmt":"2010-03-18T11:25:35","guid":{"rendered":"\/aupays\/?p=4313"},"modified":"2012-04-13T15:16:12","modified_gmt":"2012-04-13T14:16:12","slug":"cooperative-de-ble","status":"publish","type":"post","link":"https:\/\/www.o-p-i.fr\/aupays\/vie-des-communes\/vie-a-salvagnac\/cooperative-de-ble\/","title":{"rendered":"Coop\u00e9rative de Bl\u00e9"},"content":{"rendered":"<p style=\"text-align: justify;\">La Coop\u00e9rative de Bl\u00e9 de Salvagnac s\u2019assigne  3 objectifs fondamentaux :<\/p>\n<p style=\"text-align: justify;\">1 &gt; Produire des c\u00e9r\u00e9ales de qualit\u00e9 dans le respect des normes environnementales et de sant\u00e9 alimentaire.<\/p>\n<p style=\"text-align: justify;\">2 &gt; Disposer d\u2019une capacit\u00e9 de r\u00e9activit\u00e9 et d\u2019innovation pour fournir des produits adapt\u00e9s aux besoins du march\u00e9 des professionnels de l\u2019agro-alimentaire.<\/p>\n<p style=\"text-align: justify;\">3 &gt; Se comporter en v\u00e9ritable partenaire en apportant le meilleur service et le meilleur soutien technique \u00e0 ses diff\u00e9rents interlocuteurs.<\/p>\n<p style=\"text-align: justify;\">Prix directs coop\u00e9rative particuli\u00e8rement comp\u00e9titifs.<br \/>\nPossibilit\u00e9 de livraison \u00e0 domicile.<\/p>\n<p style=\"text-align: justify;\"><strong>Horaires :<\/strong><br \/>\ndu lundi au jeudi : 8h-12h et 14h-18h<br \/>\nle vendredi\u00a0 : 8h-12h et 14h-17h<\/p>\n<p style=\"text-align: justify;\"><strong>Contact :\u00a0 La Coop\u00e9rative de Bl\u00e9<\/strong><br \/>\nZI de PELOT<br \/>\n81630 SALVAGNAC<\/p>\n<p style=\"text-align: justify;\"><strong>T\u00e9l. : <\/strong>05 63 33 50 20<\/p>\n<p style=\"text-align: justify;\"><strong>Fax : <\/strong>05 63 33 56 33<\/p>\n<p style=\"text-align: justify;\"><strong>Courriel :<\/strong> <span style=\"color: #009900;\"><a class=\"lienvert\" href=\"mailto:coop-de-ble@wanadoo.fr\">coop-de-ble@wanadoo.fr<\/a><\/span><\/p>\n<p style=\"text-align: justify;\"><strong>Site :<\/strong> <a title=\"Ouvre le site dans une nouvelle fen\u00eatre\" href=\"http:\/\/www.coopdeble.fr\/\" target=\"_blank\">http:\/\/www.coopdeble.fr\/<\/a><\/p>\n","protected":false},"excerpt":{"rendered":"<div class=\"mh-excerpt\">La Coop\u00e9rative de Bl\u00e9 de Salvagnac s\u2019assigne 3 objectifs fondamentaux : 1 &gt; Produire des c\u00e9r\u00e9ales de qualit\u00e9 dans le respect des normes environnementales et de sant\u00e9 alimentaire. 2 &gt; Disposer d\u2019une capacit\u00e9 de r\u00e9activit\u00e9 <a class=\"mh-excerpt-more\" href=\"https:\/\/www.o-p-i.fr\/aupays\/vie-des-communes\/vie-a-salvagnac\/cooperative-de-ble\/\" title=\"Coop\u00e9rative de Bl\u00e9\">[&#8230;]<\/a><\/div>\n","protected":false},"author":2,"featured_media":0,"comment_status":"closed","ping_status":"open","sticky":false,"template":"","format":"standard","meta":{"_jetpack_memberships_contains_paid_content":false,"footnotes":"","_links_to":"","_links_to_target":""},"categories":[129,568],"tags":[407,3,73,16],"coauthors":[],"class_list":{"0":"post-4313","1":"post","2":"type-post","3":"status-publish","4":"format-standard","6":"category-vie-a-salvagnac","7":"category-commerce","8":"tag-cooperative","9":"tag-agriculture","10":"tag-produits-du-terroir","11":"tag-salvagnac"},"yoast_head":"<!-- This site is optimized with the Yoast SEO plugin v27.1.1 - https:\/\/yoast.com\/product\/yoast-seo-wordpress\/ -->\n<title>Coop\u00e9rative de Bl\u00e9 - O.P.I. des Tescous<\/title>\n<meta name=\"robots\" content=\"index, follow, max-snippet:-1, max-image-preview:large, max-video-preview:-1\" \/>\n<link rel=\"canonical\" href=\"https:\/\/www.o-p-i.fr\/aupays\/vie-des-communes\/vie-a-salvagnac\/cooperative-de-ble\/\" \/>\n<meta property=\"og:locale\" content=\"fr_FR\" \/>\n<meta property=\"og:type\" content=\"article\" \/>\n<meta property=\"og:title\" content=\"Coop\u00e9rative de Bl\u00e9 - O.P.I. des Tescous\" \/>\n<meta property=\"og:description\" content=\"La Coop\u00e9rative de Bl\u00e9 de Salvagnac s\u2019assigne 3 objectifs fondamentaux : 1 &gt; Produire des c\u00e9r\u00e9ales de qualit\u00e9 dans le respect des normes environnementales et de sant\u00e9 alimentaire. 2 &gt; Disposer d\u2019une capacit\u00e9 de r\u00e9activit\u00e9 [...]\" \/>\n<meta property=\"og:url\" content=\"https:\/\/www.o-p-i.fr\/aupays\/vie-des-communes\/vie-a-salvagnac\/cooperative-de-ble\/\" \/>\n<meta property=\"og:site_name\" content=\"O.P.I. des Tescous\" \/>\n<meta property=\"article:published_time\" content=\"2010-03-18T11:25:35+00:00\" \/>\n<meta property=\"article:modified_time\" content=\"2012-04-13T14:16:12+00:00\" \/>\n<meta name=\"author\" content=\"Emilie\" \/>\n<meta name=\"twitter:card\" content=\"summary_large_image\" \/>\n<meta name=\"twitter:label1\" content=\"\u00c9crit par\" \/>\n\t<meta name=\"twitter:data1\" content=\"Emilie\" \/>\n\t<meta name=\"twitter:label2\" content=\"Dur\u00e9e de lecture estim\u00e9e\" \/>\n\t<meta name=\"twitter:data2\" content=\"1 minute\" \/>\n\t<meta name=\"twitter:label3\" content=\"Written by\" \/>\n\t<meta name=\"twitter:data3\" content=\"Emilie\" \/>\n<script type=\"application\/ld+json\" class=\"yoast-schema-graph\">{\"@context\":\"https:\/\/schema.org\",\"@graph\":[{\"@type\":\"Article\",\"@id\":\"https:\/\/www.o-p-i.fr\/aupays\/vie-des-communes\/vie-a-salvagnac\/cooperative-de-ble\/#article\",\"isPartOf\":{\"@id\":\"https:\/\/www.o-p-i.fr\/aupays\/vie-des-communes\/vie-a-salvagnac\/cooperative-de-ble\/\"},\"author\":{\"name\":\"Emilie\",\"@id\":\"https:\/\/www.o-p-i.fr\/aupays\/#\/schema\/person\/7f804b2ab46dc4d2ffff62a3cc5540dd\"},\"headline\":\"Coop\u00e9rative de Bl\u00e9\",\"datePublished\":\"2010-03-18T11:25:35+00:00\",\"dateModified\":\"2012-04-13T14:16:12+00:00\",\"mainEntityOfPage\":{\"@id\":\"https:\/\/www.o-p-i.fr\/aupays\/vie-des-communes\/vie-a-salvagnac\/cooperative-de-ble\/\"},\"wordCount\":131,\"publisher\":{\"@id\":\"https:\/\/www.o-p-i.fr\/aupays\/#organization\"},\"keywords\":[\"Coop\u00e9rative\",\"Agriculture\",\"Produits du terroir\",\"Salvagnac\"],\"articleSection\":[\"\u00e0 Salvagnac\",\"Commerce\"],\"inLanguage\":\"fr-FR\"},{\"@type\":\"WebPage\",\"@id\":\"https:\/\/www.o-p-i.fr\/aupays\/vie-des-communes\/vie-a-salvagnac\/cooperative-de-ble\/\",\"url\":\"https:\/\/www.o-p-i.fr\/aupays\/vie-des-communes\/vie-a-salvagnac\/cooperative-de-ble\/\",\"name\":\"Coop\u00e9rative de Bl\u00e9 - O.P.I. des Tescous\",\"isPartOf\":{\"@id\":\"https:\/\/www.o-p-i.fr\/aupays\/#website\"},\"datePublished\":\"2010-03-18T11:25:35+00:00\",\"dateModified\":\"2012-04-13T14:16:12+00:00\",\"breadcrumb\":{\"@id\":\"https:\/\/www.o-p-i.fr\/aupays\/vie-des-communes\/vie-a-salvagnac\/cooperative-de-ble\/#breadcrumb\"},\"inLanguage\":\"fr-FR\",\"potentialAction\":[{\"@type\":\"ReadAction\",\"target\":[\"https:\/\/www.o-p-i.fr\/aupays\/vie-des-communes\/vie-a-salvagnac\/cooperative-de-ble\/\"]}]},{\"@type\":\"BreadcrumbList\",\"@id\":\"https:\/\/www.o-p-i.fr\/aupays\/vie-des-communes\/vie-a-salvagnac\/cooperative-de-ble\/#breadcrumb\",\"itemListElement\":[{\"@type\":\"ListItem\",\"position\":1,\"name\":\"Accueil\",\"item\":\"https:\/\/www.o-p-i.fr\/aupays\/\"},{\"@type\":\"ListItem\",\"position\":2,\"name\":\"Coop\u00e9rative de Bl\u00e9\"}]},{\"@type\":\"WebSite\",\"@id\":\"https:\/\/www.o-p-i.fr\/aupays\/#website\",\"url\":\"https:\/\/www.o-p-i.fr\/aupays\/\",\"name\":\"O.P.I. des Tescou's\",\"description\":\"Le Magazine du Pays des Tescou&#039;s\",\"publisher\":{\"@id\":\"https:\/\/www.o-p-i.fr\/aupays\/#organization\"},\"potentialAction\":[{\"@type\":\"SearchAction\",\"target\":{\"@type\":\"EntryPoint\",\"urlTemplate\":\"https:\/\/www.o-p-i.fr\/aupays\/?s={search_term_string}\"},\"query-input\":{\"@type\":\"PropertyValueSpecification\",\"valueRequired\":true,\"valueName\":\"search_term_string\"}}],\"inLanguage\":\"fr-FR\"},{\"@type\":\"Organization\",\"@id\":\"https:\/\/www.o-p-i.fr\/aupays\/#organization\",\"name\":\"O.P.I. des Tescou's\",\"url\":\"https:\/\/www.o-p-i.fr\/aupays\/\",\"logo\":{\"@type\":\"ImageObject\",\"inLanguage\":\"fr-FR\",\"@id\":\"https:\/\/www.o-p-i.fr\/aupays\/#\/schema\/logo\/image\/\",\"url\":\"https:\/\/www.o-p-i.fr\/aupays\/wp-content\/uploads\/bebe.png\",\"contentUrl\":\"https:\/\/www.o-p-i.fr\/aupays\/wp-content\/uploads\/bebe.png\",\"width\":630,\"height\":250,\"caption\":\"O.P.I. des Tescou's\"},\"image\":{\"@id\":\"https:\/\/www.o-p-i.fr\/aupays\/#\/schema\/logo\/image\/\"}},{\"@type\":\"Person\",\"@id\":\"https:\/\/www.o-p-i.fr\/aupays\/#\/schema\/person\/7f804b2ab46dc4d2ffff62a3cc5540dd\",\"name\":\"Emilie\",\"image\":{\"@type\":\"ImageObject\",\"inLanguage\":\"fr-FR\",\"@id\":\"https:\/\/www.o-p-i.fr\/aupays\/#\/schema\/person\/image\/facaf85297164c5eeb35317497584283\",\"url\":\"https:\/\/secure.gravatar.com\/avatar\/fd7cb6990b830882b89c12b0b0ae62d9e30d6edda4b0842106757d94d4985565?s=96&d=monsterid&r=g\",\"contentUrl\":\"https:\/\/secure.gravatar.com\/avatar\/fd7cb6990b830882b89c12b0b0ae62d9e30d6edda4b0842106757d94d4985565?s=96&d=monsterid&r=g\",\"caption\":\"Emilie\"},\"sameAs\":[\"https:\/\/www.o-p-i.fr\/aupays\/vie-des-communes\/vie-a-monclar-de-quercy\/le-pain-rustique\/\"],\"url\":\"https:\/\/www.o-p-i.fr\/aupays\/author\/emilie\/\"}]}<\/script>\n<!-- \/ Yoast SEO plugin. -->","yoast_head_json":{"title":"Coop\u00e9rative de Bl\u00e9 - O.P.I. des Tescous","robots":{"index":"index","follow":"follow","max-snippet":"max-snippet:-1","max-image-preview":"max-image-preview:large","max-video-preview":"max-video-preview:-1"},"canonical":"https:\/\/www.o-p-i.fr\/aupays\/vie-des-communes\/vie-a-salvagnac\/cooperative-de-ble\/","og_locale":"fr_FR","og_type":"article","og_title":"Coop\u00e9rative de Bl\u00e9 - O.P.I. des Tescous","og_description":"La Coop\u00e9rative de Bl\u00e9 de Salvagnac s\u2019assigne 3 objectifs fondamentaux : 1 &gt; Produire des c\u00e9r\u00e9ales de qualit\u00e9 dans le respect des normes environnementales et de sant\u00e9 alimentaire. 2 &gt; Disposer d\u2019une capacit\u00e9 de r\u00e9activit\u00e9 [...]","og_url":"https:\/\/www.o-p-i.fr\/aupays\/vie-des-communes\/vie-a-salvagnac\/cooperative-de-ble\/","og_site_name":"O.P.I. des Tescous","article_published_time":"2010-03-18T11:25:35+00:00","article_modified_time":"2012-04-13T14:16:12+00:00","author":"Emilie","twitter_card":"summary_large_image","twitter_misc":{"\u00c9crit par":"Emilie","Dur\u00e9e de lecture estim\u00e9e":"1 minute","Written by":"Emilie"},"schema":{"@context":"https:\/\/schema.org","@graph":[{"@type":"Article","@id":"https:\/\/www.o-p-i.fr\/aupays\/vie-des-communes\/vie-a-salvagnac\/cooperative-de-ble\/#article","isPartOf":{"@id":"https:\/\/www.o-p-i.fr\/aupays\/vie-des-communes\/vie-a-salvagnac\/cooperative-de-ble\/"},"author":{"name":"Emilie","@id":"https:\/\/www.o-p-i.fr\/aupays\/#\/schema\/person\/7f804b2ab46dc4d2ffff62a3cc5540dd"},"headline":"Coop\u00e9rative de Bl\u00e9","datePublished":"2010-03-18T11:25:35+00:00","dateModified":"2012-04-13T14:16:12+00:00","mainEntityOfPage":{"@id":"https:\/\/www.o-p-i.fr\/aupays\/vie-des-communes\/vie-a-salvagnac\/cooperative-de-ble\/"},"wordCount":131,"publisher":{"@id":"https:\/\/www.o-p-i.fr\/aupays\/#organization"},"keywords":["Coop\u00e9rative","Agriculture","Produits du terroir","Salvagnac"],"articleSection":["\u00e0 Salvagnac","Commerce"],"inLanguage":"fr-FR"},{"@type":"WebPage","@id":"https:\/\/www.o-p-i.fr\/aupays\/vie-des-communes\/vie-a-salvagnac\/cooperative-de-ble\/","url":"https:\/\/www.o-p-i.fr\/aupays\/vie-des-communes\/vie-a-salvagnac\/cooperative-de-ble\/","name":"Coop\u00e9rative de Bl\u00e9 - O.P.I. des Tescous","isPartOf":{"@id":"https:\/\/www.o-p-i.fr\/aupays\/#website"},"datePublished":"2010-03-18T11:25:35+00:00","dateModified":"2012-04-13T14:16:12+00:00","breadcrumb":{"@id":"https:\/\/www.o-p-i.fr\/aupays\/vie-des-communes\/vie-a-salvagnac\/cooperative-de-ble\/#breadcrumb"},"inLanguage":"fr-FR","potentialAction":[{"@type":"ReadAction","target":["https:\/\/www.o-p-i.fr\/aupays\/vie-des-communes\/vie-a-salvagnac\/cooperative-de-ble\/"]}]},{"@type":"BreadcrumbList","@id":"https:\/\/www.o-p-i.fr\/aupays\/vie-des-communes\/vie-a-salvagnac\/cooperative-de-ble\/#breadcrumb","itemListElement":[{"@type":"ListItem","position":1,"name":"Accueil","item":"https:\/\/www.o-p-i.fr\/aupays\/"},{"@type":"ListItem","position":2,"name":"Coop\u00e9rative de Bl\u00e9"}]},{"@type":"WebSite","@id":"https:\/\/www.o-p-i.fr\/aupays\/#website","url":"https:\/\/www.o-p-i.fr\/aupays\/","name":"O.P.I. des Tescou's","description":"Le Magazine du Pays des Tescou&#039;s","publisher":{"@id":"https:\/\/www.o-p-i.fr\/aupays\/#organization"},"potentialAction":[{"@type":"SearchAction","target":{"@type":"EntryPoint","urlTemplate":"https:\/\/www.o-p-i.fr\/aupays\/?s={search_term_string}"},"query-input":{"@type":"PropertyValueSpecification","valueRequired":true,"valueName":"search_term_string"}}],"inLanguage":"fr-FR"},{"@type":"Organization","@id":"https:\/\/www.o-p-i.fr\/aupays\/#organization","name":"O.P.I. des Tescou's","url":"https:\/\/www.o-p-i.fr\/aupays\/","logo":{"@type":"ImageObject","inLanguage":"fr-FR","@id":"https:\/\/www.o-p-i.fr\/aupays\/#\/schema\/logo\/image\/","url":"https:\/\/www.o-p-i.fr\/aupays\/wp-content\/uploads\/bebe.png","contentUrl":"https:\/\/www.o-p-i.fr\/aupays\/wp-content\/uploads\/bebe.png","width":630,"height":250,"caption":"O.P.I. des Tescou's"},"image":{"@id":"https:\/\/www.o-p-i.fr\/aupays\/#\/schema\/logo\/image\/"}},{"@type":"Person","@id":"https:\/\/www.o-p-i.fr\/aupays\/#\/schema\/person\/7f804b2ab46dc4d2ffff62a3cc5540dd","name":"Emilie","image":{"@type":"ImageObject","inLanguage":"fr-FR","@id":"https:\/\/www.o-p-i.fr\/aupays\/#\/schema\/person\/image\/facaf85297164c5eeb35317497584283","url":"https:\/\/secure.gravatar.com\/avatar\/fd7cb6990b830882b89c12b0b0ae62d9e30d6edda4b0842106757d94d4985565?s=96&d=monsterid&r=g","contentUrl":"https:\/\/secure.gravatar.com\/avatar\/fd7cb6990b830882b89c12b0b0ae62d9e30d6edda4b0842106757d94d4985565?s=96&d=monsterid&r=g","caption":"Emilie"},"sameAs":["https:\/\/www.o-p-i.fr\/aupays\/vie-des-communes\/vie-a-monclar-de-quercy\/le-pain-rustique\/"],"url":"https:\/\/www.o-p-i.fr\/aupays\/author\/emilie\/"}]}},"jetpack_featured_media_url":"","views":{"total":0,"cached_at":"","cached_date":1737886807},"jetpack_sharing_enabled":true,"jetpack-related-posts":[],"jetpack_shortlink":"https:\/\/wp.me\/pfni7X-17z","_links":{"self":[{"href":"https:\/\/www.o-p-i.fr\/aupays\/wp-json\/wp\/v2\/posts\/4313","targetHints":{"allow":["GET"]}}],"collection":[{"href":"https:\/\/www.o-p-i.fr\/aupays\/wp-json\/wp\/v2\/posts"}],"about":[{"href":"https:\/\/www.o-p-i.fr\/aupays\/wp-json\/wp\/v2\/types\/post"}],"author":[{"embeddable":true,"href":"https:\/\/www.o-p-i.fr\/aupays\/wp-json\/wp\/v2\/users\/2"}],"replies":[{"embeddable":true,"href":"https:\/\/www.o-p-i.fr\/aupays\/wp-json\/wp\/v2\/comments?post=4313"}],"version-history":[{"count":6,"href":"https:\/\/www.o-p-i.fr\/aupays\/wp-json\/wp\/v2\/posts\/4313\/revisions"}],"predecessor-version":[{"id":7694,"href":"https:\/\/www.o-p-i.fr\/aupays\/wp-json\/wp\/v2\/posts\/4313\/revisions\/7694"}],"wp:attachment":[{"href":"https:\/\/www.o-p-i.fr\/aupays\/wp-json\/wp\/v2\/media?parent=4313"}],"wp:term":[{"taxonomy":"category","embeddable":true,"href":"https:\/\/www.o-p-i.fr\/aupays\/wp-json\/wp\/v2\/categories?post=4313"},{"taxonomy":"post_tag","embeddable":true,"href":"https:\/\/www.o-p-i.fr\/aupays\/wp-json\/wp\/v2\/tags?post=4313"},{"taxonomy":"author","embeddable":true,"href":"https:\/\/www.o-p-i.fr\/aupays\/wp-json\/wp\/v2\/coauthors?post=4313"}],"curies":[{"name":"wp","href":"https:\/\/api.w.org\/{rel}","templated":true}]}}