{"id":63,"date":"2009-11-05T15:00:17","date_gmt":"2009-11-05T13:00:17","guid":{"rendered":"\/aupays\/?p=63"},"modified":"2012-02-16T19:06:38","modified_gmt":"2012-02-16T18:06:38","slug":"internet-et-lien-social","status":"publish","type":"post","link":"https:\/\/www.o-p-i.fr\/aupays\/opi\/internet-et-lien-social\/","title":{"rendered":"Internet et lien social &#8211; OPI, \u00e9mulateur de lien !"},"content":{"rendered":"<p style=\"text-align: justify;\"><a name=\"haut\"><\/a><span style=\"text-decoration: underline;\">La Recherche Action \u00ab\u00a0<strong> Internet et lien social \u00ab\u00a0<\/strong><\/span><\/p>\n<blockquote style=\"text-align: justify;\"><p><strong><a href=\"https:\/\/www.o-p-i.fr\/aupays\/recherche-action\/internet-et-lien-social\/#contexte\">Contexte et probl\u00e9matique<br \/>\n<\/a><\/strong><strong><a href=\"https:\/\/www.o-p-i.fr\/aupays\/recherche-action\/internet-et-lien-social#projet\">Projet de recherche-action<br \/>\n<\/a><\/strong><span class=\"style13\"><strong><a href=\"https:\/\/www.o-p-i.fr\/aupays\/recherche-action\/internet-et-lien-social#acteur\">Les acteurs et leurs r\u00f4les<\/a><\/strong><\/span><br \/>\n<span class=\"style13\"><strong><a href=\"https:\/\/www.o-p-i.fr\/aupays\/recherche-action\/internet-et-lien-social\/#mise\">Mise en oeuvre<\/a><\/strong><\/span><\/p><\/blockquote>\n<p style=\"text-align: justify;\"><!--more--><\/p>\n<p style=\"text-align: justify;\"><span class=\"style17\">Vous souhaitez participer au projet ! <\/span><span class=\"style2\"><a href=\"https:\/\/www.o-p-i.fr\/aupays\/opi\/recherche-action\/je-bouge-avec-opi\/\" target=\"_blank\">Cliquez ici<\/a><\/span><\/p>\n<p class=\"style14\" style=\"text-align: justify;\"><a name=\"contexte\"><\/a><span class=\"style15\"><strong><span style=\"text-decoration: underline;\">Contexte et probl\u00e9matique<\/span><\/strong><\/span><\/p>\n<p class=\"style14\" style=\"text-align: justify;\">Le pays des Tescou&rsquo;s est situ\u00e9 \u00e0 l&rsquo;intersection de trois d\u00e9partements, le Tarn, le Tarn-et-Garonne, la Haute-Garonne et de quatre cantons. Morcel\u00e9 administrativement, le pays n&rsquo;en pr\u00e9sente pas moins une unit\u00e9 g\u00e9ographique et culturelle forte, polaris\u00e9e autour de la rivi\u00e8re le Tescou.<\/p>\n<p class=\"style14\" style=\"text-align: justify;\">Positionn\u00e9e \u00e0 une vingtaine de kilom\u00e8tres de Gaillac (81) et de Montauban (82) et une cinquantaine de Toulouse, la zone, \u00e0 dominante rurale, rencontre des probl\u00e8mes \u00e0 la fois g\u00e9ographiques, d\u00e9mographiques, \u00e9conomiques et sociaux, li\u00e9s :<\/p>\n<ul style=\"text-align: justify;\">\n<li><span dir=\"ltr\">au d\u00e9veloppement de l&rsquo;espace p\u00e9ri-urbain : cohabitation difficile ou manque de communication entre les rurbains, les habitants originels et les n\u00e9o-ruraux install\u00e9s durant les ann\u00e9es 1970, initiatives culturelles et \u00e9conomiques phagocyt\u00e9es par le centre urbain de proximit\u00e9, etc.<\/span><\/li>\n<\/ul>\n<ul style=\"text-align: justify;\">\n<li><span dir=\"ltr\">\u00e0 la sp\u00e9cificit\u00e9 des zones rurales : exode rural, suivi d\u2019un afflux de population, d\u00e9veloppement mal int\u00e9gr\u00e9, effritement du lien social, manque de dynamisme \u00e0 l&rsquo;int\u00e9rieur de certaines zones, perte des traditions, etc.<\/span><\/li>\n<\/ul>\n<p class=\"style14\" style=\"text-align: justify;\">\n<p class=\"style14\" style=\"text-align: justify;\">Ces d\u00e9s\u00e9quilibres structurels fragilisent le tissu local. C\u2019est pourquoi une recherche-action concert\u00e9e entre des habitants, des associations, des entreprises et des collectivit\u00e9s ainsi que des acteurs ext\u00e9rieurs, pourrait s&rsquo;av\u00e9rer opportune pour redynamiser le lien social local, renforcer l&rsquo;unit\u00e9 du pays malgr\u00e9 les clivages administratifs et restructurer les \u00e9changes au sein du territoire.<\/p>\n<p style=\"text-align: justify;\">Plusieurs questions se posent d&#8217;embl\u00e9e \u00e0 propos d&rsquo;un tel projet. Elles sont de diff\u00e9rents ordres :<\/p>\n<ul style=\"text-align: justify;\">\n<li><span dir=\"ltr\"><em>Techniques<\/em>. Comment entreprendre concr\u00e8tement un tel projet ? Quels \u00ab outils \u00bb utiliser ? Des outils juridiques, informatiques, sociaux ? Comment trouver un outil pouvant avoir un impact maximum \u00e0 moindre co\u00fbt ? Et comment int\u00e9grer localement et socialement un tel outil, c&rsquo;est \u00e0 dire faire en sorte qu&rsquo;il soit appropri\u00e9 par les citoyens concern\u00e9s ?<\/span><\/li>\n<\/ul>\n<ul style=\"text-align: justify;\">\n<li><span style=\"font-size: 10pt; font-family: Symbol;\"><span><em><\/em><\/span><\/span><span dir=\"ltr\"><em>\u00c9thique (finalit\u00e9s et type de d\u00e9veloppement)<\/em>. Faut-il \u00e9laborer un projet de d\u00e9veloppement \u00e9conomique \u00ab classique \u00bb, reposant sur l&rsquo;implantation d&rsquo;entreprises dans le pays ? Mais est-ce vraiment viable, \u00e9tant donn\u00e9 la proximit\u00e9 g\u00e9ographique de Toulouse ? A l&rsquo;oppos\u00e9 de cette d\u00e9marche, que peuvent apporter l&rsquo;\u00e9conomie sociale et solidaire, et l&rsquo;\u00e9conomie marchande dans ce contexte ? Et comment faire cohabiter harmonieusement des projets \u00e0 dominante coop\u00e9rative, non-marchande et participative, avec des projets ayant une orientation davantage marchande ?<\/span><\/li>\n<\/ul>\n<ul style=\"text-align: justify;\">\n<li><span dir=\"ltr\"><em>Politique<\/em>. Quelle doit \u00eatre la participation des acteurs concern\u00e9s dans la r\u00e9alisation du projet, et notamment la participation des citoyens et des acteurs ext\u00e9rieurs au pays (chercheurs, entreprises ext\u00e9rieures, etc.) ? Faut-il s&rsquo;orienter vers une approche participative ou au contraire plus repr\u00e9sentative ? Faut-il s&rsquo;appuyer sur des initiatives existantes ou au contraire d\u00e9velopper de nouvelles initiatives (ou les deux \u00e0 la fois) ?<\/span><\/li>\n<\/ul>\n<ul style=\"text-align: justify;\">\n<li><span dir=\"ltr\"><em>Anthropologique.<\/em> Comment mener \u00e0 bien un projet \u00e0 dominante transversale, qui incorpore des probl\u00e9matiques \u00e0 la fois sociales, politiques, culturelles, \u00e9conomiques et g\u00e9ographiques et met en connexion des acteurs appartenant \u00e0 des cultures distinctes, avec des positions de pouvoir, des aspirations, des besoins, des repr\u00e9sentations des probl\u00e8mes et de la situation tr\u00e8s diff\u00e9rentes ?<\/span><\/li>\n<\/ul>\n<p class=\"style14\" style=\"text-align: justify;\">Ces questions s&rsquo;orientent <em>in fine<\/em> vers une question centrale, quel \u00ab outil \u00bb permet une optimisation simultan\u00e9e de plusieurs param\u00e8tres : d\u00e9veloppement harmonieux du pays, impact maximal et \u00e0 faible co\u00fbt, appropriation par un maximum d\u2019acteurs, incorporation ad\u00e9quate dans le tissu culturel.<\/p>\n<p class=\"style14\" style=\"text-align: justify;\"><a name=\"projet\"><\/a><span style=\"text-decoration: underline;\"><span class=\"style15\"><strong>Projet de recherche-action<\/strong><\/span><\/span> <a href=\"https:\/\/www.o-p-i.fr\/aupays\/recherche-action\/internet-et-lien-social#haut\">&#8211; Retour Haut de page &#8211;<\/a><\/p>\n<p class=\"style14\" style=\"text-align: justify;\">Le projet de recherche-action que nous nous sommes fix\u00e9, a pour finalit\u00e9 d&rsquo;apporter des r\u00e9ponses \u00e0 ces questions, en construisant une plate-forme Internet qui s&rsquo;appuie sur plusieurs caract\u00e9ristiques :<\/p>\n<ul style=\"text-align: justify;\">\n<li><span dir=\"ltr\"><em>D\u00e9marche ascendante et participative<\/em>. La plate-forme Internet doit permettre aux habitants du pays de :<\/span><\/li>\n<\/ul>\n<p style=\"margin-left: 72pt; text-indent: -18pt; text-align: justify;\"><span style=\"font-size: 10pt; font-family: &quot;Courier New&quot;;\"><span>o<span style=\"font-family: &quot;Times New Roman&quot;; font-style: normal; font-variant: normal; font-weight: normal; font-size: 7pt; line-height: normal; font-size-adjust: none; font-stretch: normal; -x-system-font: none;\"> <\/span><\/span><\/span><span dir=\"ltr\">Proposer directement leurs projets d&rsquo;am\u00e9lioration de la vie du pays, et de leurs conditions de vie. Concr\u00e8tement, des outils interactifs, tels que des forums, des wikis ou des logiciels CMS, permettent de renforcer une participation d\u00e9mocratique directe aux activit\u00e9s du pays. La plate-forme permet aussi aux acteurs de se coordonner pour \u00e9tablir des liens sociaux durables au sein du pays, entreprendre des initiatives et nouer des partenariats entre initiatives existantes.<\/span><\/p>\n<p style=\"margin-left: 72pt; text-indent: -18pt; text-align: justify;\"><span style=\"font-size: 10pt; font-family: &quot;Courier New&quot;;\"><span>o<span style=\"font-family: &quot;Times New Roman&quot;; font-style: normal; font-variant: normal; font-weight: normal; font-size: 7pt; line-height: normal; font-size-adjust: none; font-stretch: normal; -x-system-font: none;\"> <\/span><\/span><\/span><span dir=\"ltr\">Construire un site interactif permettant aux habitants du pays des Tescou&rsquo;s d&rsquo;avoir facilement acc\u00e8s \u00e0 une information g\u00e9n\u00e9rale et actualis\u00e9e sur leur pays et leur permettant \u00e9galement de l&rsquo;alimenter en informations in\u00e9dites. Le site pourrait par exemple comporter deux volets : un volet interactif sur le mod\u00e8le de <a title=\"Voir la d\u00e9finition sur Wikip\u00e9dia (ouvre une nouvelle fen\u00eatre)\" href=\"http:\/\/fr.wikipedia.org\/wiki\/Wikinews\" target=\"_blank\">Wikinews<\/a> ou d&rsquo;<a title=\"Voir la d\u00e9finition sur Wikip\u00e9dia (ouvre une nouvelle fen\u00eatre)\" href=\"http:\/\/fr.wikipedia.org\/wiki\/Indymedia\" target=\"_blank\">Indym\u00e9dia<\/a>, qui serait un site participatif o\u00f9 les habitants pourraient venir poster leurs informations ; et un volet plus vertical o\u00f9 seraient transmises des informations plus officielles sur le pays, comme par exemple, un annuaire des administrations, entreprises et commerces de proximit\u00e9.<\/span><\/p>\n<p style=\"margin-left: 72pt; text-indent: -18pt; text-align: justify;\"><span style=\"font-size: 10pt; font-family: &quot;Courier New&quot;;\"><span>o<span style=\"font-family: &quot;Times New Roman&quot;; font-style: normal; font-variant: normal; font-weight: normal; font-size: 7pt; line-height: normal; font-size-adjust: none; font-stretch: normal; -x-system-font: none;\"> <\/span><\/span><\/span><span dir=\"ltr\">Offrir un appui prioritaire aux initiatives, aux projets et aux structures pr\u00e9existants, mais un soutien actif aux projets in\u00e9dits.<\/span><\/p>\n<ul style=\"text-align: justify;\" type=\"disc\">\n<li class=\"MsoNormal\"><em>Renforcement du      localisme<\/em>, aussi bien au niveau \u00e9conomique que social, avec :<\/li>\n<\/ul>\n<p style=\"margin-left: 72pt; text-indent: -18pt; text-align: justify;\"><span style=\"font-size: 10pt; font-family: &quot;Courier New&quot;;\"><span>o<span style=\"font-family: &quot;Times New Roman&quot;; font-style: normal; font-variant: normal; font-weight: normal; font-size: 7pt; line-height: normal; font-size-adjust: none; font-stretch: normal; -x-system-font: none;\"> <\/span><\/span><\/span><span dir=\"ltr\">Organisation, gr\u00e2ce au site, d&rsquo;activit\u00e9s culturelles locales.<\/span><\/p>\n<p style=\"margin-left: 72pt; text-indent: -18pt; text-align: justify;\"><span style=\"font-size: 10pt; font-family: &quot;Courier New&quot;;\"><span>o<span style=\"font-family: &quot;Times New Roman&quot;; font-style: normal; font-variant: normal; font-weight: normal; font-size: 7pt; line-height: normal; font-size-adjust: none; font-stretch: normal; -x-system-font: none;\"> <\/span><\/span><\/span><span dir=\"ltr\">\u00c9laboration et utilisation d&rsquo;outils informatiques permettant une meilleure communication entre les diff\u00e9rents acteurs du pays.<\/span><\/p>\n<p style=\"margin-left: 72pt; text-indent: -18pt; text-align: justify;\"><span style=\"font-size: 10pt; font-family: &quot;Courier New&quot;;\"><span>o<span style=\"font-family: &quot;Times New Roman&quot;; font-style: normal; font-variant: normal; font-weight: normal; font-size: 7pt; line-height: normal; font-size-adjust: none; font-stretch: normal; -x-system-font: none;\"> <\/span><\/span><\/span><span dir=\"ltr\">Coordination des acteurs \u00e9conomiques locaux, avec par exemple, le recentrage des activit\u00e9s productives locales sur les consommateurs locaux plut\u00f4t que sur Toulouse.<\/span><\/p>\n<ul style=\"text-align: justify;\" type=\"disc\">\n<li class=\"MsoNormal\"><em>Renforcement des      initiatives non-marchandes et de l&rsquo;\u00e9conomie sociale et solidaire, <\/em>en      partenariat avec l&rsquo;\u00e9conomie marchande locale, l&rsquo;id\u00e9e \u00e9tant de d\u00e9velopper      un mod\u00e8le de d\u00e9veloppement compl\u00e9mentaire au d\u00e9veloppement \u00e9conomique      traditionnel.<\/li>\n<\/ul>\n<ul style=\"text-align: justify;\">\n<li><span dir=\"ltr\"><em>Construction de la recherche-action sur la base de crit\u00e8res \u00e9thiques et \u00e9cologiques<\/em>.<\/span><\/li>\n<\/ul>\n<p style=\"margin-left: 72pt; text-indent: -18pt; text-align: justify;\"><span style=\"font-size: 10pt; font-family: &quot;Courier New&quot;;\"><span>o<span style=\"font-family: &quot;Times New Roman&quot;; font-style: normal; font-variant: normal; font-weight: normal; font-size: 7pt; line-height: normal; font-size-adjust: none; font-stretch: normal; -x-system-font: none;\"> <\/span><\/span><\/span><span dir=\"ltr\">La plate-forme doit servir \u00e0 des initiatives respectant des crit\u00e8res \u00e9cologiques fondamentaux. Par exemple, utilisation prioritaire de mat\u00e9riel recycl\u00e9 et r\u00e9duction des co\u00fbts \u00e9nerg\u00e9tiques en d\u00e9veloppant des syst\u00e8mes de partage.<\/span><\/p>\n<p style=\"margin-left: 72pt; text-indent: -18pt; text-align: justify;\"><span style=\"font-size: 10pt; font-family: &quot;Courier New&quot;;\"><span>o<span style=\"font-family: &quot;Times New Roman&quot;; font-style: normal; font-variant: normal; font-weight: normal; font-size: 7pt; line-height: normal; font-size-adjust: none; font-stretch: normal; -x-system-font: none;\"> <\/span><\/span><\/span><span dir=\"ltr\">La plate-forme doit permettre une autonomisation maximale des acteurs du pays.<\/span><\/p>\n<p class=\"style14\" style=\"text-align: justify;\"><a name=\"acteur\"><\/a><span style=\"text-decoration: underline;\"><span class=\"style15\"><strong>Les acteurs et leurs r\u00f4les<\/strong><\/span><\/span> <a href=\"https:\/\/www.o-p-i.fr\/aupays\/recherche-action\/internet-et-lien-social#haut\">&#8211; Retour Haut de page &#8211;<\/a><\/p>\n<p class=\"style14\" style=\"text-align: justify;\">Il est \u00e0 noter que le projet n\u00e9cessite une forte transversalit\u00e9 sur au moins deux plans.<\/p>\n<ul style=\"text-align: justify;\">\n<li><span dir=\"ltr\">L&rsquo;implication des citoyens et d&rsquo;acteurs politiques, associatifs et scientifiques tr\u00e8s divers dans la gestion du projet implique une forte transversalit\u00e9 organisationnelle et culturelle. De plus, il suppose de n\u00e9gocier activement avec les tenants du pouvoir local dans la mobilisation des ressources.<\/span><\/li>\n<\/ul>\n<ul style=\"text-align: justify;\">\n<li><span dir=\"ltr\">L&rsquo;objectif du projet suppose de mobiliser des comp\u00e9tences, des connaissance et des savoir-faire appartenant \u00e0 diff\u00e9rents champs m\u00e9thodologiques et disciplinaires : g\u00e9ographie, \u00e9conomie, sociologie, agriculture, etc.<\/span><\/li>\n<\/ul>\n<p class=\"style14\" style=\"text-align: justify;\">D&rsquo;ores et d\u00e9j\u00e0, ce souci de transversalit\u00e9 a conduit plusieurs acteurs \u00e0 se regrouper au sein du projet de recherche-action, encore au stade de d\u00e9marrage :<\/p>\n<ul style=\"text-align: justify;\">\n<li><span dir=\"ltr\"><em>L&rsquo;association <a title=\"En savoir + sur l'association\" href=\"https:\/\/www.o-p-i.fr\/aupays\/opi\/accueil\/\" target=\"_blank\">O-P-I<\/a><\/em>. Elle est un acteur pr\u00e9curseur de ce type de projets dans le pays et constitue la cl\u00e9 de vo\u00fbte sur laquelle la recherche-action doit s&rsquo;appuyer. Fond\u00e9e dans les ann\u00e9es 1980, l&rsquo;association, par son implantation strat\u00e9gique dans le pays des Tescou&rsquo;s, et par la toile relationnelle qu&rsquo;elle a su tisser entre les acteurs, joue en effet un r\u00f4le d&rsquo;interm\u00e9diaire privil\u00e9gi\u00e9 entre les acteurs \u00e9conomiques et politiques locaux, les habitants du pas des Tescou&rsquo;s et les acteurs ext\u00e9rieurs impliqu\u00e9s dans la mise en \u0153uvre du projet.<\/span><\/li>\n<\/ul>\n<ul style=\"text-align: justify;\">\n<li><span dir=\"ltr\"><em>L&rsquo;association <a title=\"Voir le site\" href=\"http:\/\/w3.cerises.univ-tlse2.fr\/welcome\/index.php\" target=\"_blank\">CERISES<\/a><\/em>. Laboratoire associatif implant\u00e9 dans l&rsquo;universit\u00e9 du Mirail, elle regroupe des chercheurs unis par une volont\u00e9 commune de produire des recherches et un travail d&rsquo;expertise sur le domaine de l&rsquo;\u00e9conomie sociale et solidaire. Elle constitue un point de liaison entre le projet et le monde de la recherche scientifique \u2013 universitaire ou autre.<\/span><\/li>\n<\/ul>\n<ul style=\"text-align: justify;\">\n<li><span dir=\"ltr\"><em>L&rsquo;association <a title=\"Voir le site\" href=\"http:\/\/www.cedrea.net\" target=\"_blank\">CEDREA<\/a><\/em>. Laboratoire associatif en cours de construction, il regroupe des acteurs de divers horizons (chercheurs confirm\u00e9s, chercheurs d\u00e9butants, acteurs associatifs, acteurs du monde de l&rsquo;entreprise, acteurs politiques) impliqu\u00e9s dans des d\u00e9marches de recherche-action. Il peut apporter une expertise et ses comp\u00e9tences en terme de pilotage de la recherche-action et de conduite de changement.<\/span><\/li>\n<\/ul>\n<ul style=\"text-align: justify;\">\n<li><span dir=\"ltr\">Le d\u00e9partement\u00a0 \u00ab informatique \u00bb de l<a title=\"Voir le site\" href=\"http:\/\/iut.ups-tlse.fr\/\" target=\"_blank\">&lsquo;I.U.T. \u00ab A \u00bb, Universit\u00e9 Paul Sabatier<\/a><\/span><\/li>\n<\/ul>\n<p class=\"style14\" style=\"text-align: justify;\">D&rsquo;autres acteurs pourraient \u00e0 terme \u00eatre impliqu\u00e9s dans la recherche-action.<\/p>\n<ul style=\"text-align: justify;\">\n<li><span dir=\"ltr\">Des acteurs de l&rsquo;informatique open-source qui pourraient apporter leurs comp\u00e9tences dans le d\u00e9veloppement de la plate-forme et du r\u00e9seau coop\u00e9ratif (firmes open-source, GUL, RAN).<\/span><\/li>\n<\/ul>\n<ul style=\"text-align: justify;\">\n<li><span dir=\"ltr\">Des acteurs politiques qui pourraient jouer un r\u00f4le d\u00e9cisionnel significatif et apporter leurs ressources au projet (communes, communaut\u00e9s de communes, d\u00e9partements, r\u00e9gion).<\/span><\/li>\n<\/ul>\n<ul style=\"text-align: justify;\">\n<li><span dir=\"ltr\">Des acteurs impliqu\u00e9s dans l&rsquo;\u00e9conomie non-marchande au sens strict, qui pourraient, pour l&rsquo;occasion, se regrouper au sein d&rsquo;une association formelle ou informelle.<\/span><\/li>\n<\/ul>\n<p class=\"style14\" style=\"text-align: justify;\">Le r\u00f4le des diff\u00e9rents acteurs pourrait \u00eatre le suivant :<\/p>\n<ul style=\"text-align: justify;\">\n<li><span dir=\"ltr\">L&rsquo;association <strong>O-P-I<\/strong> jouerait un r\u00f4le de centralisation du projet, aussi bien au niveau virtuel, gr\u00e2ce au site Internet, qu&rsquo;au niveau mat\u00e9riel, en \u00e9tablissant les contacts entre les diff\u00e9rents acteurs.<\/span><\/li>\n<\/ul>\n<ul style=\"text-align: justify;\">\n<li><span dir=\"ltr\">L&rsquo;association <strong>CERISES<\/strong> jouerait un r\u00f4le d&rsquo;expertise et de conseil qui permettrait d&rsquo;\u00e9clairer les probl\u00e9matiques \u00e9conomiques, sociologiques et g\u00e9ographiques pos\u00e9es par les acteurs sur le terrain. Elle produirait r\u00e9guli\u00e8rement un compte-rendu statistique et qualitatif sur l&rsquo;\u00e9volution des initiatives de l&rsquo;\u00e9conomie sociale et solidaire dans le pays et tenterait de les f\u00e9d\u00e9rer en partenariat avec O-P-I : le principe est de rep\u00e9rer les compl\u00e9mentarit\u00e9s \u00e9conomiques entre acteurs et de les agglom\u00e9rer autour de projets qui r\u00e9pondent aux besoins du territoire. Elle pourrait par ailleurs apporter ses comp\u00e9tences pour d\u00e9velopper de nouveaux mod\u00e8les \u00e9conomiques entre les acteurs \u00e9conomiques du pays.<\/span><\/li>\n<\/ul>\n<ul style=\"text-align: justify;\">\n<li><span dir=\"ltr\">L&rsquo;association <strong>CEDREA<\/strong> apporterait ses comp\u00e9tences pour piloter le changement au sein du pays. Son r\u00f4le pourrait, par exemple, consister \u00e0 produire des \u00e9valuations r\u00e9guli\u00e8res du changement participatif et \u00e0 les mettre \u00e0 la port\u00e9e des acteurs concern\u00e9s pour qu&rsquo;ils puissent \u00e9ventuellement rectifier leurs actions, effectuer un travail de recherche sur les cas de recherche-action similaires, intervenir en cas de blocage \u00e0 diff\u00e9rents niveaux du projet, mettre en \u0153uvre des techniques de conduite de changement qui ont fait leur preuve, donner une vitrine scientifique au projet dans le cadre de r\u00e9seaux de chercheurs qui travaillent sur la recherche-action. En d\u00e9finitive, son travail serait plus qualitatif que quantitatif.<\/span><\/li>\n<\/ul>\n<p class=\"style14\" style=\"text-align: justify;\"><a name=\"mise\"><\/a><span style=\"text-decoration: underline;\"><span class=\"style15\"><strong>Mise en \u0153uvre<\/strong><\/span> <\/span><a href=\"https:\/\/www.o-p-i.fr\/aupays\/recherche-action\/internet-et-lien-social#haut\">&#8211; Retour Haut de page &#8211;<\/a><\/p>\n<p class=\"style14\" style=\"text-align: justify;\">La mise en \u0153uvre d&rsquo;une telle recherche-action consisterait concr\u00e8tement dans la coordination concert\u00e9e des actions suivantes :<\/p>\n<ul style=\"text-align: justify;\">\n<li><span dir=\"ltr\">Renforcement du site O-P-I, en insistant sur les points suivants :<\/span><\/li>\n<\/ul>\n<p style=\"margin-left: 72pt; text-indent: -18pt; text-align: justify;\"><span style=\"font-size: 10pt; font-family: &quot;Courier New&quot;;\"><span>o<span style=\"font-family: &quot;Times New Roman&quot;; font-style: normal; font-variant: normal; font-weight: normal; font-size: 7pt; line-height: normal; font-size-adjust: none; font-stretch: normal; -x-system-font: none;\"> <\/span><\/span><\/span><span dir=\"ltr\">Passage du site au WEB 2.0, en d\u00e9veloppant une plate-forme plus interactive permettant aux habitants du pays des Tescou&rsquo;s ou \u00e0 d&rsquo;autres personnes, d&rsquo;intervenir plus facilement dans la gestion du site.<\/span><\/p>\n<p style=\"margin-left: 72pt; text-indent: -18pt; text-align: justify;\"><span style=\"font-size: 10pt; font-family: &quot;Courier New&quot;;\"><span>o<span style=\"font-family: &quot;Times New Roman&quot;; font-style: normal; font-variant: normal; font-weight: normal; font-size: 7pt; line-height: normal; font-size-adjust: none; font-stretch: normal; -x-system-font: none;\"> <\/span><\/span><\/span><span dir=\"ltr\">Promotion et d\u00e9veloppement du site, de mani\u00e8re \u00e0 ce qu&rsquo;il occupe une place centrale dans les m\u00e9dias locaux.<\/span><\/p>\n<p style=\"margin-left: 72pt; text-indent: -18pt; text-align: justify;\"><span style=\"font-size: 10pt; font-family: &quot;Courier New&quot;;\"><span>o<span style=\"font-family: &quot;Times New Roman&quot;; font-style: normal; font-variant: normal; font-weight: normal; font-size: 7pt; line-height: normal; font-size-adjust: none; font-stretch: normal; -x-system-font: none;\"> <\/span><\/span><\/span><span dir=\"ltr\">Continuit\u00e9 avec la ligne actuelle pour ce qui est de servir de plate-forme des initiatives, associations et entreprises sur le pays.<\/span><\/p>\n<ul style=\"text-align: justify;\" type=\"disc\">\n<li class=\"MsoNormal\">\u00c9laboration d&rsquo;outils      d&rsquo;enqu\u00eate r\u00e9pertoriant les besoins des habitants vivant dans le pays, de      grilles d&rsquo;\u00e9valuation de la performance des syst\u00e8mes de communication      adoss\u00e9s au site et mise en place d&rsquo;une recherche sur le contexte      g\u00e9ographique et culturel du lieu. Cette recherche devrait d\u00e9marrer le plus      t\u00f4t possible pour pouvoir faciliter par la suite des approches      comparatives.<\/li>\n<\/ul>\n<ul style=\"text-align: justify;\">\n<li><span dir=\"ltr\">L&rsquo;implication permanente d&rsquo;au moins un chercheur sur le terrain pour piloter le projet de recherche-action.<\/span><\/li>\n<\/ul>\n<p class=\"style21\" style=\"text-align: right;\" align=\"right\"><span class=\"style17\">Vous souhaitez participer au projet ! <\/span><a href=\"https:\/\/www.o-p-i.fr\/aupays\/opi\/recherche-action\/je-bouge-avec-opi\/\" target=\"_blank\">Cliquez ici<\/a><\/p>\n<p class=\"MsoNormal\">\n","protected":false},"excerpt":{"rendered":"<div class=\"mh-excerpt\">La Recherche Action \u00ab\u00a0 Internet et lien social \u00ab\u00a0 Contexte et probl\u00e9matique Projet de recherche-action Les acteurs et leurs r\u00f4les Mise en oeuvre<\/div>\n","protected":false},"author":2,"featured_media":0,"comment_status":"closed","ping_status":"open","sticky":false,"template":"","format":"standard","meta":{"_jetpack_memberships_contains_paid_content":false,"footnotes":"","_links_to":"","_links_to_target":""},"categories":[1,33],"tags":[79,80,767],"coauthors":[],"class_list":{"0":"post-63","1":"post","2":"type-post","3":"status-publish","4":"format-standard","6":"category-opi","7":"category-recherche-action","8":"tag-internet","9":"tag-lien-social","10":"tag-recherche-action"},"yoast_head":"<!-- This site is optimized with the Yoast SEO plugin v27.1.1 - https:\/\/yoast.com\/product\/yoast-seo-wordpress\/ -->\n<title>Internet et lien social - OPI, \u00e9mulateur de lien ! - O.P.I. des Tescous<\/title>\n<meta name=\"robots\" content=\"index, follow, max-snippet:-1, max-image-preview:large, max-video-preview:-1\" \/>\n<link rel=\"canonical\" href=\"https:\/\/www.o-p-i.fr\/aupays\/opi\/internet-et-lien-social\/\" \/>\n<meta property=\"og:locale\" content=\"fr_FR\" \/>\n<meta property=\"og:type\" content=\"article\" \/>\n<meta property=\"og:title\" content=\"Internet et lien social - OPI, \u00e9mulateur de lien ! - O.P.I. des Tescous\" \/>\n<meta property=\"og:description\" content=\"La Recherche Action \u00ab\u00a0 Internet et lien social \u00ab\u00a0 Contexte et probl\u00e9matique Projet de recherche-action Les acteurs et leurs r\u00f4les Mise en oeuvre\" \/>\n<meta property=\"og:url\" content=\"https:\/\/www.o-p-i.fr\/aupays\/opi\/internet-et-lien-social\/\" \/>\n<meta property=\"og:site_name\" content=\"O.P.I. des Tescous\" \/>\n<meta property=\"article:published_time\" content=\"2009-11-05T13:00:17+00:00\" \/>\n<meta property=\"article:modified_time\" content=\"2012-02-16T18:06:38+00:00\" \/>\n<meta name=\"author\" content=\"Emilie\" \/>\n<meta name=\"twitter:card\" content=\"summary_large_image\" \/>\n<meta name=\"twitter:label1\" content=\"\u00c9crit par\" \/>\n\t<meta name=\"twitter:data1\" content=\"Emilie\" \/>\n\t<meta name=\"twitter:label2\" content=\"Dur\u00e9e de lecture estim\u00e9e\" \/>\n\t<meta name=\"twitter:data2\" content=\"9 minutes\" \/>\n\t<meta name=\"twitter:label3\" content=\"Written by\" \/>\n\t<meta name=\"twitter:data3\" content=\"Emilie\" \/>\n<script type=\"application\/ld+json\" class=\"yoast-schema-graph\">{\"@context\":\"https:\/\/schema.org\",\"@graph\":[{\"@type\":\"Article\",\"@id\":\"https:\/\/www.o-p-i.fr\/aupays\/opi\/internet-et-lien-social\/#article\",\"isPartOf\":{\"@id\":\"https:\/\/www.o-p-i.fr\/aupays\/opi\/internet-et-lien-social\/\"},\"author\":{\"name\":\"Emilie\",\"@id\":\"https:\/\/www.o-p-i.fr\/aupays\/#\/schema\/person\/7f804b2ab46dc4d2ffff62a3cc5540dd\"},\"headline\":\"Internet et lien social &#8211; OPI, \u00e9mulateur de lien !\",\"datePublished\":\"2009-11-05T13:00:17+00:00\",\"dateModified\":\"2012-02-16T18:06:38+00:00\",\"mainEntityOfPage\":{\"@id\":\"https:\/\/www.o-p-i.fr\/aupays\/opi\/internet-et-lien-social\/\"},\"wordCount\":1944,\"publisher\":{\"@id\":\"https:\/\/www.o-p-i.fr\/aupays\/#organization\"},\"keywords\":[\"Internet\",\"Lien Social\",\"Recherche-Action\"],\"articleSection\":[\"OPI\",\"Recherche-Action\"],\"inLanguage\":\"fr-FR\"},{\"@type\":\"WebPage\",\"@id\":\"https:\/\/www.o-p-i.fr\/aupays\/opi\/internet-et-lien-social\/\",\"url\":\"https:\/\/www.o-p-i.fr\/aupays\/opi\/internet-et-lien-social\/\",\"name\":\"Internet et lien social - OPI, \u00e9mulateur de lien ! - O.P.I. des Tescous\",\"isPartOf\":{\"@id\":\"https:\/\/www.o-p-i.fr\/aupays\/#website\"},\"datePublished\":\"2009-11-05T13:00:17+00:00\",\"dateModified\":\"2012-02-16T18:06:38+00:00\",\"breadcrumb\":{\"@id\":\"https:\/\/www.o-p-i.fr\/aupays\/opi\/internet-et-lien-social\/#breadcrumb\"},\"inLanguage\":\"fr-FR\",\"potentialAction\":[{\"@type\":\"ReadAction\",\"target\":[\"https:\/\/www.o-p-i.fr\/aupays\/opi\/internet-et-lien-social\/\"]}]},{\"@type\":\"BreadcrumbList\",\"@id\":\"https:\/\/www.o-p-i.fr\/aupays\/opi\/internet-et-lien-social\/#breadcrumb\",\"itemListElement\":[{\"@type\":\"ListItem\",\"position\":1,\"name\":\"Accueil\",\"item\":\"https:\/\/www.o-p-i.fr\/aupays\/\"},{\"@type\":\"ListItem\",\"position\":2,\"name\":\"Internet et lien social &#8211; OPI, \u00e9mulateur de lien !\"}]},{\"@type\":\"WebSite\",\"@id\":\"https:\/\/www.o-p-i.fr\/aupays\/#website\",\"url\":\"https:\/\/www.o-p-i.fr\/aupays\/\",\"name\":\"O.P.I. des Tescou's\",\"description\":\"Le Magazine du Pays des Tescou&#039;s\",\"publisher\":{\"@id\":\"https:\/\/www.o-p-i.fr\/aupays\/#organization\"},\"potentialAction\":[{\"@type\":\"SearchAction\",\"target\":{\"@type\":\"EntryPoint\",\"urlTemplate\":\"https:\/\/www.o-p-i.fr\/aupays\/?s={search_term_string}\"},\"query-input\":{\"@type\":\"PropertyValueSpecification\",\"valueRequired\":true,\"valueName\":\"search_term_string\"}}],\"inLanguage\":\"fr-FR\"},{\"@type\":\"Organization\",\"@id\":\"https:\/\/www.o-p-i.fr\/aupays\/#organization\",\"name\":\"O.P.I. des Tescou's\",\"url\":\"https:\/\/www.o-p-i.fr\/aupays\/\",\"logo\":{\"@type\":\"ImageObject\",\"inLanguage\":\"fr-FR\",\"@id\":\"https:\/\/www.o-p-i.fr\/aupays\/#\/schema\/logo\/image\/\",\"url\":\"https:\/\/www.o-p-i.fr\/aupays\/wp-content\/uploads\/bebe.png\",\"contentUrl\":\"https:\/\/www.o-p-i.fr\/aupays\/wp-content\/uploads\/bebe.png\",\"width\":630,\"height\":250,\"caption\":\"O.P.I. des Tescou's\"},\"image\":{\"@id\":\"https:\/\/www.o-p-i.fr\/aupays\/#\/schema\/logo\/image\/\"}},{\"@type\":\"Person\",\"@id\":\"https:\/\/www.o-p-i.fr\/aupays\/#\/schema\/person\/7f804b2ab46dc4d2ffff62a3cc5540dd\",\"name\":\"Emilie\",\"image\":{\"@type\":\"ImageObject\",\"inLanguage\":\"fr-FR\",\"@id\":\"https:\/\/www.o-p-i.fr\/aupays\/#\/schema\/person\/image\/facaf85297164c5eeb35317497584283\",\"url\":\"https:\/\/secure.gravatar.com\/avatar\/fd7cb6990b830882b89c12b0b0ae62d9e30d6edda4b0842106757d94d4985565?s=96&d=monsterid&r=g\",\"contentUrl\":\"https:\/\/secure.gravatar.com\/avatar\/fd7cb6990b830882b89c12b0b0ae62d9e30d6edda4b0842106757d94d4985565?s=96&d=monsterid&r=g\",\"caption\":\"Emilie\"},\"sameAs\":[\"https:\/\/www.o-p-i.fr\/aupays\/vie-des-communes\/vie-a-monclar-de-quercy\/le-pain-rustique\/\"],\"url\":\"https:\/\/www.o-p-i.fr\/aupays\/author\/emilie\/\"}]}<\/script>\n<!-- \/ Yoast SEO plugin. -->","yoast_head_json":{"title":"Internet et lien social - OPI, \u00e9mulateur de lien ! - O.P.I. des Tescous","robots":{"index":"index","follow":"follow","max-snippet":"max-snippet:-1","max-image-preview":"max-image-preview:large","max-video-preview":"max-video-preview:-1"},"canonical":"https:\/\/www.o-p-i.fr\/aupays\/opi\/internet-et-lien-social\/","og_locale":"fr_FR","og_type":"article","og_title":"Internet et lien social - OPI, \u00e9mulateur de lien ! - O.P.I. des Tescous","og_description":"La Recherche Action \u00ab\u00a0 Internet et lien social \u00ab\u00a0 Contexte et probl\u00e9matique Projet de recherche-action Les acteurs et leurs r\u00f4les Mise en oeuvre","og_url":"https:\/\/www.o-p-i.fr\/aupays\/opi\/internet-et-lien-social\/","og_site_name":"O.P.I. des Tescous","article_published_time":"2009-11-05T13:00:17+00:00","article_modified_time":"2012-02-16T18:06:38+00:00","author":"Emilie","twitter_card":"summary_large_image","twitter_misc":{"\u00c9crit par":"Emilie","Dur\u00e9e de lecture estim\u00e9e":"9 minutes","Written by":"Emilie"},"schema":{"@context":"https:\/\/schema.org","@graph":[{"@type":"Article","@id":"https:\/\/www.o-p-i.fr\/aupays\/opi\/internet-et-lien-social\/#article","isPartOf":{"@id":"https:\/\/www.o-p-i.fr\/aupays\/opi\/internet-et-lien-social\/"},"author":{"name":"Emilie","@id":"https:\/\/www.o-p-i.fr\/aupays\/#\/schema\/person\/7f804b2ab46dc4d2ffff62a3cc5540dd"},"headline":"Internet et lien social &#8211; OPI, \u00e9mulateur de lien !","datePublished":"2009-11-05T13:00:17+00:00","dateModified":"2012-02-16T18:06:38+00:00","mainEntityOfPage":{"@id":"https:\/\/www.o-p-i.fr\/aupays\/opi\/internet-et-lien-social\/"},"wordCount":1944,"publisher":{"@id":"https:\/\/www.o-p-i.fr\/aupays\/#organization"},"keywords":["Internet","Lien Social","Recherche-Action"],"articleSection":["OPI","Recherche-Action"],"inLanguage":"fr-FR"},{"@type":"WebPage","@id":"https:\/\/www.o-p-i.fr\/aupays\/opi\/internet-et-lien-social\/","url":"https:\/\/www.o-p-i.fr\/aupays\/opi\/internet-et-lien-social\/","name":"Internet et lien social - OPI, \u00e9mulateur de lien ! - O.P.I. des Tescous","isPartOf":{"@id":"https:\/\/www.o-p-i.fr\/aupays\/#website"},"datePublished":"2009-11-05T13:00:17+00:00","dateModified":"2012-02-16T18:06:38+00:00","breadcrumb":{"@id":"https:\/\/www.o-p-i.fr\/aupays\/opi\/internet-et-lien-social\/#breadcrumb"},"inLanguage":"fr-FR","potentialAction":[{"@type":"ReadAction","target":["https:\/\/www.o-p-i.fr\/aupays\/opi\/internet-et-lien-social\/"]}]},{"@type":"BreadcrumbList","@id":"https:\/\/www.o-p-i.fr\/aupays\/opi\/internet-et-lien-social\/#breadcrumb","itemListElement":[{"@type":"ListItem","position":1,"name":"Accueil","item":"https:\/\/www.o-p-i.fr\/aupays\/"},{"@type":"ListItem","position":2,"name":"Internet et lien social &#8211; OPI, \u00e9mulateur de lien !"}]},{"@type":"WebSite","@id":"https:\/\/www.o-p-i.fr\/aupays\/#website","url":"https:\/\/www.o-p-i.fr\/aupays\/","name":"O.P.I. des Tescou's","description":"Le Magazine du Pays des Tescou&#039;s","publisher":{"@id":"https:\/\/www.o-p-i.fr\/aupays\/#organization"},"potentialAction":[{"@type":"SearchAction","target":{"@type":"EntryPoint","urlTemplate":"https:\/\/www.o-p-i.fr\/aupays\/?s={search_term_string}"},"query-input":{"@type":"PropertyValueSpecification","valueRequired":true,"valueName":"search_term_string"}}],"inLanguage":"fr-FR"},{"@type":"Organization","@id":"https:\/\/www.o-p-i.fr\/aupays\/#organization","name":"O.P.I. des Tescou's","url":"https:\/\/www.o-p-i.fr\/aupays\/","logo":{"@type":"ImageObject","inLanguage":"fr-FR","@id":"https:\/\/www.o-p-i.fr\/aupays\/#\/schema\/logo\/image\/","url":"https:\/\/www.o-p-i.fr\/aupays\/wp-content\/uploads\/bebe.png","contentUrl":"https:\/\/www.o-p-i.fr\/aupays\/wp-content\/uploads\/bebe.png","width":630,"height":250,"caption":"O.P.I. des Tescou's"},"image":{"@id":"https:\/\/www.o-p-i.fr\/aupays\/#\/schema\/logo\/image\/"}},{"@type":"Person","@id":"https:\/\/www.o-p-i.fr\/aupays\/#\/schema\/person\/7f804b2ab46dc4d2ffff62a3cc5540dd","name":"Emilie","image":{"@type":"ImageObject","inLanguage":"fr-FR","@id":"https:\/\/www.o-p-i.fr\/aupays\/#\/schema\/person\/image\/facaf85297164c5eeb35317497584283","url":"https:\/\/secure.gravatar.com\/avatar\/fd7cb6990b830882b89c12b0b0ae62d9e30d6edda4b0842106757d94d4985565?s=96&d=monsterid&r=g","contentUrl":"https:\/\/secure.gravatar.com\/avatar\/fd7cb6990b830882b89c12b0b0ae62d9e30d6edda4b0842106757d94d4985565?s=96&d=monsterid&r=g","caption":"Emilie"},"sameAs":["https:\/\/www.o-p-i.fr\/aupays\/vie-des-communes\/vie-a-monclar-de-quercy\/le-pain-rustique\/"],"url":"https:\/\/www.o-p-i.fr\/aupays\/author\/emilie\/"}]}},"jetpack_featured_media_url":"","views":{"total":0,"cached_at":"","cached_date":1737883491},"jetpack_sharing_enabled":true,"jetpack-related-posts":[],"jetpack_shortlink":"https:\/\/wp.me\/pfni7X-11","_links":{"self":[{"href":"https:\/\/www.o-p-i.fr\/aupays\/wp-json\/wp\/v2\/posts\/63","targetHints":{"allow":["GET"]}}],"collection":[{"href":"https:\/\/www.o-p-i.fr\/aupays\/wp-json\/wp\/v2\/posts"}],"about":[{"href":"https:\/\/www.o-p-i.fr\/aupays\/wp-json\/wp\/v2\/types\/post"}],"author":[{"embeddable":true,"href":"https:\/\/www.o-p-i.fr\/aupays\/wp-json\/wp\/v2\/users\/2"}],"replies":[{"embeddable":true,"href":"https:\/\/www.o-p-i.fr\/aupays\/wp-json\/wp\/v2\/comments?post=63"}],"version-history":[{"count":61,"href":"https:\/\/www.o-p-i.fr\/aupays\/wp-json\/wp\/v2\/posts\/63\/revisions"}],"predecessor-version":[{"id":7180,"href":"https:\/\/www.o-p-i.fr\/aupays\/wp-json\/wp\/v2\/posts\/63\/revisions\/7180"}],"wp:attachment":[{"href":"https:\/\/www.o-p-i.fr\/aupays\/wp-json\/wp\/v2\/media?parent=63"}],"wp:term":[{"taxonomy":"category","embeddable":true,"href":"https:\/\/www.o-p-i.fr\/aupays\/wp-json\/wp\/v2\/categories?post=63"},{"taxonomy":"post_tag","embeddable":true,"href":"https:\/\/www.o-p-i.fr\/aupays\/wp-json\/wp\/v2\/tags?post=63"},{"taxonomy":"author","embeddable":true,"href":"https:\/\/www.o-p-i.fr\/aupays\/wp-json\/wp\/v2\/coauthors?post=63"}],"curies":[{"name":"wp","href":"https:\/\/api.w.org\/{rel}","templated":true}]}}