{"id":9338,"date":"2021-10-01T16:24:34","date_gmt":"2021-10-01T15:24:34","guid":{"rendered":"\/aupays\/?p=9338"},"modified":"2022-02-23T17:50:51","modified_gmt":"2022-02-23T16:50:51","slug":"la-ferme-du-souleilha-2","status":"publish","type":"post","link":"https:\/\/www.o-p-i.fr\/aupays\/annuaire\/tourisme\/la-ferme-du-souleilha-2\/","title":{"rendered":"La Ferme du Souleilha"},"content":{"rendered":"<h3><a href=\"https:\/\/www.o-p-i.fr\/aupays\/wp-content\/uploads\/photo-campagne-vaches-e1633079452315.jpg\"><img loading=\"lazy\" decoding=\"async\" class=\"wp-image-20146 size-medium aligncenter\" src=\"https:\/\/www.o-p-i.fr\/aupays\/wp-content\/uploads\/photo-campagne-vaches-300x225.jpg\" alt=\"\" width=\"300\" height=\"225\" \/><\/a><\/h3>\n<h3><\/h3>\n<p>&nbsp;<\/p>\n<h3 style=\"text-align: center;\"><span style=\"color: #ff6600;\">\u00a0 \u00a0Location de vacances<\/span><\/h3>\n<h5 style=\"text-align: center;\"><em><strong><span style=\"color: #800080;\">Location\u00a0de\u00a0vacances\u00a0\u00a0Chambre\u00a0d&rsquo;H\u00f4te\u00a0ouverte\u00a0\u00e0\u00a0l&rsquo;ann\u00e9e.<\/span><\/strong><\/em><\/h5>\n<h5 style=\"text-align: center;\"><em><span style=\"color: #800080;\"><strong>Situ\u00e9e \u00e0 la fronti\u00e8re de trois d\u00e9partements Tarn, Tarn et Garonne et Haute Garonne, Brigitte et Alain vous accueillent \u00e0 la ferme du Souleilha, pour vivre des moments inoubliables, en pleine natur<\/strong>e.<\/span><\/em><\/h5>\n<h5 style=\"text-align: center;\"><em><span style=\"color: #800080;\">\u00a0 \u00a0 \u00a0 \u00a0 \u00a0 \u00a0 \u00a0 \u00a0 \u00a0 \u00a0<\/span><\/em><span style=\"color: #800080;\">Chambre d&rsquo;h\u00f4te 2 personnes avec literie en 160 salle de bain et toilettes privatifs,<\/span><span style=\"color: #800080;\">entr\u00e9e ind\u00e9pendante avec vue sur la campagne.<\/span><\/h5>\n<p>&nbsp;<\/p>\n<p>&nbsp;<\/p>\n<h5><a href=\"https:\/\/www.o-p-i.fr\/aupays\/wp-content\/uploads\/Chambre-dh_te-10.jpg\"><img loading=\"lazy\" decoding=\"async\" class=\"aligncenter wp-image-20149 size-medium\" src=\"https:\/\/www.o-p-i.fr\/aupays\/wp-content\/uploads\/Chambre-dh_te-10-300x217.jpg\" alt=\"\" width=\"300\" height=\"217\" srcset=\"https:\/\/www.o-p-i.fr\/aupays\/wp-content\/uploads\/Chambre-dh_te-10-300x217.jpg 300w, https:\/\/www.o-p-i.fr\/aupays\/wp-content\/uploads\/Chambre-dh_te-10.jpg 400w, https:\/\/www.o-p-i.fr\/aupays\/wp-content\/uploads\/Chambre-dh_te-10-150x108.jpg 150w, https:\/\/www.o-p-i.fr\/aupays\/wp-content\/uploads\/Chambre-dh_te-10-100x72.jpg 100w\" sizes=\"auto, (max-width: 300px) 100vw, 300px\" \/><\/a><\/h5>\n<p><a href=\"https:\/\/www.o-p-i.fr\/aupays\/wp-content\/uploads\/S7300479-soleilha-hall.jpg\"><img loading=\"lazy\" decoding=\"async\" class=\"aligncenter wp-image-20147 size-medium\" src=\"https:\/\/www.o-p-i.fr\/aupays\/wp-content\/uploads\/S7300479-soleilha-hall-300x225.jpg\" alt=\"\" width=\"300\" height=\"225\" srcset=\"https:\/\/www.o-p-i.fr\/aupays\/wp-content\/uploads\/S7300479-soleilha-hall-300x225.jpg 300w, https:\/\/www.o-p-i.fr\/aupays\/wp-content\/uploads\/S7300479-soleilha-hall-600x450.jpg 600w, https:\/\/www.o-p-i.fr\/aupays\/wp-content\/uploads\/S7300479-soleilha-hall-768x576.jpg 768w, https:\/\/www.o-p-i.fr\/aupays\/wp-content\/uploads\/S7300479-soleilha-hall-1024x768.jpg 1024w, https:\/\/www.o-p-i.fr\/aupays\/wp-content\/uploads\/S7300479-soleilha-hall-750x563.jpg 750w, https:\/\/www.o-p-i.fr\/aupays\/wp-content\/uploads\/S7300479-soleilha-hall-400x300.jpg 400w, https:\/\/www.o-p-i.fr\/aupays\/wp-content\/uploads\/S7300479-soleilha-hall-430x323.jpg 430w, https:\/\/www.o-p-i.fr\/aupays\/wp-content\/uploads\/S7300479-soleilha-hall-150x113.jpg 150w, https:\/\/www.o-p-i.fr\/aupays\/wp-content\/uploads\/S7300479-soleilha-hall-100x75.jpg 100w, https:\/\/www.o-p-i.fr\/aupays\/wp-content\/uploads\/S7300479-soleilha-hall.jpg 1600w\" sizes=\"auto, (max-width: 300px) 100vw, 300px\" \/><\/a><\/p>\n<p><a href=\"https:\/\/www.o-p-i.fr\/aupays\/wp-content\/uploads\/maison-004.jpg\"><img loading=\"lazy\" decoding=\"async\" class=\"aligncenter wp-image-20140 size-full\" src=\"https:\/\/www.o-p-i.fr\/aupays\/wp-content\/uploads\/maison-004.jpg\" alt=\"\" width=\"230\" height=\"173\" srcset=\"https:\/\/www.o-p-i.fr\/aupays\/wp-content\/uploads\/maison-004.jpg 230w, https:\/\/www.o-p-i.fr\/aupays\/wp-content\/uploads\/maison-004-150x113.jpg 150w, https:\/\/www.o-p-i.fr\/aupays\/wp-content\/uploads\/maison-004-100x75.jpg 100w\" sizes=\"auto, (max-width: 230px) 100vw, 230px\" \/><\/a><\/p>\n<p>&nbsp;<\/p>\n<p>&nbsp;<\/p>\n<h4 style=\"text-align: center;\"><strong><span style=\"color: #000080;\"><span style=\"color: #800080;\">CARME Alain et Brigitte\u00a0 \u00a0<\/span><\/span><\/strong><\/h4>\n<h4 style=\"text-align: center;\"><strong>\u00a0 \u00a0 \u00a0 \u00a0 \u00a0 \u00a0 \u00a0 \u00a0 \u00a0 \u00a0 \u00a0 \u00a0 \u00a0 \u00a0 \u00a0 \u00a0\u00a0<\/strong><br \/>\n<span style=\"color: #ff6600;\"><strong>\u00a0 \u00a0 \u00a0 \u00a0 \u00a0 Adresse :<\/strong><span style=\"color: #993366;\">Furbeyre 81630 TAURIAC<\/span><\/span><\/h4>\n<h5 style=\"text-align: center;\"><span style=\"color: #ff6600;\"><strong>\u00a0 \u00a0 \u00a0 \u00a0 \u00a0 \u00a0 \u00a0 \u00a0 \u00a0 \u00a0 \u00a0 \u00a0 \u00a0 \u00a0 \u00a0 \u00a0 \u00a0 \u00a0 \u00a0 T\u00e9l. : <\/strong><\/span> <span style=\"color: #993366;\">06 98 67 73 59\u00a0 \u00a0 \u00a0 \u00a0 \u00a0<\/span> \u00a0 \u00a0 \u00a0 \u00a0 \u00a0 \u00a0 \u00a0 \u00a0 \u00a0 \u00a0 \u00a0 \u00a0 \u00a0 \u00a0 \u00a0 \u00a0 \u00a0 \u00a0 \u00a0 \u00a0 \u00a0 \u00a0 \u00a0 \u00a0 \u00a0 \u00a0 \u00a0 \u00a0 \u00a0 \u00a0 \u00a0 <span style=\"color: #888888;\"><em><br \/>\n<\/em><\/span><\/h5>\n<h5 style=\"text-align: center;\"><span style=\"color: #ff6600;\"><strong>\u00a0 \u00a0 \u00a0 \u00a0 \u00a0 \u00a0 \u00a0 \u00a0Courriel : <\/strong><\/span><span style=\"color: #993366;\"><a style=\"color: #993366;\" href=\"mailto:alainbrigitte.carme@wanadoo.fr\"> alainbrigitte.carme@wanadoo.fr<\/a><\/span><\/h5>\n<h5 style=\"text-align: center;\"><span style=\"color: #ff6600;\"><strong>\u00a0 \u00a0 \u00a0 \u00a0 \u00a0 \u00a0 \u00a0 Site :<\/strong><\/span> <span style=\"color: #993366;\"><a style=\"color: #993366;\" title=\"Ouvre le site dans une nouvelle fen\u00eatre\" href=\"http:\/\/fermedusouleilha.blogspot.fr\" target=\"_blank\" rel=\"noopener noreferrer\">http:\/\/fermedusouleilha.blogspot.fr<\/a><\/span><\/h5>\n<h5 style=\"text-align: center;\"><\/h5>\n<p><a href=\"https:\/\/www.o-p-i.fr\/aupays\/wp-content\/uploads\/vue-a\u00e9rienne-exploitation-Furbeyre-printemps-2015.jpg\"><img loading=\"lazy\" decoding=\"async\" class=\"aligncenter wp-image-20142\" src=\"https:\/\/www.o-p-i.fr\/aupays\/wp-content\/uploads\/vue-a\u00e9rienne-exploitation-Furbeyre-printemps-2015.jpg\" alt=\"\" width=\"230\" height=\"153\" srcset=\"https:\/\/www.o-p-i.fr\/aupays\/wp-content\/uploads\/vue-a\u00e9rienne-exploitation-Furbeyre-printemps-2015.jpg 230w, https:\/\/www.o-p-i.fr\/aupays\/wp-content\/uploads\/vue-a\u00e9rienne-exploitation-Furbeyre-printemps-2015-150x100.jpg 150w, https:\/\/www.o-p-i.fr\/aupays\/wp-content\/uploads\/vue-a\u00e9rienne-exploitation-Furbeyre-printemps-2015-100x67.jpg 100w\" sizes=\"auto, (max-width: 230px) 100vw, 230px\" \/><\/a><\/p>\n<p>&nbsp;<\/p>\n<h4 style=\"text-align: center;\"><strong><span style=\"color: #ff6600;\">TARIFS :<\/span><\/strong><\/h4>\n<h4 style=\"text-align: center;\"><span style=\"color: #800080;\">Chambre : 60 \u20ac\u00a0 : nuit\u00e9e petit d\u00e9jeuner compris<\/span><\/h4>\n<h4 style=\"text-align: center;\"><span style=\"color: #800080;\">Repas\u00a0:\u00a018\u20ac<\/span><\/h4>\n<h4 style=\"text-align: center;\"><span style=\"color: #800080;\">Possibilit\u00e9\u00a0de\u00a0repas\u00a0du\u00a0soir\u00a0sur\u00a0demande.<\/span><\/h4>\n<h4 style=\"text-align: center;\"><span style=\"color: #800080;\">Basse saison (juin et sept) : 250\u20ac\/semaine<\/span><br \/>\n<span style=\"color: #800080;\">Tarifs haute saison (juillet et ao\u00fbt) :\u00a0 300\u20ac\/semaine<\/span><\/h4>\n<p style=\"text-align: justify;\">\n","protected":false},"excerpt":{"rendered":"<div class=\"mh-excerpt\">Location de Vacances \u00e0 Tauriac (81)<\/div>\n<p> <a class=\"mh-excerpt-more\" href=\"https:\/\/www.o-p-i.fr\/aupays\/annuaire\/tourisme\/la-ferme-du-souleilha-2\/\" title=\"La Ferme du Souleilha\">[&#8230;]<\/a><\/p>\n","protected":false},"author":2,"featured_media":20153,"comment_status":"closed","ping_status":"open","sticky":false,"template":"","format":"standard","meta":{"_jetpack_memberships_contains_paid_content":false,"footnotes":"","_links_to":"","_links_to_target":""},"categories":[39,130],"tags":[63,10,504],"coauthors":[],"class_list":{"0":"post-9338","1":"post","2":"type-post","3":"status-publish","4":"format-standard","5":"has-post-thumbnail","7":"category-tourisme","8":"category-vie-a-tauriac","9":"tag-hebergement","10":"tag-tauriac","11":"tag-chambre-dhote"},"yoast_head":"<!-- This site is optimized with the Yoast SEO plugin v27.1.1 - https:\/\/yoast.com\/product\/yoast-seo-wordpress\/ -->\n<title>La Ferme du Souleilha - O.P.I. des Tescous<\/title>\n<meta name=\"robots\" content=\"index, follow, max-snippet:-1, max-image-preview:large, max-video-preview:-1\" \/>\n<link rel=\"canonical\" href=\"https:\/\/www.o-p-i.fr\/aupays\/annuaire\/tourisme\/la-ferme-du-souleilha-2\/\" \/>\n<meta property=\"og:locale\" content=\"fr_FR\" \/>\n<meta property=\"og:type\" content=\"article\" \/>\n<meta property=\"og:title\" content=\"La Ferme du Souleilha - O.P.I. des Tescous\" \/>\n<meta property=\"og:description\" content=\"Location de Vacances \u00e0 Tauriac (81) [...]\" \/>\n<meta property=\"og:url\" content=\"https:\/\/www.o-p-i.fr\/aupays\/annuaire\/tourisme\/la-ferme-du-souleilha-2\/\" \/>\n<meta property=\"og:site_name\" content=\"O.P.I. des Tescous\" \/>\n<meta property=\"article:published_time\" content=\"2021-10-01T15:24:34+00:00\" \/>\n<meta property=\"article:modified_time\" content=\"2022-02-23T16:50:51+00:00\" \/>\n<meta name=\"author\" content=\"Emilie\" \/>\n<meta name=\"twitter:card\" content=\"summary_large_image\" \/>\n<meta name=\"twitter:label1\" content=\"\u00c9crit par\" \/>\n\t<meta name=\"twitter:data1\" content=\"Emilie\" \/>\n\t<meta name=\"twitter:label2\" content=\"Dur\u00e9e de lecture estim\u00e9e\" \/>\n\t<meta name=\"twitter:data2\" content=\"1 minute\" \/>\n\t<meta name=\"twitter:label3\" content=\"Written by\" \/>\n\t<meta name=\"twitter:data3\" content=\"Emilie\" \/>\n<script type=\"application\/ld+json\" class=\"yoast-schema-graph\">{\"@context\":\"https:\/\/schema.org\",\"@graph\":[{\"@type\":\"Article\",\"@id\":\"https:\/\/www.o-p-i.fr\/aupays\/annuaire\/tourisme\/la-ferme-du-souleilha-2\/#article\",\"isPartOf\":{\"@id\":\"https:\/\/www.o-p-i.fr\/aupays\/annuaire\/tourisme\/la-ferme-du-souleilha-2\/\"},\"author\":{\"name\":\"Emilie\",\"@id\":\"https:\/\/www.o-p-i.fr\/aupays\/#\/schema\/person\/7f804b2ab46dc4d2ffff62a3cc5540dd\"},\"headline\":\"La Ferme du Souleilha\",\"datePublished\":\"2021-10-01T15:24:34+00:00\",\"dateModified\":\"2022-02-23T16:50:51+00:00\",\"mainEntityOfPage\":{\"@id\":\"https:\/\/www.o-p-i.fr\/aupays\/annuaire\/tourisme\/la-ferme-du-souleilha-2\/\"},\"wordCount\":129,\"publisher\":{\"@id\":\"https:\/\/www.o-p-i.fr\/aupays\/#organization\"},\"image\":{\"@id\":\"https:\/\/www.o-p-i.fr\/aupays\/annuaire\/tourisme\/la-ferme-du-souleilha-2\/#primaryimage\"},\"thumbnailUrl\":\"https:\/\/www.o-p-i.fr\/aupays\/wp-content\/uploads\/brigitte-card-v5-pdf.jpg?wsr\",\"keywords\":[\"H\u00e9bergement\",\"Tauriac\",\"Chambre d'h\u00f4tes\"],\"articleSection\":[\"Tourisme\",\"\u00e0 Tauriac\"],\"inLanguage\":\"fr-FR\"},{\"@type\":\"WebPage\",\"@id\":\"https:\/\/www.o-p-i.fr\/aupays\/annuaire\/tourisme\/la-ferme-du-souleilha-2\/\",\"url\":\"https:\/\/www.o-p-i.fr\/aupays\/annuaire\/tourisme\/la-ferme-du-souleilha-2\/\",\"name\":\"La Ferme du Souleilha - O.P.I. des Tescous\",\"isPartOf\":{\"@id\":\"https:\/\/www.o-p-i.fr\/aupays\/#website\"},\"primaryImageOfPage\":{\"@id\":\"https:\/\/www.o-p-i.fr\/aupays\/annuaire\/tourisme\/la-ferme-du-souleilha-2\/#primaryimage\"},\"image\":{\"@id\":\"https:\/\/www.o-p-i.fr\/aupays\/annuaire\/tourisme\/la-ferme-du-souleilha-2\/#primaryimage\"},\"thumbnailUrl\":\"https:\/\/www.o-p-i.fr\/aupays\/wp-content\/uploads\/brigitte-card-v5-pdf.jpg?wsr\",\"datePublished\":\"2021-10-01T15:24:34+00:00\",\"dateModified\":\"2022-02-23T16:50:51+00:00\",\"breadcrumb\":{\"@id\":\"https:\/\/www.o-p-i.fr\/aupays\/annuaire\/tourisme\/la-ferme-du-souleilha-2\/#breadcrumb\"},\"inLanguage\":\"fr-FR\",\"potentialAction\":[{\"@type\":\"ReadAction\",\"target\":[\"https:\/\/www.o-p-i.fr\/aupays\/annuaire\/tourisme\/la-ferme-du-souleilha-2\/\"]}]},{\"@type\":\"ImageObject\",\"inLanguage\":\"fr-FR\",\"@id\":\"https:\/\/www.o-p-i.fr\/aupays\/annuaire\/tourisme\/la-ferme-du-souleilha-2\/#primaryimage\",\"url\":\"https:\/\/www.o-p-i.fr\/aupays\/wp-content\/uploads\/brigitte-card-v5-pdf.jpg?wsr\",\"contentUrl\":\"https:\/\/www.o-p-i.fr\/aupays\/wp-content\/uploads\/brigitte-card-v5-pdf.jpg?wsr\"},{\"@type\":\"BreadcrumbList\",\"@id\":\"https:\/\/www.o-p-i.fr\/aupays\/annuaire\/tourisme\/la-ferme-du-souleilha-2\/#breadcrumb\",\"itemListElement\":[{\"@type\":\"ListItem\",\"position\":1,\"name\":\"Accueil\",\"item\":\"https:\/\/www.o-p-i.fr\/aupays\/\"},{\"@type\":\"ListItem\",\"position\":2,\"name\":\"La Ferme du Souleilha\"}]},{\"@type\":\"WebSite\",\"@id\":\"https:\/\/www.o-p-i.fr\/aupays\/#website\",\"url\":\"https:\/\/www.o-p-i.fr\/aupays\/\",\"name\":\"O.P.I. des Tescou's\",\"description\":\"Le Magazine du Pays des Tescou&#039;s\",\"publisher\":{\"@id\":\"https:\/\/www.o-p-i.fr\/aupays\/#organization\"},\"potentialAction\":[{\"@type\":\"SearchAction\",\"target\":{\"@type\":\"EntryPoint\",\"urlTemplate\":\"https:\/\/www.o-p-i.fr\/aupays\/?s={search_term_string}\"},\"query-input\":{\"@type\":\"PropertyValueSpecification\",\"valueRequired\":true,\"valueName\":\"search_term_string\"}}],\"inLanguage\":\"fr-FR\"},{\"@type\":\"Organization\",\"@id\":\"https:\/\/www.o-p-i.fr\/aupays\/#organization\",\"name\":\"O.P.I. des Tescou's\",\"url\":\"https:\/\/www.o-p-i.fr\/aupays\/\",\"logo\":{\"@type\":\"ImageObject\",\"inLanguage\":\"fr-FR\",\"@id\":\"https:\/\/www.o-p-i.fr\/aupays\/#\/schema\/logo\/image\/\",\"url\":\"https:\/\/www.o-p-i.fr\/aupays\/wp-content\/uploads\/bebe.png\",\"contentUrl\":\"https:\/\/www.o-p-i.fr\/aupays\/wp-content\/uploads\/bebe.png\",\"width\":630,\"height\":250,\"caption\":\"O.P.I. des Tescou's\"},\"image\":{\"@id\":\"https:\/\/www.o-p-i.fr\/aupays\/#\/schema\/logo\/image\/\"}},{\"@type\":\"Person\",\"@id\":\"https:\/\/www.o-p-i.fr\/aupays\/#\/schema\/person\/7f804b2ab46dc4d2ffff62a3cc5540dd\",\"name\":\"Emilie\",\"image\":{\"@type\":\"ImageObject\",\"inLanguage\":\"fr-FR\",\"@id\":\"https:\/\/www.o-p-i.fr\/aupays\/#\/schema\/person\/image\/facaf85297164c5eeb35317497584283\",\"url\":\"https:\/\/secure.gravatar.com\/avatar\/fd7cb6990b830882b89c12b0b0ae62d9e30d6edda4b0842106757d94d4985565?s=96&d=monsterid&r=g\",\"contentUrl\":\"https:\/\/secure.gravatar.com\/avatar\/fd7cb6990b830882b89c12b0b0ae62d9e30d6edda4b0842106757d94d4985565?s=96&d=monsterid&r=g\",\"caption\":\"Emilie\"},\"sameAs\":[\"https:\/\/www.o-p-i.fr\/aupays\/vie-des-communes\/vie-a-monclar-de-quercy\/le-pain-rustique\/\"],\"url\":\"https:\/\/www.o-p-i.fr\/aupays\/author\/emilie\/\"}]}<\/script>\n<!-- \/ Yoast SEO plugin. -->","yoast_head_json":{"title":"La Ferme du Souleilha - O.P.I. des Tescous","robots":{"index":"index","follow":"follow","max-snippet":"max-snippet:-1","max-image-preview":"max-image-preview:large","max-video-preview":"max-video-preview:-1"},"canonical":"https:\/\/www.o-p-i.fr\/aupays\/annuaire\/tourisme\/la-ferme-du-souleilha-2\/","og_locale":"fr_FR","og_type":"article","og_title":"La Ferme du Souleilha - O.P.I. des Tescous","og_description":"Location de Vacances \u00e0 Tauriac (81) [...]","og_url":"https:\/\/www.o-p-i.fr\/aupays\/annuaire\/tourisme\/la-ferme-du-souleilha-2\/","og_site_name":"O.P.I. des Tescous","article_published_time":"2021-10-01T15:24:34+00:00","article_modified_time":"2022-02-23T16:50:51+00:00","author":"Emilie","twitter_card":"summary_large_image","twitter_misc":{"\u00c9crit par":"Emilie","Dur\u00e9e de lecture estim\u00e9e":"1 minute","Written by":"Emilie"},"schema":{"@context":"https:\/\/schema.org","@graph":[{"@type":"Article","@id":"https:\/\/www.o-p-i.fr\/aupays\/annuaire\/tourisme\/la-ferme-du-souleilha-2\/#article","isPartOf":{"@id":"https:\/\/www.o-p-i.fr\/aupays\/annuaire\/tourisme\/la-ferme-du-souleilha-2\/"},"author":{"name":"Emilie","@id":"https:\/\/www.o-p-i.fr\/aupays\/#\/schema\/person\/7f804b2ab46dc4d2ffff62a3cc5540dd"},"headline":"La Ferme du Souleilha","datePublished":"2021-10-01T15:24:34+00:00","dateModified":"2022-02-23T16:50:51+00:00","mainEntityOfPage":{"@id":"https:\/\/www.o-p-i.fr\/aupays\/annuaire\/tourisme\/la-ferme-du-souleilha-2\/"},"wordCount":129,"publisher":{"@id":"https:\/\/www.o-p-i.fr\/aupays\/#organization"},"image":{"@id":"https:\/\/www.o-p-i.fr\/aupays\/annuaire\/tourisme\/la-ferme-du-souleilha-2\/#primaryimage"},"thumbnailUrl":"https:\/\/www.o-p-i.fr\/aupays\/wp-content\/uploads\/brigitte-card-v5-pdf.jpg?wsr","keywords":["H\u00e9bergement","Tauriac","Chambre d'h\u00f4tes"],"articleSection":["Tourisme","\u00e0 Tauriac"],"inLanguage":"fr-FR"},{"@type":"WebPage","@id":"https:\/\/www.o-p-i.fr\/aupays\/annuaire\/tourisme\/la-ferme-du-souleilha-2\/","url":"https:\/\/www.o-p-i.fr\/aupays\/annuaire\/tourisme\/la-ferme-du-souleilha-2\/","name":"La Ferme du Souleilha - O.P.I. des Tescous","isPartOf":{"@id":"https:\/\/www.o-p-i.fr\/aupays\/#website"},"primaryImageOfPage":{"@id":"https:\/\/www.o-p-i.fr\/aupays\/annuaire\/tourisme\/la-ferme-du-souleilha-2\/#primaryimage"},"image":{"@id":"https:\/\/www.o-p-i.fr\/aupays\/annuaire\/tourisme\/la-ferme-du-souleilha-2\/#primaryimage"},"thumbnailUrl":"https:\/\/www.o-p-i.fr\/aupays\/wp-content\/uploads\/brigitte-card-v5-pdf.jpg?wsr","datePublished":"2021-10-01T15:24:34+00:00","dateModified":"2022-02-23T16:50:51+00:00","breadcrumb":{"@id":"https:\/\/www.o-p-i.fr\/aupays\/annuaire\/tourisme\/la-ferme-du-souleilha-2\/#breadcrumb"},"inLanguage":"fr-FR","potentialAction":[{"@type":"ReadAction","target":["https:\/\/www.o-p-i.fr\/aupays\/annuaire\/tourisme\/la-ferme-du-souleilha-2\/"]}]},{"@type":"ImageObject","inLanguage":"fr-FR","@id":"https:\/\/www.o-p-i.fr\/aupays\/annuaire\/tourisme\/la-ferme-du-souleilha-2\/#primaryimage","url":"https:\/\/www.o-p-i.fr\/aupays\/wp-content\/uploads\/brigitte-card-v5-pdf.jpg?wsr","contentUrl":"https:\/\/www.o-p-i.fr\/aupays\/wp-content\/uploads\/brigitte-card-v5-pdf.jpg?wsr"},{"@type":"BreadcrumbList","@id":"https:\/\/www.o-p-i.fr\/aupays\/annuaire\/tourisme\/la-ferme-du-souleilha-2\/#breadcrumb","itemListElement":[{"@type":"ListItem","position":1,"name":"Accueil","item":"https:\/\/www.o-p-i.fr\/aupays\/"},{"@type":"ListItem","position":2,"name":"La Ferme du Souleilha"}]},{"@type":"WebSite","@id":"https:\/\/www.o-p-i.fr\/aupays\/#website","url":"https:\/\/www.o-p-i.fr\/aupays\/","name":"O.P.I. des Tescou's","description":"Le Magazine du Pays des Tescou&#039;s","publisher":{"@id":"https:\/\/www.o-p-i.fr\/aupays\/#organization"},"potentialAction":[{"@type":"SearchAction","target":{"@type":"EntryPoint","urlTemplate":"https:\/\/www.o-p-i.fr\/aupays\/?s={search_term_string}"},"query-input":{"@type":"PropertyValueSpecification","valueRequired":true,"valueName":"search_term_string"}}],"inLanguage":"fr-FR"},{"@type":"Organization","@id":"https:\/\/www.o-p-i.fr\/aupays\/#organization","name":"O.P.I. des Tescou's","url":"https:\/\/www.o-p-i.fr\/aupays\/","logo":{"@type":"ImageObject","inLanguage":"fr-FR","@id":"https:\/\/www.o-p-i.fr\/aupays\/#\/schema\/logo\/image\/","url":"https:\/\/www.o-p-i.fr\/aupays\/wp-content\/uploads\/bebe.png","contentUrl":"https:\/\/www.o-p-i.fr\/aupays\/wp-content\/uploads\/bebe.png","width":630,"height":250,"caption":"O.P.I. des Tescou's"},"image":{"@id":"https:\/\/www.o-p-i.fr\/aupays\/#\/schema\/logo\/image\/"}},{"@type":"Person","@id":"https:\/\/www.o-p-i.fr\/aupays\/#\/schema\/person\/7f804b2ab46dc4d2ffff62a3cc5540dd","name":"Emilie","image":{"@type":"ImageObject","inLanguage":"fr-FR","@id":"https:\/\/www.o-p-i.fr\/aupays\/#\/schema\/person\/image\/facaf85297164c5eeb35317497584283","url":"https:\/\/secure.gravatar.com\/avatar\/fd7cb6990b830882b89c12b0b0ae62d9e30d6edda4b0842106757d94d4985565?s=96&d=monsterid&r=g","contentUrl":"https:\/\/secure.gravatar.com\/avatar\/fd7cb6990b830882b89c12b0b0ae62d9e30d6edda4b0842106757d94d4985565?s=96&d=monsterid&r=g","caption":"Emilie"},"sameAs":["https:\/\/www.o-p-i.fr\/aupays\/vie-des-communes\/vie-a-monclar-de-quercy\/le-pain-rustique\/"],"url":"https:\/\/www.o-p-i.fr\/aupays\/author\/emilie\/"}]}},"jetpack_featured_media_url":"https:\/\/www.o-p-i.fr\/aupays\/wp-content\/uploads\/brigitte-card-v5-pdf.jpg?wsr","views":{"total":0,"cached_at":"","cached_date":1737890957},"jetpack_sharing_enabled":true,"jetpack-related-posts":[],"jetpack_shortlink":"https:\/\/wp.me\/pfni7X-2qC","_links":{"self":[{"href":"https:\/\/www.o-p-i.fr\/aupays\/wp-json\/wp\/v2\/posts\/9338","targetHints":{"allow":["GET"]}}],"collection":[{"href":"https:\/\/www.o-p-i.fr\/aupays\/wp-json\/wp\/v2\/posts"}],"about":[{"href":"https:\/\/www.o-p-i.fr\/aupays\/wp-json\/wp\/v2\/types\/post"}],"author":[{"embeddable":true,"href":"https:\/\/www.o-p-i.fr\/aupays\/wp-json\/wp\/v2\/users\/2"}],"replies":[{"embeddable":true,"href":"https:\/\/www.o-p-i.fr\/aupays\/wp-json\/wp\/v2\/comments?post=9338"}],"version-history":[{"count":24,"href":"https:\/\/www.o-p-i.fr\/aupays\/wp-json\/wp\/v2\/posts\/9338\/revisions"}],"predecessor-version":[{"id":22194,"href":"https:\/\/www.o-p-i.fr\/aupays\/wp-json\/wp\/v2\/posts\/9338\/revisions\/22194"}],"wp:featuredmedia":[{"embeddable":true,"href":"https:\/\/www.o-p-i.fr\/aupays\/wp-json\/wp\/v2\/media\/20153"}],"wp:attachment":[{"href":"https:\/\/www.o-p-i.fr\/aupays\/wp-json\/wp\/v2\/media?parent=9338"}],"wp:term":[{"taxonomy":"category","embeddable":true,"href":"https:\/\/www.o-p-i.fr\/aupays\/wp-json\/wp\/v2\/categories?post=9338"},{"taxonomy":"post_tag","embeddable":true,"href":"https:\/\/www.o-p-i.fr\/aupays\/wp-json\/wp\/v2\/tags?post=9338"},{"taxonomy":"author","embeddable":true,"href":"https:\/\/www.o-p-i.fr\/aupays\/wp-json\/wp\/v2\/coauthors?post=9338"}],"curies":[{"name":"wp","href":"https:\/\/api.w.org\/{rel}","templated":true}]}}