{"id":9387,"date":"2013-05-04T21:06:25","date_gmt":"2013-05-04T20:06:25","guid":{"rendered":"\/aupays\/?p=9387"},"modified":"2022-02-28T13:10:24","modified_gmt":"2022-02-28T12:10:24","slug":"agit","status":"publish","type":"post","link":"https:\/\/www.o-p-i.fr\/aupays\/annuaire\/tourisme\/agit\/","title":{"rendered":"AGIT"},"content":{"rendered":"<p style=\"text-align: center;\"><span style=\"color: #ff6600;\"><strong>L\u2019association en quelques mots :<\/strong><\/span><\/p>\n<h2 style=\"text-align: center; padding-left: 40px;\"><span style=\"color: #800080;\"><span style=\"color: #ff6600;\">AGIT<\/span><\/span><\/h2>\n<p style=\"text-align: center;\"><span style=\"color: #800080;\">Association des Guides Interpr\u00e8tes du Tarn, f\u00e9d\u00e8re une quarantaine de guides conf\u00e9renciers, sp\u00e9cialistes du Tarn et du Sud Ouest de la France.<\/span><\/p>\n<p style=\"text-align: center;\"><span style=\"color: #800080;\"><strong>L&rsquo;AGIT<\/strong> c&rsquo;est:<\/span><\/p>\n<ul style=\"text-align: center;\">\n<li><span style=\"color: #800080;\">Des guides passionn\u00e9s, tous titulaires de cartes professionnelles,<\/span><\/li>\n<li><span style=\"color: #800080;\">Des guides reconnus, travaillant pour des offices de tourisme, agences de voyages et autres institutions touristiques et culturelles,<\/span><\/li>\n<li><span style=\"color: #800080;\">Des professionnels qui par leur connaissance du terrain, leur exp\u00e9rience des circuits et leur flexibilit\u00e9, vous assureront le meilleur service dans la langue de votre choix (fran\u00e7ais, anglais, espagnol, allemand, italien et japonais),<\/span><\/li>\n<li><span style=\"color: #800080;\">Un bureau, joignable \u00e0 tout moment, qui centralise vos demandes et r\u00e9pond de mani\u00e8re personnalis\u00e9e \u00e0 vos attentes en terme de visite et de budget.<\/span><\/li>\n<li><span style=\"color: #800080;\">Des visites guid\u00e9es pour groupes et individuels, des animations culturelles, des visites \u00e0 th\u00e8mes, tout au long de l&rsquo;ann\u00e9e.<\/span><\/li>\n<\/ul>\n<p style=\"text-align: center;\"><span style=\"color: #800080;\"><strong>L&rsquo;AGIT<\/strong> est compos\u00e9e d&rsquo;un Bureau, d&rsquo;un Conseil d&rsquo;Administration regroupant 16 membres, ainsi que d&rsquo;adh\u00e9rents impliqu\u00e9s dans la vie de l&rsquo;Association.<\/span><\/p>\n<p>&nbsp;<\/p>\n<h3 style=\"text-align: center;\"><span style=\"color: #008000;\"><strong>Contact :<\/strong><\/span><\/h3>\n<p style=\"text-align: center;\"><span style=\"color: #0000ff;\"><strong>Association des Guides Interpr\u00e8tes du Tarn <\/strong><\/span><br \/>\n<span style=\"color: #3366ff;\">3, rue de l&rsquo;\u00c9glise<\/span><br \/>\n<span style=\"color: #3366ff;\">81990 PUYGOUZON<\/span><\/p>\n<p style=\"text-align: center;\"><span style=\"color: #3366ff;\"><strong>T\u00e9l. : 06 51 80 96 71.<\/strong><\/span><\/p>\n<p style=\"text-align: center;\"><span style=\"color: #3366ff;\"><strong>Courriel :<a style=\"color: #3366ff;\" href=\"contact@lesguidesdutarn.com\" target=\"_blank\" rel=\"noopener noreferrer\">contact@lesguidesdutarn.com<\/a>\u00a0<\/strong><\/span><\/p>\n<p style=\"text-align: center;\"><span style=\"color: #3366ff;\"><strong>Site :<a style=\"color: #3366ff;\" href=\"http:\/\/Site : http:\/\/www.lesguidesdutarn.com\" target=\"_blank\" rel=\"noopener noreferrer\">Site : http:\/\/www.lesguidesdutarn.com<\/a>\u00a0<\/strong><\/span><\/p>\n<p style=\"text-align: center;\"><span style=\"color: #3366ff;\"><strong>face book :\u00a0<a style=\"color: #3366ff;\" href=\"https:\/\/www.facebook.com\/lesguidesdutarn\" target=\"_blank\" rel=\"noopener noreferrer\">https:\/\/www.facebook.com\/lesguidesdutarn<\/a><\/strong><\/span><\/p>\n<p style=\"text-align: center;\"><span style=\"color: #3366ff;\"><strong>instagram<\/strong> <strong>:<\/strong>\u00a0<strong>@lesguidesdelagit<\/strong><\/span><\/p>\n<div style=\"text-align: center;\"><span style=\"color: #3366ff;\"><strong>linkedin :\u00a0<a style=\"color: #3366ff;\" href=\"https:\/\/www.linkedin.com\/feed\/\" target=\"_blank\" rel=\"noopener noreferrer\">(9) Fil d&rsquo;actualit\u00e9 | LinkedIn<\/a><\/strong><\/span><\/div>\n<div style=\"text-align: center;\"><\/div>\n<div style=\"text-align: center;\"><\/div>\n<div style=\"text-align: center;\"><\/div>\n<h3 style=\"text-align: center;\"><span style=\"color: #ff9900;\"><strong>AGENDA:<\/strong><\/span><\/h3>\n<p style=\"text-align: center;\"><span style=\"color: #800080;\"><strong>pour consulter l&rsquo;agenda ; cliquez sur le lien ci-dessous:<\/strong><\/span><\/p>\n<p style=\"text-align: center;\"><span style=\"color: #800080;\"><a style=\"color: #800080;\" href=\"https:\/\/www.lesguidesdutarn.com\/agenda\/\" target=\"_blank\" rel=\"noopener noreferrer\">https:\/\/www.lesguidesdutarn.com\/agenda\/<\/a><\/span><\/p>\n<div id=\"site-content\" class=\"site-content\">\n<div class=\"container-fluid\">\n<div class=\"row\">\n<div class=\"main-content col-xs-12\">\n<div id=\"page-3277\" class=\"content-agenda post-3277 page type-page status-publish hentry\">\n<div class=\"container content-container\">\n<div class=\"row\" style=\"text-align: center;\">\n<header class=\"content-header col-xs-12\">\n<div class=\"content-titles\"><\/div>\n<\/header>\n<\/div>\n<div class=\"row\">\n<div class=\"content-body col-xs-12\">\n<div class=\"agenda-body\">\n<div class=\"agenda-main\">\n<div id=\"MixItUp139E1E\" class=\"agenda-events\">\n<div id=\"agenda-2021-09\" class=\"agenda-group\">\n<div class=\"agenda-header\" style=\"text-align: center;\">\n<h4 class=\"agenda-month\"><\/h4>\n<\/div>\n<div class=\"agenda-event filter-date-2021-09 filter-cat-les-tarnaises filter-location-gaillac filter-location-tarn filter-type-visite-famille filter-type-visite-costumee filter-type-visite-ludique event-first\" style=\"text-align: center;\" data-event=\"3583\">\n<div class=\"event-content\">\n<div class=\"event-infos event-infos-metas\">\n<div class=\"event-info info-type\"><\/div>\n<\/div>\n<\/div>\n<\/div>\n<div class=\"agenda-event event-odd filter-date-2021-09 filter-cat-les-albigeoises filter-location-albi filter-location-tarn filter-type-visite-guidee event-same-date\" data-event=\"3276\">\n<div class=\"event-content\">\n<div class=\"event-infos event-infos-metas\">\n<div class=\"event-info info-hours\" style=\"text-align: center;\"><\/div>\n<\/div>\n<\/div>\n<\/div>\n<div class=\"agenda-event filter-date-2021-09 filter-cat-les-tarnaises filter-location-puycelsi filter-location-tarn filter-type-visite-famille filter-type-visite-costumee filter-type-visite-theatralisee filter-type-visite-guidee\" data-event=\"3594\">\n<div class=\"event-content\">\n<div class=\"event-infos event-infos-metas\">\n<div class=\"event-info info-type\"><\/div>\n<div class=\"event-info info-type\"><\/div>\n<\/div>\n<\/div>\n<\/div>\n<div class=\"agenda-event event-odd filter-date-2021-09 filter-cat-les-albigeoises filter-location-albi filter-location-tarn filter-type-visite-guidee event-same-date\" data-event=\"3276\">\n<div class=\"event-date\"><\/div>\n<div class=\"event-content\">\n<div class=\"event-infos event-infos-headline\"><\/div>\n<\/div>\n<\/div>\n<div class=\"agenda-event event-feat filter-new filter-date-2021-09 filter-cat-les-conferences filter-location-cordes-sur-ciel filter-location-tarn filter-type-conference\" data-event=\"3438\">\n<div class=\"event-preview\">\n<div class=\"event-overlay\"><\/div>\n<\/div>\n<div class=\"event-content\">\n<div class=\"event-infos event-infos-metas\">\n<div class=\"event-info info-type\"><\/div>\n<\/div>\n<div class=\"event-infos event-infos-desc\"><\/div>\n<\/div>\n<\/div>\n<div class=\"agenda-event event-odd filter-date-2021-09 filter-cat-les-regionales filter-location-rodez filter-location-aveyron filter-type-visite-thematique filter-type-visite-guidee event-same-date\" data-event=\"3823\">\n<div class=\"event-date\"><\/div>\n<div class=\"event-content\">\n<div class=\"event-infos event-infos-headline\"><\/div>\n<div class=\"event-infos event-infos-metas\">\n<div class=\"event-info info-place\"><\/div>\n<\/div>\n<\/div>\n<\/div>\n<div class=\"agenda-event filter-date-2021-09 filter-cat-les-albigeoises filter-location-albi filter-location-tarn filter-type-visite-guidee event-same-date\" data-event=\"3276\">\n<div class=\"event-date\"><\/div>\n<div class=\"event-content\">\n<div class=\"event-infos event-infos-headline\"><\/div>\n<div class=\"event-infos event-infos-metas\"><\/div>\n<\/div>\n<\/div>\n<div class=\"agenda-event event-odd filter-date-2021-09 filter-cat-les-albigeoises filter-location-albi filter-location-tarn filter-type-visite-guidee\" data-event=\"3276\">\n<div class=\"event-date\">\n<div class=\"date-day\"><\/div>\n<\/div>\n<div class=\"event-content\">\n<div class=\"event-infos event-infos-headline\"><\/div>\n<div class=\"event-infos event-infos-metas\">\n<div class=\"event-info info-place\"><\/div>\n<\/div>\n<\/div>\n<\/div>\n<div class=\"agenda-event filter-date-2021-09 filter-cat-les-regionales filter-location-rodez filter-location-aveyron filter-type-visite-thematique filter-type-visite-guidee event-same-date\" data-event=\"3823\">\n<div class=\"event-content\">\n<div class=\"event-infos event-infos-metas\">\n<div class=\"event-info info-type\"><\/div>\n<\/div>\n<\/div>\n<\/div>\n<div class=\"agenda-event event-odd filter-date-2021-09 filter-cat-les-albigeoises filter-location-albi filter-location-tarn filter-type-visite-guidee\" data-event=\"3276\">\n<div class=\"event-content\"><\/div>\n<\/div>\n<div class=\"agenda-event filter-date-2021-09 filter-cat-les-albigeoises filter-location-albi filter-location-tarn filter-type-visite-guidee\" data-event=\"3276\">\n<div class=\"event-date\">\n<div class=\"date-day\"><\/div>\n<\/div>\n<div class=\"event-content\">\n<div class=\"event-infos event-infos-headline\"><\/div>\n<div class=\"event-infos event-infos-metas\">\n<div class=\"event-info info-place\"><\/div>\n<\/div>\n<\/div>\n<\/div>\n<div class=\"agenda-event event-odd filter-date-2021-09 filter-cat-les-albigeoises filter-location-albi filter-location-tarn filter-type-visite-guidee\" data-event=\"3276\">\n<div class=\"event-content\"><\/div>\n<\/div>\n<div class=\"agenda-event filter-date-2021-09 filter-cat-les-albigeoises filter-location-albi filter-location-tarn filter-type-visite-guidee\" data-event=\"3276\">\n<div class=\"event-content\">\n<div class=\"event-infos event-infos-metas\">\n<div class=\"event-info info-place\"><\/div>\n<\/div>\n<\/div>\n<\/div>\n<div class=\"agenda-event event-odd filter-date-2021-09 filter-cat-les-albigeoises filter-location-albi filter-location-tarn filter-type-visite-guidee\" data-event=\"3276\">\n<div class=\"event-content\"><\/div>\n<\/div>\n<div class=\"agenda-event filter-date-2021-09 filter-cat-les-tarnaises filter-location-villeneuve-sur-vere filter-location-tarn filter-type-visite-thematique filter-type-visite-guidee\" data-event=\"3843\">\n<div class=\"event-content\">\n<div class=\"event-infos event-infos-headline\"><\/div>\n<div class=\"event-infos event-infos-metas\">\n<div class=\"event-info info-place\"><\/div>\n<div class=\"event-info info-hours\"><\/div>\n<\/div>\n<\/div>\n<\/div>\n<div class=\"agenda-event event-odd event-feat filter-new filter-date-2021-09 filter-cat-les-albigeoises filter-location-albi filter-location-tarn filter-type-visite-nature event-same-date\" data-event=\"3393\">\n<div class=\"event-date\"><\/div>\n<div class=\"event-preview\">\n<div class=\"event-overlay\"><\/div>\n<\/div>\n<div class=\"event-content\"><\/div>\n<\/div>\n<div class=\"agenda-event event-feat filter-new filter-date-2021-09 filter-cat-les-albigeoises filter-location-albi filter-location-tarn filter-type-visite-famille filter-type-visite-thematique event-same-date\" data-event=\"4144\">\n<div class=\"event-date\"><\/div>\n<div class=\"event-preview\">\n<div class=\"event-overlay\"><\/div>\n<\/div>\n<div class=\"event-content\">\n<div class=\"event-infos event-infos-headline\">\n<h5 class=\"event-title\"><\/h5>\n<\/div>\n<div class=\"event-infos event-infos-metas\"><\/div>\n<div class=\"event-infos event-infos-desc\">\n<div class=\"event-desc\"><\/div>\n<\/div>\n<\/div>\n<\/div>\n<div class=\"agenda-event event-odd filter-date-2021-09 filter-cat-les-albigeoises filter-location-albi filter-location-tarn filter-type-visite-guidee event-same-date\" data-event=\"3276\">\n<div class=\"event-date\"><\/div>\n<div class=\"event-content\">\n<div class=\"event-infos event-infos-headline\">\n<h5 class=\"event-title\"><\/h5>\n<\/div>\n<div class=\"event-infos event-infos-metas\"><\/div>\n<\/div>\n<\/div>\n<div class=\"agenda-event filter-date-2021-09 filter-cat-les-albigeoises filter-location-albi filter-location-tarn filter-type-visite-guidee\" data-event=\"3276\">\n<div class=\"event-date\">\n<div class=\"date-day\"><\/div>\n<\/div>\n<div class=\"event-content\">\n<div class=\"event-infos event-infos-headline\"><\/div>\n<div class=\"event-infos event-infos-metas\"><\/div>\n<\/div>\n<\/div>\n<div class=\"agenda-event event-odd filter-date-2021-09 filter-cat-les-albigeoises filter-location-albi filter-location-tarn filter-type-visite-guidee\" data-event=\"3276\">\n<div class=\"event-date\">\n<div class=\"date-day\"><\/div>\n<\/div>\n<div class=\"event-content\">\n<div class=\"event-infos event-infos-metas\">\n<div class=\"event-info info-type\"><\/div>\n<\/div>\n<\/div>\n<\/div>\n<div class=\"agenda-event filter-date-2021-09 filter-cat-les-albigeoises filter-location-albi filter-location-tarn filter-type-visite-guidee\" data-event=\"3276\">\n<div class=\"event-date\">\n<div class=\"date-day\"><\/div>\n<\/div>\n<div class=\"event-content\"><\/div>\n<\/div>\n<div class=\"agenda-event filter-date-2021-09 filter-cat-les-albigeoises filter-location-albi filter-location-tarn filter-type-visite-guidee\" data-event=\"3276\">\n<div class=\"event-content\">\n<div class=\"event-infos event-infos-metas\">\n<div class=\"event-info info-type\"><\/div>\n<\/div>\n<\/div>\n<\/div>\n<\/div>\n<div id=\"agenda-2021-10\" class=\"agenda-group\">\n<div class=\"agenda-header\"><\/div>\n<div class=\"agenda-event filter-date-2021-10 filter-cat-les-albigeoises filter-location-albi filter-location-tarn filter-type-visite-guidee event-first\" data-event=\"3276\">\n<div class=\"event-content\">\n<div class=\"event-infos event-infos-metas\">\n<div class=\"event-info info-type\"><\/div>\n<\/div>\n<\/div>\n<\/div>\n<div class=\"agenda-event event-odd event-feat filter-date-2021-10 filter-cat-les-conferences filter-location-la-dreche filter-location-tarn filter-type-conference event-same-date\" data-event=\"4608\">\n<div class=\"event-date\"><\/div>\n<div class=\"event-preview\">\n<div class=\"event-overlay\"><\/div>\n<\/div>\n<div class=\"event-content\">\n<div class=\"event-infos event-infos-headline\">\n<h5 class=\"event-title\"><\/h5>\n<\/div>\n<div class=\"event-infos event-infos-metas\">\n<div class=\"event-info info-type\"><\/div>\n<\/div>\n<div class=\"event-infos event-infos-desc\"><\/div>\n<\/div>\n<\/div>\n<div class=\"agenda-event event-feat filter-new filter-date-2021-10 filter-cat-les-albigeoises filter-location-albi filter-location-tarn filter-type-visite-thematique filter-type-visite-guidee event-same-date\" data-event=\"3343\">\n<div class=\"event-date\"><\/div>\n<div class=\"event-preview\">\n<div class=\"event-overlay\"><\/div>\n<\/div>\n<div class=\"event-content\">\n<div class=\"event-infos event-infos-headline\"><\/div>\n<div class=\"event-infos event-infos-metas\"><\/div>\n<div class=\"event-infos event-infos-desc\">\n<div class=\"event-desc\"><\/div>\n<\/div>\n<\/div>\n<\/div>\n<div class=\"agenda-event event-odd event-feat filter-new filter-date-2021-10 filter-cat-les-albigeoises filter-location-albi filter-location-tarn filter-type-visite-famille filter-type-visite-thematique event-same-date event-next-feat\" data-event=\"4144\">\n<div class=\"event-date\"><\/div>\n<div class=\"event-preview\">\n<div class=\"event-overlay\"><\/div>\n<\/div>\n<div class=\"event-content\">\n<div class=\"event-infos event-infos-metas\">\n<div class=\"event-info info-type\"><\/div>\n<\/div>\n<div class=\"event-infos event-infos-desc\"><\/div>\n<\/div>\n<\/div>\n<div class=\"agenda-event filter-date-2021-10 filter-cat-les-albigeoises filter-location-albi filter-location-tarn filter-type-visite-guidee\" data-event=\"3276\">\n<div class=\"event-date\"><\/div>\n<div class=\"event-content\">\n<div class=\"event-infos event-infos-metas\">\n<div class=\"event-info info-type\"><\/div>\n<\/div>\n<\/div>\n<\/div>\n<div class=\"agenda-event event-odd filter-date-2021-10 filter-cat-les-albigeoises filter-location-albi filter-location-tarn filter-type-visite-guidee\" data-event=\"3276\">\n<div class=\"event-date\"><\/div>\n<div class=\"event-content\">\n<div class=\"event-infos event-infos-metas\">\n<div class=\"event-info info-place\"><\/div>\n<\/div>\n<\/div>\n<\/div>\n<div class=\"agenda-event event-feat filter-date-2021-10 filter-cat-les-albigeoises filter-location-albi filter-location-tarn filter-type-visite-thematique filter-type-visite-guidee\" data-event=\"3350\">\n<div class=\"event-preview\"><\/div>\n<div class=\"event-content\">\n<div class=\"event-infos event-infos-headline\"><\/div>\n<div class=\"event-infos event-infos-metas\">\n<div class=\"event-info info-type\"><\/div>\n<\/div>\n<\/div>\n<\/div>\n<div class=\"agenda-event event-odd filter-date-2021-10 filter-cat-les-albigeoises filter-location-albi filter-location-tarn filter-type-visite-ludique\" data-event=\"3396\">\n<div class=\"event-content\">\n<div class=\"event-infos event-infos-metas\">\n<div class=\"event-info info-type\"><\/div>\n<\/div>\n<\/div>\n<\/div>\n<div class=\"agenda-event filter-date-2021-10 filter-cat-les-albigeoises filter-location-albi filter-location-tarn filter-type-visite-guidee event-same-date\" data-event=\"3276\">\n<div class=\"event-date\"><\/div>\n<div class=\"event-content\">\n<div class=\"event-infos event-infos-headline\"><\/div>\n<div class=\"event-infos event-infos-metas\">\n<div class=\"event-info info-type\"><\/div>\n<\/div>\n<\/div>\n<\/div>\n<div class=\"agenda-event event-odd filter-new filter-date-2021-10 filter-cat-les-albigeoises filter-location-albi filter-location-tarn filter-type-visite-famille filter-type-visite-thematique event-same-date\" data-event=\"4144\">\n<div class=\"event-date\"><\/div>\n<div class=\"event-content\">\n<div class=\"event-infos event-infos-metas\">\n<div class=\"event-info info-type\"><\/div>\n<\/div>\n<\/div>\n<\/div>\n<div class=\"agenda-event filter-date-2021-10 filter-cat-les-albigeoises filter-location-albi filter-location-tarn filter-type-visite-guidee\" data-event=\"3276\">\n<div class=\"event-date\"><\/div>\n<div class=\"event-content\">\n<div class=\"event-infos event-infos-metas\"><\/div>\n<\/div>\n<\/div>\n<div class=\"agenda-event event-odd filter-date-2021-10 filter-cat-les-albigeoises filter-location-albi filter-location-tarn filter-type-visite-guidee\" data-event=\"3276\">\n<div class=\"event-content\">\n<div class=\"event-infos event-infos-metas\">\n<div class=\"event-info info-type\"><\/div>\n<\/div>\n<\/div>\n<\/div>\n<div class=\"agenda-event event-feat filter-new filter-date-2021-10 filter-cat-les-albigeoises filter-location-albi filter-location-tarn filter-type-visite-thematique filter-type-visite-guidee\" data-event=\"3355\">\n<div class=\"event-date\">\n<div class=\"date-day\"><\/div>\n<\/div>\n<div class=\"event-preview\">\n<div class=\"event-overlay\"><\/div>\n<\/div>\n<div class=\"event-content\">\n<div class=\"event-infos event-infos-metas\">\n<div class=\"event-info info-hours\"><\/div>\n<\/div>\n<\/div>\n<\/div>\n<div class=\"agenda-event event-odd event-feat filter-date-2021-10 filter-cat-les-albigeoises filter-location-albi filter-location-tarn filter-type-visite-thematique filter-type-visite-guidee\" data-event=\"3379\">\n<div class=\"event-date\">\n<div class=\"date-day\"><\/div>\n<\/div>\n<div class=\"event-preview\">\n<div class=\"event-overlay\"><\/div>\n<\/div>\n<div class=\"event-content\">\n<div class=\"event-infos event-infos-headline\"><\/div>\n<div class=\"event-infos event-infos-desc\"><\/div>\n<\/div>\n<\/div>\n<div class=\"agenda-event filter-date-2021-10 filter-cat-les-albigeoises filter-location-albi filter-location-tarn filter-type-visite-guidee event-same-date\" data-event=\"3276\">\n<div class=\"event-content\">\n<div class=\"event-infos event-infos-metas\">\n<div class=\"event-info info-type\"><\/div>\n<\/div>\n<\/div>\n<\/div>\n<div class=\"agenda-event event-odd filter-new filter-date-2021-10 filter-cat-les-albigeoises filter-location-albi filter-location-tarn filter-type-visite-famille filter-type-visite-thematique event-same-date\" data-event=\"4144\">\n<div class=\"event-date\"><\/div>\n<div class=\"event-content\">\n<div class=\"event-infos event-infos-headline\"><\/div>\n<div class=\"event-infos event-infos-metas\"><\/div>\n<\/div>\n<\/div>\n<div class=\"agenda-event filter-date-2021-10 filter-cat-les-cluedos filter-location-saint-juery filter-location-tarn filter-type-animation-theatralisee filter-type-cluedo-geant filter-type-animation-costumee\" data-event=\"3864\">\n<div class=\"event-date\">\n<div class=\"date-day\"><\/div>\n<\/div>\n<div class=\"event-content\">\n<div class=\"event-infos event-infos-headline\"><\/div>\n<\/div>\n<\/div>\n<div class=\"agenda-event event-odd filter-date-2021-10 filter-cat-les-albigeoises filter-location-albi filter-location-tarn filter-type-visite-guidee event-same-date\" data-event=\"3276\">\n<div class=\"event-content\">\n<div class=\"event-infos event-infos-headline\"><\/div>\n<div class=\"event-infos event-infos-metas\"><\/div>\n<\/div>\n<\/div>\n<div class=\"agenda-event event-odd event-feat filter-date-2021-10 filter-cat-les-albigeoises filter-location-albi filter-location-tarn filter-type-visite-famille filter-type-un-ete-a-albi\" data-event=\"3321\">\n<div class=\"event-content\">\n<div class=\"event-infos event-infos-metas\">\n<div class=\"event-info info-hours\"><\/div>\n<\/div>\n<div class=\"event-infos event-infos-desc\"><\/div>\n<\/div>\n<\/div>\n<div class=\"agenda-event filter-date-2021-10 filter-cat-les-albigeoises filter-location-albi filter-location-tarn filter-type-visite-guidee\" data-event=\"3276\">\n<div class=\"event-content\">\n<div class=\"event-infos event-infos-headline\"><\/div>\n<div class=\"event-infos event-infos-metas\">\n<div class=\"event-info info-hours\"><\/div>\n<\/div>\n<\/div>\n<\/div>\n<div class=\"agenda-event event-odd filter-new filter-date-2021-10 filter-cat-les-albigeoises filter-location-albi filter-location-tarn filter-type-visite-famille filter-type-visite-thematique event-same-date\" data-event=\"4144\">\n<div class=\"event-content\">\n<div class=\"event-infos event-infos-headline\"><\/div>\n<div class=\"event-infos event-infos-metas\"><\/div>\n<\/div>\n<\/div>\n<div class=\"agenda-event filter-date-2021-10 filter-cat-les-albigeoises filter-location-albi filter-location-tarn filter-type-visite-thematique filter-type-visite-guidee event-same-date\" data-event=\"3306\">\n<div class=\"event-date\"><\/div>\n<div class=\"event-content\">\n<div class=\"event-infos event-infos-headline\"><\/div>\n<\/div>\n<\/div>\n<div class=\"agenda-event event-odd filter-date-2021-10 filter-cat-les-albigeoises filter-location-albi filter-location-tarn filter-type-visite-guidee\" data-event=\"3276\">\n<div class=\"event-content\"><\/div>\n<\/div>\n<div class=\"agenda-event filter-date-2021-10 filter-cat-les-albigeoises filter-location-albi filter-location-tarn filter-type-visite-guidee\" data-event=\"3276\">\n<div class=\"event-content\">\n<div class=\"event-infos event-infos-headline\"><\/div>\n<div class=\"event-infos event-infos-metas\"><\/div>\n<\/div>\n<\/div>\n<div class=\"agenda-event event-odd filter-date-2021-10 filter-cat-les-albigeoises filter-location-albi filter-location-tarn filter-type-visite-famille filter-type-un-ete-a-albi\" data-event=\"3321\">\n<div class=\"event-content\">\n<div class=\"event-infos event-infos-metas\">\n<div class=\"event-info info-place\"><\/div>\n<\/div>\n<\/div>\n<\/div>\n<div class=\"agenda-event filter-new filter-date-2021-10 filter-cat-les-albigeoises filter-location-albi filter-location-tarn filter-type-visite-famille filter-type-visite-thematique\" data-event=\"4144\">\n<div class=\"event-content\">\n<div class=\"event-infos event-infos-headline\"><\/div>\n<div class=\"event-infos event-infos-metas\">\n<div class=\"event-info info-type\"><\/div>\n<\/div>\n<\/div>\n<\/div>\n<div class=\"agenda-event event-odd event-feat filter-new filter-date-2021-10 filter-cat-les-albigeoises filter-location-albi filter-location-tarn filter-type-visite-thematique filter-type-visite-guidee event-same-date\" data-event=\"3386\">\n<div class=\"event-date\"><\/div>\n<div class=\"event-preview\">\n<div class=\"event-overlay\"><\/div>\n<\/div>\n<div class=\"event-content\">\n<div class=\"event-infos event-infos-metas\">\n<div class=\"event-info info-type\"><\/div>\n<\/div>\n<div class=\"event-infos event-infos-desc\"><\/div>\n<\/div>\n<\/div>\n<div class=\"agenda-event filter-date-2021-10 filter-cat-les-albigeoises filter-location-albi filter-location-tarn filter-type-visite-guidee event-same-date\" data-event=\"3276\">\n<div class=\"event-content\">\n<div class=\"event-infos event-infos-metas\">\n<div class=\"event-info info-place\"><\/div>\n<\/div>\n<\/div>\n<\/div>\n<div class=\"agenda-event event-odd filter-date-2021-10 filter-cat-les-albigeoises filter-location-albi filter-location-tarn filter-type-visite-famille filter-type-visite-theatralisee\" data-event=\"3412\">\n<div class=\"event-content\">\n<div class=\"event-infos event-infos-metas\">\n<div class=\"event-info info-hours\"><\/div>\n<\/div>\n<\/div>\n<\/div>\n<div class=\"agenda-event filter-date-2021-10 filter-cat-les-albigeoises filter-location-albi filter-location-tarn filter-type-visite-guidee event-same-date\" data-event=\"3276\">\n<div class=\"event-content\">\n<div class=\"event-infos event-infos-metas\">\n<div class=\"event-info info-place\"><\/div>\n<\/div>\n<\/div>\n<\/div>\n<\/div>\n<div id=\"agenda-2021-12\" class=\"agenda-group\">\n<div class=\"agenda-event filter-date-2021-12 filter-cat-les-albigeoises filter-location-albi filter-location-tarn filter-type-visite-guidee event-first\" data-event=\"3276\">\n<div class=\"event-date\">\n<div class=\"date-day\"><\/div>\n<\/div>\n<div class=\"event-content\">\n<div class=\"event-infos event-infos-headline\"><\/div>\n<div class=\"event-infos event-infos-metas\">\n<div class=\"event-info info-place\"><\/div>\n<\/div>\n<\/div>\n<\/div>\n<div class=\"agenda-event filter-date-2021-12 filter-cat-les-albigeoises filter-location-albi filter-location-tarn filter-type-visite-guidee\" data-event=\"3276\">\n<div class=\"event-content\">\n<div class=\"event-infos event-infos-metas\">\n<div class=\"event-info info-type\"><\/div>\n<\/div>\n<\/div>\n<\/div>\n<div class=\"agenda-event event-odd filter-date-2021-12 filter-cat-les-albigeoises filter-location-albi filter-location-tarn filter-type-visite-guidee\" data-event=\"3276\">\n<div class=\"event-date\"><\/div>\n<div class=\"event-content\">\n<div class=\"event-infos event-infos-metas\">\n<div class=\"event-info info-type\"><\/div>\n<\/div>\n<\/div>\n<\/div>\n<div class=\"agenda-event filter-date-2021-12 filter-cat-les-albigeoises filter-location-albi filter-location-tarn filter-type-visite-guidee\" data-event=\"3276\">\n<div class=\"event-date\"><\/div>\n<\/div>\n<div class=\"agenda-event event-odd filter-date-2021-12 filter-cat-les-albigeoises filter-location-albi filter-location-tarn filter-type-visite-guidee\" data-event=\"3276\">\n<div class=\"event-content\">\n<div class=\"event-infos event-infos-metas\">\n<div class=\"event-info info-hours\"><\/div>\n<\/div>\n<\/div>\n<\/div>\n<\/div>\n<\/div>\n<\/div>\n<div class=\"agenda-side\">\n<div id=\"sidebar\" class=\"is-affixed\">\n<div class=\"inner-wrapper-sticky\">\n<div class=\"sidebar__inner\">\n<div class=\"agenda-options\">\n<div class=\"agenda-option options-location\"><\/div>\n<\/div>\n<\/div>\n<\/div>\n<\/div>\n<div class=\"resize-sensor\" dir=\"ltr\">\n<div class=\"resize-sensor-expand\">\n<div><\/div>\n<\/div>\n<div class=\"resize-sensor-shrink\">\n<div><\/div>\n<\/div>\n<\/div>\n<\/div>\n<\/div>\n<\/div>\n<\/div>\n<\/div>\n<\/div>\n<\/div>\n<\/div>\n<\/div>\n<\/div>\n<footer id=\"site-footer\" class=\"site-footer\" role=\"contentinfo\">\n<div class=\"container container-top\">\n<div class=\"row\">\n<div class=\"footer-top col-xs-12\">\n<div class=\"footer-infos\">\n<div class=\"footer-title\"><\/div>\n<div class=\"footer-newsletter\"><\/div>\n<div class=\"footer-partners\">\n<div class=\"footer-partner\"><\/div>\n<\/div>\n<\/div>\n<\/div>\n<\/div>\n<\/div>\n<div class=\"container-fluid container-bottom\">\n<div class=\"row\">\n<div class=\"footer-bottom col-xs-12\">\n<div class=\"container container-boxed\">\n<div class=\"footer-coprights col-xs-12 col-md-7\"><\/div>\n<\/div>\n<\/div>\n<\/div>\n<\/div>\n<\/footer>\n","protected":false},"excerpt":{"rendered":"<div class=\"mh-excerpt\">D\u00e9couvrir le TARN avec un guide n&rsquo;est pas obligatoire &#8230; C&rsquo;est juste indispensable ! Seul, en famille, ou en groupe, nous vous ferons d\u00e9couvrir la r\u00e9gion et ses richesses<\/div>\n<p> <a class=\"mh-excerpt-more\" href=\"https:\/\/www.o-p-i.fr\/aupays\/annuaire\/tourisme\/agit\/\" title=\"AGIT\">[&#8230;]<\/a><\/p>\n","protected":false},"author":2,"featured_media":19980,"comment_status":"closed","ping_status":"open","sticky":false,"template":"","format":"standard","meta":{"_jetpack_memberships_contains_paid_content":false,"footnotes":"","_links_to":"","_links_to_target":""},"categories":[39,69,146,583,924,925],"tags":[166,582,469,643,653,1090],"coauthors":[],"class_list":{"0":"post-9387","1":"post","2":"type-post","3":"status-publish","4":"format-standard","5":"has-post-thumbnail","7":"category-tourisme","8":"category-loisirs","9":"category-a-cote-de-chez-nous","10":"category-culture-annuaire","11":"category-visites-touristiques","12":"category-visites-culturelles","13":"tag-tarn","14":"tag-activite-culturelle","15":"tag-asso","16":"tag-albi","17":"tag-interprete","18":"tag-guides-touristique"},"yoast_head":"<!-- This site is optimized with the Yoast SEO plugin v27.1.1 - https:\/\/yoast.com\/product\/yoast-seo-wordpress\/ -->\n<title>AGIT - O.P.I. des Tescous<\/title>\n<meta name=\"robots\" content=\"index, follow, max-snippet:-1, max-image-preview:large, max-video-preview:-1\" \/>\n<link rel=\"canonical\" href=\"https:\/\/www.o-p-i.fr\/aupays\/annuaire\/tourisme\/agit\/\" \/>\n<meta property=\"og:locale\" content=\"fr_FR\" \/>\n<meta property=\"og:type\" content=\"article\" \/>\n<meta property=\"og:title\" content=\"AGIT - O.P.I. des Tescous\" \/>\n<meta property=\"og:description\" content=\"D\u00e9couvrir le TARN avec un guide n&#039;est pas obligatoire ... C&#039;est juste indispensable ! Seul, en famille, ou en groupe, nous vous ferons d\u00e9couvrir la r\u00e9gion et ses richesses [...]\" \/>\n<meta property=\"og:url\" content=\"https:\/\/www.o-p-i.fr\/aupays\/annuaire\/tourisme\/agit\/\" \/>\n<meta property=\"og:site_name\" content=\"O.P.I. des Tescous\" \/>\n<meta property=\"article:published_time\" content=\"2013-05-04T20:06:25+00:00\" \/>\n<meta property=\"article:modified_time\" content=\"2022-02-28T12:10:24+00:00\" \/>\n<meta property=\"og:image\" content=\"https:\/\/www.o-p-i.fr\/aupays\/wp-content\/uploads\/logo-agit-e1631794352428.jpg\" \/>\n\t<meta property=\"og:image:width\" content=\"293\" \/>\n\t<meta property=\"og:image:height\" content=\"230\" \/>\n\t<meta property=\"og:image:type\" content=\"image\/jpeg\" \/>\n<meta name=\"author\" content=\"Emilie\" \/>\n<meta name=\"twitter:card\" content=\"summary_large_image\" \/>\n<meta name=\"twitter:label1\" content=\"\u00c9crit par\" \/>\n\t<meta name=\"twitter:data1\" content=\"Emilie\" \/>\n\t<meta name=\"twitter:label2\" content=\"Dur\u00e9e de lecture estim\u00e9e\" \/>\n\t<meta name=\"twitter:data2\" content=\"1 minute\" \/>\n\t<meta name=\"twitter:label3\" content=\"Written by\" \/>\n\t<meta name=\"twitter:data3\" content=\"Emilie\" \/>\n<script type=\"application\/ld+json\" class=\"yoast-schema-graph\">{\"@context\":\"https:\/\/schema.org\",\"@graph\":[{\"@type\":\"Article\",\"@id\":\"https:\/\/www.o-p-i.fr\/aupays\/annuaire\/tourisme\/agit\/#article\",\"isPartOf\":{\"@id\":\"https:\/\/www.o-p-i.fr\/aupays\/annuaire\/tourisme\/agit\/\"},\"author\":{\"name\":\"Emilie\",\"@id\":\"https:\/\/www.o-p-i.fr\/aupays\/#\/schema\/person\/7f804b2ab46dc4d2ffff62a3cc5540dd\"},\"headline\":\"AGIT\",\"datePublished\":\"2013-05-04T20:06:25+00:00\",\"dateModified\":\"2022-02-28T12:10:24+00:00\",\"mainEntityOfPage\":{\"@id\":\"https:\/\/www.o-p-i.fr\/aupays\/annuaire\/tourisme\/agit\/\"},\"wordCount\":231,\"publisher\":{\"@id\":\"https:\/\/www.o-p-i.fr\/aupays\/#organization\"},\"image\":{\"@id\":\"https:\/\/www.o-p-i.fr\/aupays\/annuaire\/tourisme\/agit\/#primaryimage\"},\"thumbnailUrl\":\"https:\/\/www.o-p-i.fr\/aupays\/wp-content\/uploads\/logo-agit-e1631794352428.jpg?wsr\",\"keywords\":[\"Tarn\",\"Activit\u00e9 Culturelle\",\"Association\",\"Albi\",\"Interpr\u00e8te\",\"Guides Touristique\"],\"articleSection\":[\"Tourisme\",\"Loisirs\",\"... et \u00e0 c\u00f4t\u00e9 de chez nous\",\"Culture\",\"visites touristiques\",\"visites culturelles\"],\"inLanguage\":\"fr-FR\"},{\"@type\":\"WebPage\",\"@id\":\"https:\/\/www.o-p-i.fr\/aupays\/annuaire\/tourisme\/agit\/\",\"url\":\"https:\/\/www.o-p-i.fr\/aupays\/annuaire\/tourisme\/agit\/\",\"name\":\"AGIT - O.P.I. des Tescous\",\"isPartOf\":{\"@id\":\"https:\/\/www.o-p-i.fr\/aupays\/#website\"},\"primaryImageOfPage\":{\"@id\":\"https:\/\/www.o-p-i.fr\/aupays\/annuaire\/tourisme\/agit\/#primaryimage\"},\"image\":{\"@id\":\"https:\/\/www.o-p-i.fr\/aupays\/annuaire\/tourisme\/agit\/#primaryimage\"},\"thumbnailUrl\":\"https:\/\/www.o-p-i.fr\/aupays\/wp-content\/uploads\/logo-agit-e1631794352428.jpg?wsr\",\"datePublished\":\"2013-05-04T20:06:25+00:00\",\"dateModified\":\"2022-02-28T12:10:24+00:00\",\"breadcrumb\":{\"@id\":\"https:\/\/www.o-p-i.fr\/aupays\/annuaire\/tourisme\/agit\/#breadcrumb\"},\"inLanguage\":\"fr-FR\",\"potentialAction\":[{\"@type\":\"ReadAction\",\"target\":[\"https:\/\/www.o-p-i.fr\/aupays\/annuaire\/tourisme\/agit\/\"]}]},{\"@type\":\"ImageObject\",\"inLanguage\":\"fr-FR\",\"@id\":\"https:\/\/www.o-p-i.fr\/aupays\/annuaire\/tourisme\/agit\/#primaryimage\",\"url\":\"https:\/\/www.o-p-i.fr\/aupays\/wp-content\/uploads\/logo-agit-e1631794352428.jpg?wsr\",\"contentUrl\":\"https:\/\/www.o-p-i.fr\/aupays\/wp-content\/uploads\/logo-agit-e1631794352428.jpg?wsr\",\"width\":293,\"height\":230},{\"@type\":\"BreadcrumbList\",\"@id\":\"https:\/\/www.o-p-i.fr\/aupays\/annuaire\/tourisme\/agit\/#breadcrumb\",\"itemListElement\":[{\"@type\":\"ListItem\",\"position\":1,\"name\":\"Accueil\",\"item\":\"https:\/\/www.o-p-i.fr\/aupays\/\"},{\"@type\":\"ListItem\",\"position\":2,\"name\":\"AGIT\"}]},{\"@type\":\"WebSite\",\"@id\":\"https:\/\/www.o-p-i.fr\/aupays\/#website\",\"url\":\"https:\/\/www.o-p-i.fr\/aupays\/\",\"name\":\"O.P.I. des Tescou's\",\"description\":\"Le Magazine du Pays des Tescou&#039;s\",\"publisher\":{\"@id\":\"https:\/\/www.o-p-i.fr\/aupays\/#organization\"},\"potentialAction\":[{\"@type\":\"SearchAction\",\"target\":{\"@type\":\"EntryPoint\",\"urlTemplate\":\"https:\/\/www.o-p-i.fr\/aupays\/?s={search_term_string}\"},\"query-input\":{\"@type\":\"PropertyValueSpecification\",\"valueRequired\":true,\"valueName\":\"search_term_string\"}}],\"inLanguage\":\"fr-FR\"},{\"@type\":\"Organization\",\"@id\":\"https:\/\/www.o-p-i.fr\/aupays\/#organization\",\"name\":\"O.P.I. des Tescou's\",\"url\":\"https:\/\/www.o-p-i.fr\/aupays\/\",\"logo\":{\"@type\":\"ImageObject\",\"inLanguage\":\"fr-FR\",\"@id\":\"https:\/\/www.o-p-i.fr\/aupays\/#\/schema\/logo\/image\/\",\"url\":\"https:\/\/www.o-p-i.fr\/aupays\/wp-content\/uploads\/bebe.png\",\"contentUrl\":\"https:\/\/www.o-p-i.fr\/aupays\/wp-content\/uploads\/bebe.png\",\"width\":630,\"height\":250,\"caption\":\"O.P.I. des Tescou's\"},\"image\":{\"@id\":\"https:\/\/www.o-p-i.fr\/aupays\/#\/schema\/logo\/image\/\"}},{\"@type\":\"Person\",\"@id\":\"https:\/\/www.o-p-i.fr\/aupays\/#\/schema\/person\/7f804b2ab46dc4d2ffff62a3cc5540dd\",\"name\":\"Emilie\",\"image\":{\"@type\":\"ImageObject\",\"inLanguage\":\"fr-FR\",\"@id\":\"https:\/\/www.o-p-i.fr\/aupays\/#\/schema\/person\/image\/facaf85297164c5eeb35317497584283\",\"url\":\"https:\/\/secure.gravatar.com\/avatar\/fd7cb6990b830882b89c12b0b0ae62d9e30d6edda4b0842106757d94d4985565?s=96&d=monsterid&r=g\",\"contentUrl\":\"https:\/\/secure.gravatar.com\/avatar\/fd7cb6990b830882b89c12b0b0ae62d9e30d6edda4b0842106757d94d4985565?s=96&d=monsterid&r=g\",\"caption\":\"Emilie\"},\"sameAs\":[\"https:\/\/www.o-p-i.fr\/aupays\/vie-des-communes\/vie-a-monclar-de-quercy\/le-pain-rustique\/\"],\"url\":\"https:\/\/www.o-p-i.fr\/aupays\/author\/emilie\/\"}]}<\/script>\n<!-- \/ Yoast SEO plugin. -->","yoast_head_json":{"title":"AGIT - O.P.I. des Tescous","robots":{"index":"index","follow":"follow","max-snippet":"max-snippet:-1","max-image-preview":"max-image-preview:large","max-video-preview":"max-video-preview:-1"},"canonical":"https:\/\/www.o-p-i.fr\/aupays\/annuaire\/tourisme\/agit\/","og_locale":"fr_FR","og_type":"article","og_title":"AGIT - O.P.I. des Tescous","og_description":"D\u00e9couvrir le TARN avec un guide n'est pas obligatoire ... C'est juste indispensable ! Seul, en famille, ou en groupe, nous vous ferons d\u00e9couvrir la r\u00e9gion et ses richesses [...]","og_url":"https:\/\/www.o-p-i.fr\/aupays\/annuaire\/tourisme\/agit\/","og_site_name":"O.P.I. des Tescous","article_published_time":"2013-05-04T20:06:25+00:00","article_modified_time":"2022-02-28T12:10:24+00:00","og_image":[{"width":293,"height":230,"url":"https:\/\/www.o-p-i.fr\/aupays\/wp-content\/uploads\/logo-agit-e1631794352428.jpg","type":"image\/jpeg"}],"author":"Emilie","twitter_card":"summary_large_image","twitter_misc":{"\u00c9crit par":"Emilie","Dur\u00e9e de lecture estim\u00e9e":"1 minute","Written by":"Emilie"},"schema":{"@context":"https:\/\/schema.org","@graph":[{"@type":"Article","@id":"https:\/\/www.o-p-i.fr\/aupays\/annuaire\/tourisme\/agit\/#article","isPartOf":{"@id":"https:\/\/www.o-p-i.fr\/aupays\/annuaire\/tourisme\/agit\/"},"author":{"name":"Emilie","@id":"https:\/\/www.o-p-i.fr\/aupays\/#\/schema\/person\/7f804b2ab46dc4d2ffff62a3cc5540dd"},"headline":"AGIT","datePublished":"2013-05-04T20:06:25+00:00","dateModified":"2022-02-28T12:10:24+00:00","mainEntityOfPage":{"@id":"https:\/\/www.o-p-i.fr\/aupays\/annuaire\/tourisme\/agit\/"},"wordCount":231,"publisher":{"@id":"https:\/\/www.o-p-i.fr\/aupays\/#organization"},"image":{"@id":"https:\/\/www.o-p-i.fr\/aupays\/annuaire\/tourisme\/agit\/#primaryimage"},"thumbnailUrl":"https:\/\/www.o-p-i.fr\/aupays\/wp-content\/uploads\/logo-agit-e1631794352428.jpg?wsr","keywords":["Tarn","Activit\u00e9 Culturelle","Association","Albi","Interpr\u00e8te","Guides Touristique"],"articleSection":["Tourisme","Loisirs","... et \u00e0 c\u00f4t\u00e9 de chez nous","Culture","visites touristiques","visites culturelles"],"inLanguage":"fr-FR"},{"@type":"WebPage","@id":"https:\/\/www.o-p-i.fr\/aupays\/annuaire\/tourisme\/agit\/","url":"https:\/\/www.o-p-i.fr\/aupays\/annuaire\/tourisme\/agit\/","name":"AGIT - O.P.I. des Tescous","isPartOf":{"@id":"https:\/\/www.o-p-i.fr\/aupays\/#website"},"primaryImageOfPage":{"@id":"https:\/\/www.o-p-i.fr\/aupays\/annuaire\/tourisme\/agit\/#primaryimage"},"image":{"@id":"https:\/\/www.o-p-i.fr\/aupays\/annuaire\/tourisme\/agit\/#primaryimage"},"thumbnailUrl":"https:\/\/www.o-p-i.fr\/aupays\/wp-content\/uploads\/logo-agit-e1631794352428.jpg?wsr","datePublished":"2013-05-04T20:06:25+00:00","dateModified":"2022-02-28T12:10:24+00:00","breadcrumb":{"@id":"https:\/\/www.o-p-i.fr\/aupays\/annuaire\/tourisme\/agit\/#breadcrumb"},"inLanguage":"fr-FR","potentialAction":[{"@type":"ReadAction","target":["https:\/\/www.o-p-i.fr\/aupays\/annuaire\/tourisme\/agit\/"]}]},{"@type":"ImageObject","inLanguage":"fr-FR","@id":"https:\/\/www.o-p-i.fr\/aupays\/annuaire\/tourisme\/agit\/#primaryimage","url":"https:\/\/www.o-p-i.fr\/aupays\/wp-content\/uploads\/logo-agit-e1631794352428.jpg?wsr","contentUrl":"https:\/\/www.o-p-i.fr\/aupays\/wp-content\/uploads\/logo-agit-e1631794352428.jpg?wsr","width":293,"height":230},{"@type":"BreadcrumbList","@id":"https:\/\/www.o-p-i.fr\/aupays\/annuaire\/tourisme\/agit\/#breadcrumb","itemListElement":[{"@type":"ListItem","position":1,"name":"Accueil","item":"https:\/\/www.o-p-i.fr\/aupays\/"},{"@type":"ListItem","position":2,"name":"AGIT"}]},{"@type":"WebSite","@id":"https:\/\/www.o-p-i.fr\/aupays\/#website","url":"https:\/\/www.o-p-i.fr\/aupays\/","name":"O.P.I. des Tescou's","description":"Le Magazine du Pays des Tescou&#039;s","publisher":{"@id":"https:\/\/www.o-p-i.fr\/aupays\/#organization"},"potentialAction":[{"@type":"SearchAction","target":{"@type":"EntryPoint","urlTemplate":"https:\/\/www.o-p-i.fr\/aupays\/?s={search_term_string}"},"query-input":{"@type":"PropertyValueSpecification","valueRequired":true,"valueName":"search_term_string"}}],"inLanguage":"fr-FR"},{"@type":"Organization","@id":"https:\/\/www.o-p-i.fr\/aupays\/#organization","name":"O.P.I. des Tescou's","url":"https:\/\/www.o-p-i.fr\/aupays\/","logo":{"@type":"ImageObject","inLanguage":"fr-FR","@id":"https:\/\/www.o-p-i.fr\/aupays\/#\/schema\/logo\/image\/","url":"https:\/\/www.o-p-i.fr\/aupays\/wp-content\/uploads\/bebe.png","contentUrl":"https:\/\/www.o-p-i.fr\/aupays\/wp-content\/uploads\/bebe.png","width":630,"height":250,"caption":"O.P.I. des Tescou's"},"image":{"@id":"https:\/\/www.o-p-i.fr\/aupays\/#\/schema\/logo\/image\/"}},{"@type":"Person","@id":"https:\/\/www.o-p-i.fr\/aupays\/#\/schema\/person\/7f804b2ab46dc4d2ffff62a3cc5540dd","name":"Emilie","image":{"@type":"ImageObject","inLanguage":"fr-FR","@id":"https:\/\/www.o-p-i.fr\/aupays\/#\/schema\/person\/image\/facaf85297164c5eeb35317497584283","url":"https:\/\/secure.gravatar.com\/avatar\/fd7cb6990b830882b89c12b0b0ae62d9e30d6edda4b0842106757d94d4985565?s=96&d=monsterid&r=g","contentUrl":"https:\/\/secure.gravatar.com\/avatar\/fd7cb6990b830882b89c12b0b0ae62d9e30d6edda4b0842106757d94d4985565?s=96&d=monsterid&r=g","caption":"Emilie"},"sameAs":["https:\/\/www.o-p-i.fr\/aupays\/vie-des-communes\/vie-a-monclar-de-quercy\/le-pain-rustique\/"],"url":"https:\/\/www.o-p-i.fr\/aupays\/author\/emilie\/"}]}},"jetpack_featured_media_url":"https:\/\/www.o-p-i.fr\/aupays\/wp-content\/uploads\/logo-agit-e1631794352428.jpg?wsr","views":{"total":0,"cached_at":"","cached_date":1737841280},"jetpack_sharing_enabled":true,"jetpack-related-posts":[],"jetpack_shortlink":"https:\/\/wp.me\/sfni7X-agit","_links":{"self":[{"href":"https:\/\/www.o-p-i.fr\/aupays\/wp-json\/wp\/v2\/posts\/9387","targetHints":{"allow":["GET"]}}],"collection":[{"href":"https:\/\/www.o-p-i.fr\/aupays\/wp-json\/wp\/v2\/posts"}],"about":[{"href":"https:\/\/www.o-p-i.fr\/aupays\/wp-json\/wp\/v2\/types\/post"}],"author":[{"embeddable":true,"href":"https:\/\/www.o-p-i.fr\/aupays\/wp-json\/wp\/v2\/users\/2"}],"replies":[{"embeddable":true,"href":"https:\/\/www.o-p-i.fr\/aupays\/wp-json\/wp\/v2\/comments?post=9387"}],"version-history":[{"count":12,"href":"https:\/\/www.o-p-i.fr\/aupays\/wp-json\/wp\/v2\/posts\/9387\/revisions"}],"predecessor-version":[{"id":22412,"href":"https:\/\/www.o-p-i.fr\/aupays\/wp-json\/wp\/v2\/posts\/9387\/revisions\/22412"}],"wp:featuredmedia":[{"embeddable":true,"href":"https:\/\/www.o-p-i.fr\/aupays\/wp-json\/wp\/v2\/media\/19980"}],"wp:attachment":[{"href":"https:\/\/www.o-p-i.fr\/aupays\/wp-json\/wp\/v2\/media?parent=9387"}],"wp:term":[{"taxonomy":"category","embeddable":true,"href":"https:\/\/www.o-p-i.fr\/aupays\/wp-json\/wp\/v2\/categories?post=9387"},{"taxonomy":"post_tag","embeddable":true,"href":"https:\/\/www.o-p-i.fr\/aupays\/wp-json\/wp\/v2\/tags?post=9387"},{"taxonomy":"author","embeddable":true,"href":"https:\/\/www.o-p-i.fr\/aupays\/wp-json\/wp\/v2\/coauthors?post=9387"}],"curies":[{"name":"wp","href":"https:\/\/api.w.org\/{rel}","templated":true}]}}