{"id":10106,"date":"2011-11-15T19:03:30","date_gmt":"2011-11-15T17:03:30","guid":{"rendered":"\/parlonsen\/?p=10106"},"modified":"2011-11-15T19:19:00","modified_gmt":"2011-11-15T17:19:00","slug":"granda-festa-porcala-fete-du-cochon-a-monclar-de-quercy","status":"publish","type":"post","link":"https:\/\/www.o-p-i.fr\/parlonsen\/parlons-en\/culture\/granda-festa-porcala-fete-du-cochon-a-monclar-de-quercy\/","title":{"rendered":"Granda F\u00e8sta Porcala (F\u00eate du Cochon) &#8230; \u00e0 Monclar de Quercy"},"content":{"rendered":"<p style=\"text-align: justify;\">Nos traditions, nous en sommes fiers ! Tel est le slogan commun  \u00e0 tous les b\u00e9n\u00e9voles qui organisent ce <span style=\"color: #993300;\"><strong>Samedi 19 Novembre\u00a0 2011 <\/strong><\/span>la \u00ab\u00a0granda f\u00e8sta porcala \/ f\u00eate du cochon\u00a0\u00bb, Salle du lac.<!--more--><\/p>\n<p style=\"text-align: justify;\">\n<figure id=\"attachment_10107\" aria-describedby=\"caption-attachment-10107\" style=\"width: 300px\" class=\"wp-caption alignright\"><a href=\"https:\/\/i0.wp.com\/www.o-p-i.fr\/parlonsen\/wp-content\/uploads\/feteducochon_monclar.jpg?ssl=1\"><img data-recalc-dims=\"1\" loading=\"lazy\" decoding=\"async\" class=\"size-full wp-image-10107\" title=\"Monclar de Quercy (82)\" src=\"https:\/\/i0.wp.com\/www.o-p-i.fr\/parlonsen\/wp-content\/uploads\/feteducochon_monclar.jpg?resize=300%2C211&#038;ssl=1\" alt=\"Monclar de Quercy (82)\" width=\"300\" height=\"211\" \/><\/a><figcaption id=\"caption-attachment-10107\" class=\"wp-caption-text\">Monclar de Quercy (82)<\/figcaption><\/figure>\n<p style=\"text-align: justify;\"><em>\u00ab\u00a0Nous en sommes fiers et nous voulons vous les faire d\u00e9couvrir, vous les faire partager, vous les faire vivre. En un mot, nous voulons vous les transmettre \u00e0 vous tous adultes et enfants d&rsquo;ici ou d&rsquo;ailleurs\u00a0\u00bb.<\/em><\/p>\n<p style=\"text-align: justify;\">Ainsi, l&rsquo;\u00e9quipe de b\u00e9n\u00e9voles regroup\u00e9e autour de Jacqueline et Nathalie ou bien d&rsquo;Andr\u00e9 vous proposeront, ce samedi \u00e0 partir de 14 heures des ateliers de charcuterie. Apr\u00e8s avoir appr\u00e9ci\u00e9 la dext\u00e9rit\u00e9 des sp\u00e9cialistes  de la d\u00e9coupe du cochon, vous assisterez \u00e0 la fabrication de la saucisse, des boudins, du p\u00e2t\u00e9. Vous participerez \u00e9galement \u00e0 la pr\u00e9paration et \u00e0 la cuisson du millas.<\/p>\n<p style=\"text-align: justify;\">A partir de 19h30, avec le repas traditionnel vous appr\u00e9cierez toute la valeur, toute la richesse de nos traditions. Venez nombreux montrer votre attachement \u00e0 nos valeurs &#8230; gustatives.<\/p>\n<p style=\"text-align: justify;\"><span style=\"color: #993300;\"><strong>Tarifs : <\/strong><\/span><br \/>\nRepas : 13\u20ac<br \/>\nUniquement le bal (21h30) : 6\u20ac<\/p>\n<p style=\"text-align: justify;\"><a title=\"Voir l'article dans Parlons En\" href=\"https:\/\/www.o-p-i.fr\/parlonsen\/parlons-en\/culture\/granda-festa-porcala-et-bourse-aux-jouets-a-monclar-de-quercy\/\">En savoir + <\/a><\/p>\n<p style=\"text-align: justify;\"><em>Communiqu\u00e9 et photos de Robert Linas<\/em><\/p>\n<p><a href=\"https:\/\/www.o-p-i.fr\/parlonsen\/agenda\/\"><strong>Retrouvez tous les \u00e9v\u00e8nements dans l&rsquo;agenda !<\/strong><\/a><\/p>\n","protected":false},"excerpt":{"rendered":"<div class=\"mh-excerpt\">Nos traditions, nous en sommes fiers ! Tel est le slogan commun \u00e0 tous les b\u00e9n\u00e9voles qui organisent ce Samedi 19 Novembre\u00a0 2011 la \u00ab\u00a0granda f\u00e8sta porcala \/ f\u00eate du cochon\u00a0\u00bb, Salle du lac.<\/div>\n","protected":false},"author":2,"featured_media":0,"comment_status":"open","ping_status":"open","sticky":false,"template":"","format":"standard","meta":{"om_disable_all_campaigns":false,"advanced_seo_description":"","jetpack_seo_html_title":"","jetpack_seo_noindex":false,"_jetpack_memberships_contains_paid_content":false,"footnotes":"","_links_to":"","_links_to_target":""},"categories":[51,1,16,54,6,1104],"tags":[228,511,753,56,143,175,180,212],"class_list":{"0":"post-10106","1":"post","2":"type-post","3":"status-publish","4":"format-standard","6":"category-artisanat","7":"category-culture","8":"category-monclar","9":"category-loisirs","10":"category-pratique","11":"category-n-67-novembre-2011","12":"tag-patrimoine","13":"tag-gastronomie","14":"tag-recette","15":"tag-fete","16":"tag-monclar-de-quercy","17":"tag-terroir","18":"tag-atelier","19":"tag-cuisine"},"jetpack_featured_media_url":"","views":{"total":0,"cached_at":"","cached_date":1738499969},"jetpack_likes_enabled":true,"jetpack_sharing_enabled":true,"jetpack_shortlink":"https:\/\/wp.me\/pg7Wxj-2D0","jetpack-related-posts":[],"_links":{"self":[{"href":"https:\/\/www.o-p-i.fr\/parlonsen\/wp-json\/wp\/v2\/posts\/10106","targetHints":{"allow":["GET"]}}],"collection":[{"href":"https:\/\/www.o-p-i.fr\/parlonsen\/wp-json\/wp\/v2\/posts"}],"about":[{"href":"https:\/\/www.o-p-i.fr\/parlonsen\/wp-json\/wp\/v2\/types\/post"}],"author":[{"embeddable":true,"href":"https:\/\/www.o-p-i.fr\/parlonsen\/wp-json\/wp\/v2\/users\/2"}],"replies":[{"embeddable":true,"href":"https:\/\/www.o-p-i.fr\/parlonsen\/wp-json\/wp\/v2\/comments?post=10106"}],"version-history":[{"count":0,"href":"https:\/\/www.o-p-i.fr\/parlonsen\/wp-json\/wp\/v2\/posts\/10106\/revisions"}],"wp:attachment":[{"href":"https:\/\/www.o-p-i.fr\/parlonsen\/wp-json\/wp\/v2\/media?parent=10106"}],"wp:term":[{"taxonomy":"category","embeddable":true,"href":"https:\/\/www.o-p-i.fr\/parlonsen\/wp-json\/wp\/v2\/categories?post=10106"},{"taxonomy":"post_tag","embeddable":true,"href":"https:\/\/www.o-p-i.fr\/parlonsen\/wp-json\/wp\/v2\/tags?post=10106"}],"curies":[{"name":"wp","href":"https:\/\/api.w.org\/{rel}","templated":true}]}}