{"id":10131,"date":"2011-11-15T21:11:28","date_gmt":"2011-11-15T19:11:28","guid":{"rendered":"\/parlonsen\/?p=10131"},"modified":"2011-11-15T21:11:28","modified_gmt":"2011-11-15T19:11:28","slug":"2eme-salon-dartisanat-dart-au-carreyrat","status":"publish","type":"post","link":"https:\/\/www.o-p-i.fr\/parlonsen\/parlons-en\/commerce\/2eme-salon-dartisanat-dart-au-carreyrat\/","title":{"rendered":"2\u00e8me Salon d&rsquo;artisanat d&rsquo;Art &#8230; au Carreyrat."},"content":{"rendered":"<p>La FACT organise le 2\u00e8me Salon d&rsquo;artisanat d&rsquo;Art du Carreyrat les <span style=\"color: #800000;\"><strong>26 et 27 Novembre 2011<\/strong><\/span> \u00e0 la Salle des f\u00eates du Carreyrat \u00e0 Montauban.<!--more--><\/p>\n<figure id=\"attachment_10132\" aria-describedby=\"caption-attachment-10132\" style=\"width: 500px\" class=\"wp-caption alignright\"><a href=\"https:\/\/i0.wp.com\/www.o-p-i.fr\/parlonsen\/wp-content\/uploads\/salon_carreyrat2011.jpg?ssl=1\"><img data-recalc-dims=\"1\" loading=\"lazy\" decoding=\"async\" class=\"size-full wp-image-10132\" title=\"Carreyrat (82)\" src=\"https:\/\/i0.wp.com\/www.o-p-i.fr\/parlonsen\/wp-content\/uploads\/salon_carreyrat2011.jpg?resize=500%2C701&#038;ssl=1\" alt=\"Carreyrat (82)\" width=\"500\" height=\"701\" srcset=\"https:\/\/i0.wp.com\/www.o-p-i.fr\/parlonsen\/wp-content\/uploads\/salon_carreyrat2011.jpg?w=500&amp;ssl=1 500w, https:\/\/i0.wp.com\/www.o-p-i.fr\/parlonsen\/wp-content\/uploads\/salon_carreyrat2011.jpg?resize=213%2C300&amp;ssl=1 213w\" sizes=\"auto, (max-width: 500px) 100vw, 500px\" \/><\/a><figcaption id=\"caption-attachment-10132\" class=\"wp-caption-text\">Carreyrat (82)<\/figcaption><\/figure>\n<p>* Trente exposants<br \/>\n* Restauration sur place<br \/>\n* Ouverture de 10h \u00e0 19h<\/p>\n<p><span style=\"color: #800000;\"><strong>Contact : <\/strong><\/span>FACT (F\u00e9deration Associative Carreyrat-Tescou)<br \/>\nSite : <a title=\"Ouvre le site dans une nouvelle fen\u00eatre\" href=\"http:\/\/fact.voila.net\/\" target=\"_blank\">http:\/\/fact.voila.net\/<\/a><\/p>\n<p><em>Communiqu\u00e9 de Bernard CAHUE, Responsable Communication du Salon<\/em><\/p>\n<p><a href=\"https:\/\/www.o-p-i.fr\/parlonsen\/agenda\/\"><strong>Retrouvez tous les \u00e9v\u00e8nements dans l&rsquo;agenda !<\/strong><\/a><\/p>\n","protected":false},"excerpt":{"rendered":"<div class=\"mh-excerpt\">La FACT organise le 2\u00e8me Salon d&rsquo;artisanat d&rsquo;Art du Carreyrat les 26 et 27 Novembre 2011 \u00e0 la Salle des f\u00eates du Carreyrat \u00e0 Montauban.<\/div>\n","protected":false},"author":2,"featured_media":0,"comment_status":"open","ping_status":"open","sticky":false,"template":"","format":"standard","meta":{"om_disable_all_campaigns":false,"advanced_seo_description":"","jetpack_seo_html_title":"","jetpack_seo_noindex":false,"_jetpack_memberships_contains_paid_content":false,"footnotes":"","_links_to":"","_links_to_target":""},"categories":[51,4,42,54,6,1104],"tags":[138,200,341,2559,1136],"class_list":{"0":"post-10131","1":"post","2":"type-post","3":"status-publish","4":"format-standard","6":"category-artisanat","7":"category-commerce","8":"category-a-cote-de-chez-nous","9":"category-loisirs","10":"category-pratique","11":"category-n-67-novembre-2011","12":"tag-marche","13":"tag-art","14":"tag-carreyrat","15":"tag-artisanat","16":"tag-fact"},"jetpack_featured_media_url":"","views":{"total":0,"cached_at":"","cached_date":1738473685},"jetpack_likes_enabled":true,"jetpack_sharing_enabled":true,"jetpack_shortlink":"https:\/\/wp.me\/pg7Wxj-2Dp","jetpack-related-posts":[],"_links":{"self":[{"href":"https:\/\/www.o-p-i.fr\/parlonsen\/wp-json\/wp\/v2\/posts\/10131","targetHints":{"allow":["GET"]}}],"collection":[{"href":"https:\/\/www.o-p-i.fr\/parlonsen\/wp-json\/wp\/v2\/posts"}],"about":[{"href":"https:\/\/www.o-p-i.fr\/parlonsen\/wp-json\/wp\/v2\/types\/post"}],"author":[{"embeddable":true,"href":"https:\/\/www.o-p-i.fr\/parlonsen\/wp-json\/wp\/v2\/users\/2"}],"replies":[{"embeddable":true,"href":"https:\/\/www.o-p-i.fr\/parlonsen\/wp-json\/wp\/v2\/comments?post=10131"}],"version-history":[{"count":0,"href":"https:\/\/www.o-p-i.fr\/parlonsen\/wp-json\/wp\/v2\/posts\/10131\/revisions"}],"wp:attachment":[{"href":"https:\/\/www.o-p-i.fr\/parlonsen\/wp-json\/wp\/v2\/media?parent=10131"}],"wp:term":[{"taxonomy":"category","embeddable":true,"href":"https:\/\/www.o-p-i.fr\/parlonsen\/wp-json\/wp\/v2\/categories?post=10131"},{"taxonomy":"post_tag","embeddable":true,"href":"https:\/\/www.o-p-i.fr\/parlonsen\/wp-json\/wp\/v2\/tags?post=10131"}],"curies":[{"name":"wp","href":"https:\/\/api.w.org\/{rel}","templated":true}]}}