{"id":10175,"date":"2011-11-20T16:16:35","date_gmt":"2011-11-20T14:16:35","guid":{"rendered":"\/parlonsen\/?p=10175"},"modified":"2025-11-09T13:55:18","modified_gmt":"2025-11-09T12:55:18","slug":"mobilisation-pour-le-telethon-a-saint-etienne-de-tulmont","status":"publish","type":"post","link":"https:\/\/www.o-p-i.fr\/parlonsen\/parlons-en\/culture\/mobilisation-pour-le-telethon-a-saint-etienne-de-tulmont\/","title":{"rendered":"Mobilisation pour le T\u00e9l\u00e9thon &#8230; \u00e0 Saint Etienne de Tulmont"},"content":{"rendered":"<p><span style=\"color: #003366;\"><strong>Du 1er au 4 D\u00e9cembre 2011<\/strong><\/span>, les associations de Saint-Etienne de Tulmont se mobilisent pour le T\u00e9l\u00e9thon.<!--more--><\/p>\n<figure id=\"attachment_10176\" aria-describedby=\"caption-attachment-10176\" style=\"width: 300px\" class=\"wp-caption alignright\"><a href=\"https:\/\/i0.wp.com\/www.o-p-i.fr\/parlonsen\/wp-content\/uploads\/telethon_stetienne.jpg?ssl=1\"><img data-recalc-dims=\"1\" loading=\"lazy\" decoding=\"async\" class=\"size-full wp-image-10176\" title=\"Thierry, coordonnateur du T\u00e9l\u00e9thon\" src=\"https:\/\/i0.wp.com\/www.o-p-i.fr\/parlonsen\/wp-content\/uploads\/telethon_stetienne.jpg?resize=300%2C225&#038;ssl=1\" alt=\"Thierry, coordonnateur du T\u00e9l\u00e9thon\" width=\"300\" height=\"225\" \/><\/a><figcaption id=\"caption-attachment-10176\" class=\"wp-caption-text\">Thierry, coordonnateur du T\u00e9l\u00e9thon<\/figcaption><\/figure>\n<p><span style=\"color: #003366;\"><strong>Programme :<\/strong><\/span><\/p>\n<ul>\n<li><span style=\"color: #003366;\">Jeudi 1er d\u00e9cembre : <\/span><span style=\"color: #003366;\"><strong>D\u00e9monstration d&rsquo;un cours de judo<\/strong><\/span> au gymnase par Ma\u00eetre Chabbi et ses \u00e9l\u00e8ves.<\/li>\n<\/ul>\n<ul>\n<li><span style=\"color: #003366;\">Vendredi 2 d\u00e9cembre :<\/span><\/li>\n<\/ul>\n<p>&#8211; 15h : <span style=\"color: #003366;\"><strong>Concours de p\u00e9tanque<\/strong><\/span> en doublette au boulodrome.<br \/>\nS&rsquo;adresser \u00e0 M. Arbonnelli 06 77 89 35 85 .<\/p>\n<p>&#8211; 16h : <span style=\"color: #003366;\"><strong>Chants des enfants<\/strong><\/span> de l&rsquo;\u00e9cole Saint Joseph \u00e0 l&rsquo;\u00e9glise.<\/p>\n<figure id=\"attachment_10177\" aria-describedby=\"caption-attachment-10177\" style=\"width: 300px\" class=\"wp-caption alignnone\"><a href=\"https:\/\/i0.wp.com\/www.o-p-i.fr\/parlonsen\/wp-content\/uploads\/telethon_stetienneenfant.jpg?ssl=1\"><img data-recalc-dims=\"1\" loading=\"lazy\" decoding=\"async\" class=\"size-full wp-image-10177\" title=\"Les enfants de l'\u00e9cole Saint Joseph chantent pour le T\u00e9l\u00e9thon.\" src=\"https:\/\/i0.wp.com\/www.o-p-i.fr\/parlonsen\/wp-content\/uploads\/telethon_stetienneenfant.jpg?resize=300%2C225&#038;ssl=1\" alt=\"Les enfants de l'\u00e9cole Saint Joseph chantent pour le T\u00e9l\u00e9thon.\" width=\"300\" height=\"225\" \/><\/a><figcaption id=\"caption-attachment-10177\" class=\"wp-caption-text\">Les enfants de l&#39;\u00e9cole Saint Joseph chantent pour le T\u00e9l\u00e9thon.<\/figcaption><\/figure>\n<p>&#8211; 18h : <span style=\"color: #003366;\"><strong>Randonn\u00e9e nocturne <\/strong><\/span>organis\u00e9e par l&rsquo;association Accueil et d\u00e9tente<br \/>\nD\u00e9part de la salle des f\u00eates.<\/p>\n<p>&#8211; 20h : <span style=\"color: #003366;\"><strong>Repas dansant anim\u00e9<\/strong><\/span> par l&rsquo;orchestre KNOCK AND DO.<br \/>\nAp\u00e9ro, repas (Menu : soupe \u00e0 l&rsquo;oignon, poulet basquaise, riz, dessert, caf\u00e9, vin). 15\u20ac adultes.<br \/>\nContact : Thierry<br \/>\nT\u00e9l. : 06 80 43 68 60<\/p>\n<ul>\n<li><span style=\"color: #003366;\">Dimanche 4 d\u00e9cembre : <\/span>Concours hippique au Domaine de Pouzini\u00e8s<\/li>\n<\/ul>\n<p><em>Communiqu\u00e9 et photos de Robert Linas<\/em><\/p>\n<p><a href=\"https:\/\/www.o-p-i.fr\/parlonsen\/agenda\/\"><strong>Retrouvez tous les \u00e9v\u00e8nements dans l&rsquo;agenda !<\/strong><\/a><\/p>\n","protected":false},"excerpt":{"rendered":"<div class=\"mh-excerpt\">Du 1er au 4 D\u00e9cembre 2011, les associations de Saint-Etienne de Tulmont se mobilisent pour le T\u00e9l\u00e9thon.<\/div>\n","protected":false},"author":2,"featured_media":0,"comment_status":"open","ping_status":"open","sticky":false,"template":"","format":"standard","meta":{"om_disable_all_campaigns":false,"advanced_seo_description":"","jetpack_seo_html_title":"","jetpack_seo_noindex":false,"_jetpack_memberships_contains_paid_content":false,"footnotes":"","_links_to":"","_links_to_target":""},"categories":[42,1,91,290,54,58,291,6,1104],"tags":[2564,157,166,323,353,397,3926],"class_list":{"0":"post-10175","1":"post","2":"type-post","3":"status-publish","4":"format-standard","6":"category-a-cote-de-chez-nous","7":"category-culture","8":"category-telethon","9":"category-entraide","10":"category-loisirs","11":"category-sante","12":"category-solidarite","13":"category-pratique","14":"category-n-67-novembre-2011","15":"tag-telethon","16":"tag-repas","17":"tag-randonnee","18":"tag-enfant","19":"tag-petanque","20":"tag-judo","21":"tag-chants"},"jetpack_featured_media_url":"","views":{"total":0,"cached_at":"","cached_date":1738475647},"jetpack_likes_enabled":true,"jetpack_sharing_enabled":true,"jetpack_shortlink":"https:\/\/wp.me\/pg7Wxj-2E7","jetpack-related-posts":[],"_links":{"self":[{"href":"https:\/\/www.o-p-i.fr\/parlonsen\/wp-json\/wp\/v2\/posts\/10175","targetHints":{"allow":["GET"]}}],"collection":[{"href":"https:\/\/www.o-p-i.fr\/parlonsen\/wp-json\/wp\/v2\/posts"}],"about":[{"href":"https:\/\/www.o-p-i.fr\/parlonsen\/wp-json\/wp\/v2\/types\/post"}],"author":[{"embeddable":true,"href":"https:\/\/www.o-p-i.fr\/parlonsen\/wp-json\/wp\/v2\/users\/2"}],"replies":[{"embeddable":true,"href":"https:\/\/www.o-p-i.fr\/parlonsen\/wp-json\/wp\/v2\/comments?post=10175"}],"version-history":[{"count":1,"href":"https:\/\/www.o-p-i.fr\/parlonsen\/wp-json\/wp\/v2\/posts\/10175\/revisions"}],"predecessor-version":[{"id":67048,"href":"https:\/\/www.o-p-i.fr\/parlonsen\/wp-json\/wp\/v2\/posts\/10175\/revisions\/67048"}],"wp:attachment":[{"href":"https:\/\/www.o-p-i.fr\/parlonsen\/wp-json\/wp\/v2\/media?parent=10175"}],"wp:term":[{"taxonomy":"category","embeddable":true,"href":"https:\/\/www.o-p-i.fr\/parlonsen\/wp-json\/wp\/v2\/categories?post=10175"},{"taxonomy":"post_tag","embeddable":true,"href":"https:\/\/www.o-p-i.fr\/parlonsen\/wp-json\/wp\/v2\/tags?post=10175"}],"curies":[{"name":"wp","href":"https:\/\/api.w.org\/{rel}","templated":true}]}}