{"id":10209,"date":"2011-11-22T18:19:51","date_gmt":"2011-11-22T16:19:51","guid":{"rendered":"\/parlonsen\/?p=10209"},"modified":"2025-11-08T10:49:51","modified_gmt":"2025-11-08T09:49:51","slug":"belle-cueillette-a-saint-nauphary","status":"publish","type":"post","link":"https:\/\/www.o-p-i.fr\/parlonsen\/parlons-en\/agriculture\/belle-cueillette-a-saint-nauphary\/","title":{"rendered":"Belle cueillette &#8230; \u00e0 Saint Nauphary"},"content":{"rendered":"<p style=\"text-align: justify;\">De magnifiques c\u00e8pes &#8230; un 21 novembre ! <!--more--><\/p>\n<p style=\"text-align: justify;\">\n<figure id=\"attachment_10210\" aria-describedby=\"caption-attachment-10210\" style=\"width: 300px\" class=\"wp-caption alignright\"><a href=\"https:\/\/i0.wp.com\/www.o-p-i.fr\/parlonsen\/wp-content\/uploads\/cepe_tarnetgaronne.jpg?ssl=1\"><img data-recalc-dims=\"1\" loading=\"lazy\" decoding=\"async\" class=\"size-full wp-image-10210\" title=\"cepe_tarnetgaronne\" src=\"https:\/\/i0.wp.com\/www.o-p-i.fr\/parlonsen\/wp-content\/uploads\/cepe_tarnetgaronne.jpg?resize=300%2C447&#038;ssl=1\" alt=\"Belle cueillette dans le Tarn et Garonne\" width=\"300\" height=\"447\" srcset=\"https:\/\/i0.wp.com\/www.o-p-i.fr\/parlonsen\/wp-content\/uploads\/cepe_tarnetgaronne.jpg?w=300&amp;ssl=1 300w, https:\/\/i0.wp.com\/www.o-p-i.fr\/parlonsen\/wp-content\/uploads\/cepe_tarnetgaronne.jpg?resize=201%2C300&amp;ssl=1 201w\" sizes=\"auto, (max-width: 300px) 100vw, 300px\" \/><\/a><figcaption id=\"caption-attachment-10210\" class=\"wp-caption-text\">Belle cueillette dans le Tarn et Garonne<\/figcaption><\/figure>\n<p style=\"text-align: justify;\">Jean-Pierre Desvals est un passionn\u00e9 de nature. Il s&rsquo;est donc rendu dans les bois environnants esp\u00e9rant trouver quelques rembles, des trompettes dela mort ou bien des pieds de mouton. Mais quelle ne fut pas sa surprise de, voir de jolis c\u00e8pes, bien noirs dans les ch\u00eanes ou plus clairs dans les ch\u00e2taigniers. Une belle cueillette dont le poids s&rsquo;\u00e9levait \u00e0 5kg.<\/p>\n<p style=\"text-align: justify;\">Jean-Pierre, ayant toujours le sens pratique des choses, dit :<br \/>\n\u00a0\u00bb &#8211; Tiens ! \u00e7a fera un cadeau original pour Aline, c&rsquo;\u00e9tait son anniversaire dimanche\u00a0\u00bb.<br \/>\nRien de tel qu&rsquo;une omelette aux c\u00e8pes \u00e0 la lueur des bougies pour f\u00eater un anniversaire&#8230; et plus si affinit\u00e9s.<\/p>\n<p style=\"text-align: justify;\">Une question se pose : Le march\u00e9 aux c\u00e8pes de Va\u00efssac va t-il ouvrir ? Cela serait \u00e0 marquer dans les annales de la commune.<\/p>\n<p style=\"text-align: justify;\"><em>Communiqu\u00e9 et photo de Robert Linas<\/em><\/p>\n","protected":false},"excerpt":{"rendered":"<div class=\"mh-excerpt\">De magnifiques c\u00e8pes &#8230; un 21 novembre !<\/div>\n","protected":false},"author":2,"featured_media":0,"comment_status":"open","ping_status":"open","sticky":false,"template":"","format":"standard","meta":{"om_disable_all_campaigns":false,"advanced_seo_description":"","jetpack_seo_html_title":"","jetpack_seo_noindex":false,"_jetpack_memberships_contains_paid_content":false,"footnotes":"","_links_to":"","_links_to_target":""},"categories":[3,42,55,54,704,1104],"tags":[315,652,1088,1146],"class_list":{"0":"post-10209","1":"post","2":"type-post","3":"status-publish","4":"format-standard","6":"category-agriculture","7":"category-a-cote-de-chez-nous","8":"category-environnement","9":"category-loisirs","10":"category-cest-lautomne","11":"category-n-67-novembre-2011","12":"tag-vaissac","13":"tag-cueillette","14":"tag-champignons","15":"tag-cepe"},"jetpack_featured_media_url":"","views":{"total":0,"cached_at":"","cached_date":1738525729},"jetpack_likes_enabled":true,"jetpack_sharing_enabled":true,"jetpack_shortlink":"https:\/\/wp.me\/pg7Wxj-2EF","jetpack-related-posts":[],"_links":{"self":[{"href":"https:\/\/www.o-p-i.fr\/parlonsen\/wp-json\/wp\/v2\/posts\/10209","targetHints":{"allow":["GET"]}}],"collection":[{"href":"https:\/\/www.o-p-i.fr\/parlonsen\/wp-json\/wp\/v2\/posts"}],"about":[{"href":"https:\/\/www.o-p-i.fr\/parlonsen\/wp-json\/wp\/v2\/types\/post"}],"author":[{"embeddable":true,"href":"https:\/\/www.o-p-i.fr\/parlonsen\/wp-json\/wp\/v2\/users\/2"}],"replies":[{"embeddable":true,"href":"https:\/\/www.o-p-i.fr\/parlonsen\/wp-json\/wp\/v2\/comments?post=10209"}],"version-history":[{"count":1,"href":"https:\/\/www.o-p-i.fr\/parlonsen\/wp-json\/wp\/v2\/posts\/10209\/revisions"}],"predecessor-version":[{"id":66951,"href":"https:\/\/www.o-p-i.fr\/parlonsen\/wp-json\/wp\/v2\/posts\/10209\/revisions\/66951"}],"wp:attachment":[{"href":"https:\/\/www.o-p-i.fr\/parlonsen\/wp-json\/wp\/v2\/media?parent=10209"}],"wp:term":[{"taxonomy":"category","embeddable":true,"href":"https:\/\/www.o-p-i.fr\/parlonsen\/wp-json\/wp\/v2\/categories?post=10209"},{"taxonomy":"post_tag","embeddable":true,"href":"https:\/\/www.o-p-i.fr\/parlonsen\/wp-json\/wp\/v2\/tags?post=10209"}],"curies":[{"name":"wp","href":"https:\/\/api.w.org\/{rel}","templated":true}]}}