{"id":10227,"date":"2011-11-22T19:08:56","date_gmt":"2011-11-22T17:08:56","guid":{"rendered":"\/parlonsen\/?p=10227"},"modified":"2011-11-22T19:08:56","modified_gmt":"2011-11-22T17:08:56","slug":"marche-au-gras-a-monclar-de-quercy","status":"publish","type":"post","link":"https:\/\/www.o-p-i.fr\/parlonsen\/parlons-en\/agriculture\/marche-au-gras-a-monclar-de-quercy\/","title":{"rendered":"March\u00e9 au gras &#8230; \u00e0 Monclar de Quercy"},"content":{"rendered":"<p style=\"text-align: justify;\"><span style=\"color: #800000;\"><strong>Tous les dimanches matins <\/strong><\/span>\u00e0 partir de 9h,  <span style=\"color: #800000;\"><strong>de d\u00e9but d\u00e9cembre \u00e0 fin f\u00e9vrier<\/strong><\/span>, se tient\u00a0 le <span style=\"color: #800000;\"><strong>march\u00e9 au gras traditionnel<\/strong><\/span>, sous chapiteau, place des Capitouls (Mairie) \u00e0 Monclar de Quercy. <!--more--><\/p>\n<figure id=\"attachment_10228\" aria-describedby=\"caption-attachment-10228\" style=\"width: 300px\" class=\"wp-caption alignright\"><a href=\"https:\/\/i0.wp.com\/www.o-p-i.fr\/parlonsen\/wp-content\/uploads\/foie-gras_monclar.jpg?ssl=1\"><img data-recalc-dims=\"1\" loading=\"lazy\" decoding=\"async\" class=\"size-full wp-image-10228\" title=\"Foie Gras\" src=\"https:\/\/i0.wp.com\/www.o-p-i.fr\/parlonsen\/wp-content\/uploads\/foie-gras_monclar.jpg?resize=300%2C218&#038;ssl=1\" alt=\"Foie Gras\" width=\"300\" height=\"218\" \/><\/a><figcaption id=\"caption-attachment-10228\" class=\"wp-caption-text\">Foie Gras<\/figcaption><\/figure>\n<p style=\"text-align: justify;\"><span style=\"color: #800000;\"><strong>Tarif : <\/strong><\/span><br \/>\nEmplacement gratuit pour les producteurs.<\/p>\n<p style=\"text-align: justify;\"><span style=\"color: #800000;\"><strong>Contact :<\/strong> <\/span>Office de Tourisme de Monclar de Quercy<br \/>\nT\u00e9l. :  05 63 30 31 72<\/p>\n<p style=\"text-align: justify;\"><em>Communiqu\u00e9 et photo de Robert Linas <\/em><\/p>\n<p><a href=\"https:\/\/www.o-p-i.fr\/parlonsen\/agenda\/\"><strong>Retrouvez tous les \u00e9v\u00e8nements dans l&rsquo;agenda !<\/strong><\/a><\/p>\n","protected":false},"excerpt":{"rendered":"<div class=\"mh-excerpt\">Tous les dimanches matins \u00e0 partir de 9h, de d\u00e9but d\u00e9cembre \u00e0 fin f\u00e9vrier, se tient\u00a0 le march\u00e9 au gras traditionnel, sous chapiteau, place des Capitouls (Mairie) \u00e0 Monclar de Quercy.<\/div>\n","protected":false},"author":2,"featured_media":0,"comment_status":"open","ping_status":"open","sticky":false,"template":"","format":"standard","meta":{"om_disable_all_campaigns":false,"advanced_seo_description":"","jetpack_seo_html_title":"","jetpack_seo_noindex":false,"_jetpack_memberships_contains_paid_content":false,"footnotes":"","_links_to":"","_links_to_target":""},"categories":[3,4,16,6,1104],"tags":[138,175,368,511,1150],"class_list":{"0":"post-10227","1":"post","2":"type-post","3":"status-publish","4":"format-standard","6":"category-agriculture","7":"category-commerce","8":"category-monclar","9":"category-pratique","10":"category-n-67-novembre-2011","11":"tag-marche","12":"tag-terroir","13":"tag-produit-du-terroir","14":"tag-gastronomie","15":"tag-marche-au-gras"},"jetpack_featured_media_url":"","views":{"total":0,"cached_at":"","cached_date":1738524566},"jetpack_likes_enabled":true,"jetpack_sharing_enabled":true,"jetpack_shortlink":"https:\/\/wp.me\/pg7Wxj-2EX","jetpack-related-posts":[],"_links":{"self":[{"href":"https:\/\/www.o-p-i.fr\/parlonsen\/wp-json\/wp\/v2\/posts\/10227","targetHints":{"allow":["GET"]}}],"collection":[{"href":"https:\/\/www.o-p-i.fr\/parlonsen\/wp-json\/wp\/v2\/posts"}],"about":[{"href":"https:\/\/www.o-p-i.fr\/parlonsen\/wp-json\/wp\/v2\/types\/post"}],"author":[{"embeddable":true,"href":"https:\/\/www.o-p-i.fr\/parlonsen\/wp-json\/wp\/v2\/users\/2"}],"replies":[{"embeddable":true,"href":"https:\/\/www.o-p-i.fr\/parlonsen\/wp-json\/wp\/v2\/comments?post=10227"}],"version-history":[{"count":0,"href":"https:\/\/www.o-p-i.fr\/parlonsen\/wp-json\/wp\/v2\/posts\/10227\/revisions"}],"wp:attachment":[{"href":"https:\/\/www.o-p-i.fr\/parlonsen\/wp-json\/wp\/v2\/media?parent=10227"}],"wp:term":[{"taxonomy":"category","embeddable":true,"href":"https:\/\/www.o-p-i.fr\/parlonsen\/wp-json\/wp\/v2\/categories?post=10227"},{"taxonomy":"post_tag","embeddable":true,"href":"https:\/\/www.o-p-i.fr\/parlonsen\/wp-json\/wp\/v2\/tags?post=10227"}],"curies":[{"name":"wp","href":"https:\/\/api.w.org\/{rel}","templated":true}]}}