{"id":10268,"date":"2011-11-23T12:03:12","date_gmt":"2011-11-23T10:03:12","guid":{"rendered":"\/parlonsen\/?p=10268"},"modified":"2011-12-14T12:57:34","modified_gmt":"2011-12-14T10:57:34","slug":"marche-de-noel-telethon-a-genebrieres","status":"publish","type":"post","link":"https:\/\/www.o-p-i.fr\/parlonsen\/parlons-en\/culture\/marche-de-noel-telethon-a-genebrieres\/","title":{"rendered":"March\u00e9 de No\u00ebl-T\u00e9l\u00e9thon &#8230; \u00e0 G\u00e9n\u00e9bri\u00e8res"},"content":{"rendered":"<p style=\"text-align: justify;\">L&rsquo;association <span style=\"color: #003300;\"><strong>Les Coccinelles de G\u00e9n\u00e9bri\u00e8res <\/strong><\/span>organise le <span style=\"color: #003300;\"><strong>Dimanche 4 D\u00e9cembre 2011<\/strong><\/span> un March\u00e9 de No\u00ebl \u00e0 la Salle des F\u00eates de G\u00e9n\u00e9bri\u00e8res.<!--more--><\/p>\n<p style=\"text-align: justify;\">Quelques stands seront d\u00e9di\u00e9s au T\u00e9l\u00e9thon : confection des paquets cadeaux,\u00a0  promenades en cal\u00e8che, boissons chaudes et p\u00e2tisseries &#8230;<\/p>\n<p style=\"text-align: justify;\">A partir de 13H30 : d\u00e9part\u00a0 de la <span style=\"color: #003300;\"><strong>traditionnelle randonn\u00e9e p\u00e9destre du T\u00e9l\u00e9thon <\/strong><\/span>devant la Salle des F\u00eates.<\/p>\n<p style=\"text-align: justify;\"><span style=\"color: #003300;\"><strong>Contact :<\/strong><\/span><br \/>\nT\u00e9l. :\u00a0 05 63 30 30 65 ou 05 63 30 30 26 (HR)<\/p>\n<p style=\"text-align: justify;\"><em>Communiqu\u00e9 de Catherine  Darrigan <\/em><\/p>\n<p><a href=\"https:\/\/www.o-p-i.fr\/parlonsen\/agenda\/\"><strong>Retrouvez tous les \u00e9v\u00e8nements dans l&rsquo;agenda !<\/strong><\/a><\/p>\n","protected":false},"excerpt":{"rendered":"<div class=\"mh-excerpt\">L&rsquo;association Les Coccinelles de G\u00e9n\u00e9bri\u00e8res organise le Dimanche 4 D\u00e9cembre 2011 un March\u00e9 de No\u00ebl \u00e0 la Salle des F\u00eates de G\u00e9n\u00e9bri\u00e8res.<\/div>\n","protected":false},"author":2,"featured_media":0,"comment_status":"open","ping_status":"open","sticky":false,"template":"","format":"standard","meta":{"om_disable_all_campaigns":false,"advanced_seo_description":"","jetpack_seo_html_title":"","jetpack_seo_noindex":false,"_jetpack_memberships_contains_paid_content":false,"footnotes":"","_links_to":"","_links_to_target":""},"categories":[4,1,29,290,54,58,291,775,6,1104],"tags":[2564,138,166,757],"class_list":{"0":"post-10268","1":"post","2":"type-post","3":"status-publish","4":"format-standard","6":"category-commerce","7":"category-culture","8":"category-genebrieres","9":"category-entraide","10":"category-loisirs","11":"category-sante","12":"category-solidarite","13":"category-cest-noel","14":"category-pratique","15":"category-n-67-novembre-2011","16":"tag-telethon","17":"tag-marche","18":"tag-randonnee","19":"tag-marche-de-noel"},"jetpack_featured_media_url":"","views":{"total":0,"cached_at":"","cached_date":1738515666},"jetpack_likes_enabled":true,"jetpack_sharing_enabled":true,"jetpack_shortlink":"https:\/\/wp.me\/pg7Wxj-2FC","jetpack-related-posts":[],"_links":{"self":[{"href":"https:\/\/www.o-p-i.fr\/parlonsen\/wp-json\/wp\/v2\/posts\/10268","targetHints":{"allow":["GET"]}}],"collection":[{"href":"https:\/\/www.o-p-i.fr\/parlonsen\/wp-json\/wp\/v2\/posts"}],"about":[{"href":"https:\/\/www.o-p-i.fr\/parlonsen\/wp-json\/wp\/v2\/types\/post"}],"author":[{"embeddable":true,"href":"https:\/\/www.o-p-i.fr\/parlonsen\/wp-json\/wp\/v2\/users\/2"}],"replies":[{"embeddable":true,"href":"https:\/\/www.o-p-i.fr\/parlonsen\/wp-json\/wp\/v2\/comments?post=10268"}],"version-history":[{"count":0,"href":"https:\/\/www.o-p-i.fr\/parlonsen\/wp-json\/wp\/v2\/posts\/10268\/revisions"}],"wp:attachment":[{"href":"https:\/\/www.o-p-i.fr\/parlonsen\/wp-json\/wp\/v2\/media?parent=10268"}],"wp:term":[{"taxonomy":"category","embeddable":true,"href":"https:\/\/www.o-p-i.fr\/parlonsen\/wp-json\/wp\/v2\/categories?post=10268"},{"taxonomy":"post_tag","embeddable":true,"href":"https:\/\/www.o-p-i.fr\/parlonsen\/wp-json\/wp\/v2\/tags?post=10268"}],"curies":[{"name":"wp","href":"https:\/\/api.w.org\/{rel}","templated":true}]}}