{"id":10313,"date":"2011-11-29T00:41:05","date_gmt":"2011-11-28T22:41:05","guid":{"rendered":"\/parlonsen\/?p=10313"},"modified":"2011-11-29T00:41:05","modified_gmt":"2011-11-28T22:41:05","slug":"ouverture-dun-nouveau-magasin-pulsat-a-monclar-de-quercy","status":"publish","type":"post","link":"https:\/\/www.o-p-i.fr\/parlonsen\/parlons-en\/commerce\/ouverture-dun-nouveau-magasin-pulsat-a-monclar-de-quercy\/","title":{"rendered":"Ouverture d&rsquo;un nouveau Magasin PULSAT &#8230; \u00e0 Monclar de Quercy"},"content":{"rendered":"<p style=\"text-align: justify;\">Toute l&rsquo;\u00e9quipe des <a title=\"Cliquez pour ouvrir la fiche dans l'annuaire d'OPI\" href=\"https:\/\/www.o-p-i.fr\/aupays\/annuaire\/magasin-pulsat\/\">\u00c9tablissements MEDINA<\/a> install\u00e9s depuis 15 ans \u00e0 Castelnau de Montmiral, <span style=\"color: #800080;\"><strong>ouvre \u00e0 partir du 1er D\u00e9cembre 2011<\/strong><\/span> un Nouveau Magasin PULSAT \/ \u00c9lectricit\u00e9 G\u00e9n\u00e9rale qui se situe en plein centre de Monclar au 1 All\u00e9e du Docteur Bent. <!--more--><\/p>\n<p style=\"text-align: justify;\">Vous pouvez les contacter du Mardi au Samedi au 05 63 30 00 00. Cinq sp\u00e9cialistes dans la Tv, HI-FI et \u00c9lectrom\u00e9nager mais aussi en \u00c9lectricit\u00e9 G\u00e9n\u00e9rale, Climatisation, \u00c9nergies renouvelable et tr\u00e8s important en cette p\u00e9riode de froid et d&rsquo;\u00e9conomies d&rsquo;\u00e9nergie les po\u00eales \u00e0 bois et inserts. Un nouveau logiciel 3D permet aussi de r\u00e9aliser des projets pour la r\u00e9novation des meubles de cuisine avec les nouvelles lignes contemporaines. Pour d\u00e9corer celle-ci, tout un rayon Art de la Table est aussi visible \u00e0 la Boutique.<\/p>\n<p style=\"text-align: justify;\">Les prix de vente sont align\u00e9s \u00e0 ceux des grandes surfaces mais ils vous am\u00e8neront en plus des conseils avis\u00e9s et un service apr\u00e8s-vente de qualit\u00e9 ! Profitons de cette p\u00e9riode de fin d&rsquo;ann\u00e9e pour visiter le magnifique magasin Pulsat et trouver des id\u00e9es cadeaux originales !<\/p>\n<p style=\"text-align: justify;\"><span style=\"color: #800080;\"><strong>Contact :<\/strong><\/span> <a title=\"Cliquez pour ouvrir la fiche dans l'annuaire d'OPI\" href=\"https:\/\/www.o-p-i.fr\/aupays\/annuaire\/magasin-pulsat\/\">Ets M\u00e9dina Pulsat<\/a><\/p>\n<p style=\"text-align: justify;\"><em>Communiqu\u00e9 de St\u00e9phane M\u00e9dina.<\/em><\/p>\n","protected":false},"excerpt":{"rendered":"<div class=\"mh-excerpt\">Toute l&rsquo;\u00e9quipe des \u00c9tablissements MEDINA install\u00e9s depuis 15 ans \u00e0 Castelnau de Montmiral, ouvre \u00e0 partir du 1er D\u00e9cembre 2011 un Nouveau Magasin PULSAT \/ \u00c9lectricit\u00e9 G\u00e9n\u00e9rale qui se situe en plein centre de Monclar <a class=\"mh-excerpt-more\" href=\"https:\/\/www.o-p-i.fr\/parlonsen\/parlons-en\/commerce\/ouverture-dun-nouveau-magasin-pulsat-a-monclar-de-quercy\/\" title=\"Ouverture d&rsquo;un nouveau Magasin PULSAT &#8230; \u00e0 Monclar de Quercy\">[&#8230;]<\/a><\/div>\n","protected":false},"author":2,"featured_media":0,"comment_status":"open","ping_status":"open","sticky":false,"template":"","format":"standard","meta":{"om_disable_all_campaigns":false,"advanced_seo_description":"","jetpack_seo_html_title":"","jetpack_seo_noindex":false,"_jetpack_memberships_contains_paid_content":false,"footnotes":"","_links_to":"","_links_to_target":""},"categories":[4,16,775,6,1104],"tags":[2540,131,143],"class_list":{"0":"post-10313","1":"post","2":"type-post","3":"status-publish","4":"format-standard","6":"category-commerce","7":"category-monclar","8":"category-cest-noel","9":"category-pratique","10":"category-n-67-novembre-2011","11":"tag-commerce","12":"tag-noel","13":"tag-monclar-de-quercy"},"jetpack_featured_media_url":"","views":{"total":0,"cached_at":"","cached_date":1738433583},"jetpack_likes_enabled":true,"jetpack_sharing_enabled":true,"jetpack_shortlink":"https:\/\/wp.me\/pg7Wxj-2Gl","jetpack-related-posts":[],"_links":{"self":[{"href":"https:\/\/www.o-p-i.fr\/parlonsen\/wp-json\/wp\/v2\/posts\/10313","targetHints":{"allow":["GET"]}}],"collection":[{"href":"https:\/\/www.o-p-i.fr\/parlonsen\/wp-json\/wp\/v2\/posts"}],"about":[{"href":"https:\/\/www.o-p-i.fr\/parlonsen\/wp-json\/wp\/v2\/types\/post"}],"author":[{"embeddable":true,"href":"https:\/\/www.o-p-i.fr\/parlonsen\/wp-json\/wp\/v2\/users\/2"}],"replies":[{"embeddable":true,"href":"https:\/\/www.o-p-i.fr\/parlonsen\/wp-json\/wp\/v2\/comments?post=10313"}],"version-history":[{"count":0,"href":"https:\/\/www.o-p-i.fr\/parlonsen\/wp-json\/wp\/v2\/posts\/10313\/revisions"}],"wp:attachment":[{"href":"https:\/\/www.o-p-i.fr\/parlonsen\/wp-json\/wp\/v2\/media?parent=10313"}],"wp:term":[{"taxonomy":"category","embeddable":true,"href":"https:\/\/www.o-p-i.fr\/parlonsen\/wp-json\/wp\/v2\/categories?post=10313"},{"taxonomy":"post_tag","embeddable":true,"href":"https:\/\/www.o-p-i.fr\/parlonsen\/wp-json\/wp\/v2\/tags?post=10313"}],"curies":[{"name":"wp","href":"https:\/\/api.w.org\/{rel}","templated":true}]}}