{"id":10407,"date":"2011-11-30T23:02:24","date_gmt":"2011-11-30T21:02:24","guid":{"rendered":"\/parlonsen\/?p=10407"},"modified":"2012-03-22T15:53:46","modified_gmt":"2012-03-22T13:53:46","slug":"cine-monclar-en-decembre-2011","status":"publish","type":"post","link":"https:\/\/www.o-p-i.fr\/parlonsen\/parlons-en\/culture\/cine-monclar-en-decembre-2011\/","title":{"rendered":"Cin\u00e9 Monclar en D\u00e9cembre 2011"},"content":{"rendered":"<p style=\"text-align: justify;\">A vos agendas ! Voil\u00e0 le programme de <a title=\"Cliquez pour ouvrir la fiche dans l'annuaire d'OPI\" href=\"https:\/\/www.o-p-i.fr\/aupays\/annuaire\/loisirs\/cine-monclar\/\">Cin\u00e9 Monclar<\/a> pour le mois de D\u00e9cembre  2011 !<!--more--><\/p>\n<blockquote>\n<ul>\n<li>\n<figure id=\"attachment_10424\" aria-describedby=\"caption-attachment-10424\" style=\"width: 191px\" class=\"wp-caption alignright\"><img data-recalc-dims=\"1\" loading=\"lazy\" decoding=\"async\" class=\"size-full wp-image-10424\" title=\"Un heureux \u00e9v\u00e9nement\" src=\"https:\/\/i0.wp.com\/www.o-p-i.fr\/parlonsen\/wp-content\/uploads\/cinemonclar_heureuxevenement.jpg?resize=191%2C106&#038;ssl=1\" alt=\"Un heureux \u00e9v\u00e9nement\" width=\"191\" height=\"106\" \/><figcaption id=\"caption-attachment-10424\" class=\"wp-caption-text\">Un heureux \u00e9v\u00e9nement<\/figcaption><\/figure>\n<p><strong>Un heureux \u00e9v\u00e8nement<\/strong><\/li>\n<\/ul>\n<p style=\"text-align: justify;\"><strong> <span style=\"color: #ff6600;\">Mardi 6 \u00e0 21h<\/span><\/strong><\/p>\n<p style=\"text-align: justify;\">R\u00e9alis\u00e9 par R\u00e9mi Bezan\u00e7on<br \/>\nAvec Louise Bourgoin, Pio Marmai, Josiane Balasko<br \/>\nGenre Com\u00e9die dramatique<br \/>\nDur\u00e9e : 1h50<\/p>\n<p style=\"text-align: justify;\">\u00ab\u00a0Elle m\u2019a pouss\u00e9e dans mes retranchements, m\u2019a fait d\u00e9passer toutes mes limites, m\u2019a confront\u00e9e \u00e0 l\u2019absolu : de l\u2019amour, du sacrifice, de la tendresse, de l\u2019abandon. Elle m\u2019a disloqu\u00e9e, transform\u00e9e. Pourquoi personne ne m\u2019a rien dit ? Pourquoi on n\u2019en parle pas ?\u00a0\u00bb<br \/>\nUn heureux \u00e9v\u00e9nement ou la vision intime d\u2019une maternit\u00e9, sinc\u00e8re et sans tabous.<\/p>\n<p style=\"text-align: justify;\">A propos de son r\u00f4le, Louise Bourgoin confie : \u00ab\u00a0Je n\u2019ai jamais \u00e9t\u00e9 enceinte et effectivement j\u2019ai eu \u00e0 la fois tr\u00e8s envie de le jouer et tr\u00e8s peur aussi. La peur ne m\u2019a pas l\u00e2ch\u00e9e durant tout le tournage. Je doutais tellement \u00e0 cause de mon inexp\u00e9rience en la mati\u00e8re que quand je croisais une femme enceinte, je la harcelais de questions.\u00a0\u00bb<\/p>\n<p style=\"text-align: justify;\"><em>Le Parisien : Le long-m\u00e9trage sonne certes comme une com\u00e9die, mais de celles o\u00f9 l&rsquo;on rit jaune, tout en parvenant \u00e0 \u00e9mouvoir avec cette histoire universelle.<\/em><\/p>\n<ul>\n<li>\n<figure id=\"attachment_10425\" aria-describedby=\"caption-attachment-10425\" style=\"width: 191px\" class=\"wp-caption alignright\"><img data-recalc-dims=\"1\" loading=\"lazy\" decoding=\"async\" class=\"size-full wp-image-10425\" title=\"Un monstre \u00e0 Paris\" src=\"https:\/\/i0.wp.com\/www.o-p-i.fr\/parlonsen\/wp-content\/uploads\/cinemonclar_monstreaparis.jpg?resize=191%2C106&#038;ssl=1\" alt=\"Un monstre \u00e0 Paris\" width=\"191\" height=\"106\" \/><figcaption id=\"caption-attachment-10425\" class=\"wp-caption-text\">Un monstre \u00e0 Paris<\/figcaption><\/figure>\n<p><strong>Un monstre \u00e0 Paris<\/strong><\/li>\n<\/ul>\n<p style=\"text-align: justify;\"><strong> <span style=\"color: #ff6600;\">Dimanche 11 \u00e0 16h<\/span><\/strong><\/p>\n<p style=\"text-align: justify;\">Avec Vanessa Paradis, Mathieu Ch\u00e9did, Gad Elmaleh<br \/>\nGenre Animation<br \/>\nDur\u00e9e : 1h22<\/p>\n<p style=\"text-align: justify;\">Dans le Paris inond\u00e9 de 1910, un monstre s\u00e8me la panique. Traqu\u00e9 sans rel\u00e2che par le redoutable pr\u00e9fet Maynott, il demeure introuvable&#8230; Et si la meilleure cachette \u00e9tait sous les feux de \u00ab\u00a0L&rsquo;Oiseau Rare\u00a0\u00bb, un cabaret o\u00f9 chante Lucille, la star de Montmartre au caract\u00e8re bien tremp\u00e9 ?<\/p>\n<p style=\"text-align: justify;\">De m\u00eame que Lucille, Vanessa Paradis a d\u00e9j\u00e0 chant\u00e9 dans des cabarets, d&rsquo;o\u00f9 sa familiarit\u00e9 avec le personnage. Pour elle, le cabaret est le meilleur endroit pour un artiste \u00e0 cause de sa taille, sa chaleur humaine, toute la vie dans les coulisses et l&rsquo;histoire conserv\u00e9e par le lieu, ce qui n&rsquo;arrive pas, selon la chanteuse, dans les nouveaux \u00ab\u00a0endroits m\u00e9talliques\u00a0\u00bb.<\/p>\n<p style=\"text-align: justify;\"><em>T\u00e9l\u00e9Cin\u00e9Obs : Un hommage f\u00e9erique \u00e0 Feuillade et M\u00e9li\u00e8s, d\u00e9bordant de trouvailles visuelles, d&rsquo;humour et de po\u00e9sie.<\/em><\/p>\n<ul>\n<li>\n<figure id=\"attachment_10426\" aria-describedby=\"caption-attachment-10426\" style=\"width: 191px\" class=\"wp-caption alignright\"><img data-recalc-dims=\"1\" loading=\"lazy\" decoding=\"async\" class=\"size-full wp-image-10426\" title=\"Restless\" src=\"https:\/\/i0.wp.com\/www.o-p-i.fr\/parlonsen\/wp-content\/uploads\/cinemonclar_restless.jpg?resize=191%2C106&#038;ssl=1\" alt=\"Restless\" width=\"191\" height=\"106\" \/><figcaption id=\"caption-attachment-10426\" class=\"wp-caption-text\">Restless<\/figcaption><\/figure>\n<p><strong>Restless<\/strong><\/li>\n<\/ul>\n<p style=\"text-align: justify;\"><strong> <span style=\"color: #ff6600;\">Mardi 13 \u00e0 21h<\/span><\/strong><\/p>\n<p style=\"text-align: justify;\">R\u00e9alis\u00e9 par Gus Van Sant<br \/>\nAvec Henry Hopper, Mia Wasikowska , Ryo Kase<br \/>\nDur\u00e9e : 1h35<\/p>\n<p style=\"text-align: justify;\">Bien qu\u2019en phase terminale d\u2019un cancer, la jeune et jolie Annabel Cotton est anim\u00e9e d\u2019un amour profond de la vie et de la nature. De son c\u00f4t\u00e9, Enoch Brae a cess\u00e9 d\u2019avoir envie de faire partie du monde depuis que ses parents sont tragiquement morts dans un accident. Lorsque ces deux \u00eatres \u00e0 part se rencontrent \u00e0 un enterrement, ils se d\u00e9couvrent d\u2019\u00e9tonnants points communs.<\/p>\n<p style=\"text-align: justify;\">Gus Van Sant et le sc\u00e9nariste Jason Lew ont pris appui sur des films en passe de devenir des classiques du cin\u00e9ma, comme Harold et Maude, r\u00e9alis\u00e9 par le l\u00e9gendaire Hal Ashby, ou Garden State de Zach Braff. Des oeuvres qui mettent en sc\u00e8ne des histoires d&rsquo;amour impossibles et des personnages en proie \u00e0 des doutes existentiels.<\/p>\n<p style=\"text-align: justify;\"><em>Elle : Il faut \u00eatre Gus Van Sant pour filmer les \u00e9bauches d&rsquo;un baiser sans aucune niaiserie. Et rendre visible la naissance d&rsquo;un amour condamn\u00e9 \u00e0 la fulgurance.<\/em><\/p>\n<ul>\n<li>\n<figure id=\"attachment_10430\" aria-describedby=\"caption-attachment-10430\" style=\"width: 191px\" class=\"wp-caption alignright\"><img data-recalc-dims=\"1\" loading=\"lazy\" decoding=\"async\" class=\"size-full wp-image-10430\" title=\"Twillight 4\" src=\"https:\/\/i0.wp.com\/www.o-p-i.fr\/parlonsen\/wp-content\/uploads\/cinemonclar_twillight.jpg?resize=191%2C106&#038;ssl=1\" alt=\"Twillight 4\" width=\"191\" height=\"106\" \/><figcaption id=\"caption-attachment-10430\" class=\"wp-caption-text\">Twillight 4<\/figcaption><\/figure>\n<p><strong>Twilight (4)<\/strong><\/li>\n<\/ul>\n<p style=\"text-align: justify;\"><strong> <span style=\"color: #ff6600;\">Dimanche 18 \u00e0 16h<\/span><\/strong><\/p>\n<p style=\"text-align: justify;\">R\u00e9alis\u00e9 par Bill Condon<br \/>\nAvec Robert Pattinson, Kristen Stewart, Taylor Lautner<br \/>\nGenre Fantastique, Romance<br \/>\nDur\u00e9e : 1h57<\/p>\n<p style=\"text-align: justify;\">Bella a fait son choix : elle s\u2019appr\u00eate \u00e0 \u00e9pouser Edward. Mais le jeune homme honorera-t-il sa part du march\u00e9 ? Acceptera-t-il de la transformer en vampire et de la voir renoncer \u00e0 sa vie humaine ?<\/p>\n<p style=\"text-align: justify;\">Le nouveau-n\u00e9 incarnant le b\u00e9b\u00e9 de Bella (Kristen Stewart) n&rsquo;avait que 3 semaines lors du tournage. Un tout petit figurant qui a donn\u00e9 du fil \u00e0 retordre \u00e0 la production puisqu&rsquo;il a pass\u00e9 le plus clair de son temps \u00e0 hurler et g\u00e9mir lorsque les maquilleurs essayaient de lui fixer une perruque sur la t\u00eate pour les besoins de certaines sc\u00e8nes&#8230;<\/p>\n<p style=\"text-align: justify;\"><em>Les Inrockuptibles : Bill Condon (&#8230;) retrouve la fi\u00e8vre romantique des premiers \u00e9pisodes, accroch\u00e9e aux pulsations sentimentales de ces deux amants v\u00e9n\u00e9neux. Il r\u00e9ussit surtout la sc\u00e8ne de sexe tant attendue (&#8230;), dont il fait une lib\u00e9ration en m\u00eame temps qu&rsquo;une trag\u00e9die.<\/em><\/p>\n<ul>\n<li>\n<figure id=\"attachment_10429\" aria-describedby=\"caption-attachment-10429\" style=\"width: 191px\" class=\"wp-caption alignright\"><img data-recalc-dims=\"1\" loading=\"lazy\" decoding=\"async\" class=\"size-full wp-image-10429\" title=\"Tintin\" src=\"https:\/\/i0.wp.com\/www.o-p-i.fr\/parlonsen\/wp-content\/uploads\/cinemonclar_tintin1.jpg?resize=191%2C106&#038;ssl=1\" alt=\"Tintin\" width=\"191\" height=\"106\" \/><figcaption id=\"caption-attachment-10429\" class=\"wp-caption-text\">Tintin<\/figcaption><\/figure>\n<p><strong>Tintin <\/strong><em>Titre original : The Adventures of Tintin: Secret of the Unicorn<\/em><\/li>\n<\/ul>\n<p style=\"text-align: justify;\"><strong> <span style=\"color: #ff6600;\">Mardi 20 \u00e0 16h<\/span><\/strong><\/p>\n<p style=\"text-align: justify;\">R\u00e9alis\u00e9 par Steven Spielberg<br \/>\nAvec Jamie Bell, Andy Serkis, Daniel Craig<br \/>\nFilm pour enfants \u00e0 partir de 6 ans<br \/>\nGenre Aventure, Animation<br \/>\nDur\u00e9e : 01h47min<\/p>\n<p style=\"text-align: justify;\">Parce qu\u2019il ach\u00e8te la maquette d\u2019un bateau appel\u00e9 la Licorne, Tintin, un jeune reporter, se retrouve entra\u00een\u00e9 dans une fantastique aventure \u00e0 la recherche d\u2019un fabuleux secret. En enqu\u00eatant sur une \u00e9nigme vieille de plusieurs si\u00e8cles, il contrarie les plans d\u2019Ivan Ivanovitch Sakharine, un homme diabolique convaincu que Tintin a vol\u00e9 un tr\u00e9sor en rapport avec un pirate nomm\u00e9 Rackham le Rouge. Avec l\u2019aide de Milou, son fid\u00e8le petit chien blanc, du capitaine Haddock,un vieux loup de mer au mauvais caract\u00e8re, et de deux policiers maladroits, Dupond et Dupont, Tintin va parcourir la moiti\u00e9 de la plan\u00e8te, et essayer de se montrer plus malin et plus rapide que ses ennemis, tous lanc\u00e9s dans cette course au tr\u00e9sor \u00e0 la recherche d\u2019une \u00e9pave engloutie qui semble receler la cl\u00e9 d\u2019une immense fortune\u2026 et une redoutable mal\u00e9diction<\/p>\n<p style=\"text-align: justify;\">Le film de Steven Spielberg est r\u00e9alis\u00e9 en \u00ab\u00a0Performance Capture\u00a0\u00bb, une m\u00e9thode r\u00e9volutionnaire en mati\u00e8re d&rsquo;animation. Avec cet outil, plus besoin de d\u00e9cors ext\u00e9rieurs ! Tout le tournage s&rsquo;effectue en studio, les acteurs int\u00e9grant des combinaisons recouvertes de capteurs num\u00e9riques permettant aux logiciels informatiques de les reproduire \u00e0 l&rsquo;identique en images de synth\u00e8ses.<\/p>\n<p style=\"text-align: justify;\"><em>Marianne : Une r\u00e9ussite tr\u00e9pidante qui enchantera tous les spectateurs de 7 \u00e0 77 ans<\/em><\/p>\n<ul>\n<li>\n<figure id=\"attachment_10427\" aria-describedby=\"caption-attachment-10427\" style=\"width: 191px\" class=\"wp-caption alignright\"><img data-recalc-dims=\"1\" loading=\"lazy\" decoding=\"async\" class=\"size-full wp-image-10427\" title=\"Intouchables\" src=\"https:\/\/i0.wp.com\/www.o-p-i.fr\/parlonsen\/wp-content\/uploads\/cinemonclar_intouchables.jpg?resize=191%2C106&#038;ssl=1\" alt=\"Intouchables\" width=\"191\" height=\"106\" \/><figcaption id=\"caption-attachment-10427\" class=\"wp-caption-text\">Intouchables<\/figcaption><\/figure>\n<p><strong>Intouchables<\/strong><\/li>\n<\/ul>\n<p style=\"text-align: justify;\"><strong> <span style=\"color: #ff6600;\">Mardi 20 <span style=\"text-decoration: underline;\">\u00e0 14h et 21h<\/span><\/span><\/strong><\/p>\n<p style=\"text-align: justify;\">R\u00e9alis\u00e9 par Eric Toledano, Olivier Nakache<br \/>\nAvec Fran\u00e7ois Cluzet, Omar Sy, Anne Le Ny<br \/>\nDur\u00e9e : 1h52<\/p>\n<p style=\"text-align: justify;\">A la suite d\u2019un accident de parapente, Philippe, riche aristocrate, engage comme aide \u00e0 domicile Driss, un jeune de banlieue tout juste sorti de prison. Ensemble ils vont faire cohabiter Vivaldi et Earth Wind and Fire, le verbe et la vanne, les costumes et les bas de surv\u00eatement\u2026 Deux univers vont se t\u00e9lescoper, s\u2019apprivoiser, pour donner naissance \u00e0 une amiti\u00e9 aussi dingue, dr\u00f4le et forte qu\u2019inattendue, une relation unique qui fera des \u00e9tincelles et qui les rendra\u2026 Intouchables.<\/p>\n<p style=\"text-align: justify;\">Avant de se lancer dans l&rsquo;aventure, Eric Toledano et Olivier Nakache ont rencontr\u00e9 Philippe Pozzo di Borgo \u00e0 Essaouira au Maroc, o\u00f9 il vit et o\u00f9 il s\u2019est remari\u00e9. Une rencontre d\u00e9cisive pour les r\u00e9alisateurs, qui ont vu leur envie de faire ce film se d\u00e9cupler tant le discours tenu par leur h\u00f4te \u00e9tait \u00e9mouvant et sinc\u00e8re. Philippe a pu leur donner une multitude d&rsquo;indications et de conseils sur chacune des sc\u00e8nes du film.<\/p>\n<p style=\"text-align: justify;\"><em>Le Canard encha\u00een\u00e9 : Tout est fou rire et rigolades communicatives, le duo Cluzet-Sy fonctionne \u00e0 merveille (\u2026) Philippe et Driss, chacun possant l\u2019autre \u00e0 sa fa\u00e7on, voil\u00e0 une belle utopie ! Ils sont intouchables, nous sommes touch\u00e9s.<\/em><\/p>\n<ul>\n<li>\n<figure id=\"attachment_10428\" aria-describedby=\"caption-attachment-10428\" style=\"width: 191px\" class=\"wp-caption alignright\"><img data-recalc-dims=\"1\" loading=\"lazy\" decoding=\"async\" class=\"size-full wp-image-10428\" title=\"Le Chat Pott\u00e9\" src=\"https:\/\/i0.wp.com\/www.o-p-i.fr\/parlonsen\/wp-content\/uploads\/cinemonclar_chatpotte.jpg?resize=191%2C106&#038;ssl=1\" alt=\"Le Chat Pott\u00e9\" width=\"191\" height=\"106\" \/><figcaption id=\"caption-attachment-10428\" class=\"wp-caption-text\">Le Chat Pott\u00e9<\/figcaption><\/figure>\n<p><strong>Le Chat Pott\u00e9<\/strong><\/li>\n<\/ul>\n<p style=\"text-align: justify;\"><strong> <span style=\"color: #ff6600;\">Mardi 27 \u00e0 16h<\/span><\/strong><\/p>\n<p style=\"text-align: justify;\">R\u00e9alis\u00e9 par Chris Miller<br \/>\nGenre Animation, Aventure<br \/>\nDur\u00e9e : 1h30<\/p>\n<p style=\"text-align: justify;\">C\u2019\u00e9tait bien avant que notre mythique Chat Pott\u00e9 ne croise la route de Shrek\u2026 Le l\u00e9gendaire f\u00e9lin, et non moins redoutable amant, s\u2019\u00e9tait alors embarqu\u00e9 dans un p\u00e9riple riche en rebondissements, avec la ravissante et rus\u00e9e Kitty Pattes de Velours et Humpty Alexandre Dumpty, v\u00e9ritable \u00ab\u00a0cerveau\u00a0\u00bb de l\u2019op\u00e9ration. Leur objectif : s\u2019emparer de la fameuse Oie aux \u0152ufs d\u2019Or pour sauver la ville o\u00f9 le Chat Pott\u00e9 a grandi. Voici l\u2019histoire v\u00e9ridique du Chat, du Mythe, de la L\u00e9gende et\u2026 des Bottes !<\/p>\n<p style=\"text-align: justify;\"><em>Cinoche.com : Depuis que Dreams Works a introduit ce personnage \u00e0 l&rsquo;\u00e9cran en 2004, le public attend avec impatience un film qui mettrait en vedette le chat s\u00e9ducteur aux yeux globuleux issu de l&rsquo;univers de Shrek. Ce moment est maintenant venu. Et les sept ann\u00e9es d&rsquo;attente en valaient la chandelle puisque ce film d&rsquo;animation est \u00e0 la hauteur des productions familiales de l&rsquo;ogre vert qui ont su charmer tant de fid\u00e8les dont le premier volet a paru il y a dix ans (\u2026) Certaines s\u00e9quences sont si amusantes dans le Chat Pott\u00e9 qu&rsquo;on en vient presque aux larmes.<\/em><\/p>\n<ul>\n<li>\n<figure id=\"attachment_10431\" aria-describedby=\"caption-attachment-10431\" style=\"width: 191px\" class=\"wp-caption alignright\"><img data-recalc-dims=\"1\" loading=\"lazy\" decoding=\"async\" class=\"size-full wp-image-10431\" title=\"La source des femmes\" src=\"https:\/\/i0.wp.com\/www.o-p-i.fr\/parlonsen\/wp-content\/uploads\/cinemonclar_sourcedesfemmes.jpg?resize=191%2C106&#038;ssl=1\" alt=\"La source des femmes\" width=\"191\" height=\"106\" \/><figcaption id=\"caption-attachment-10431\" class=\"wp-caption-text\">La source des femmes<\/figcaption><\/figure>\n<p><strong>La source des femmes &#8211; VO<\/strong><\/li>\n<\/ul>\n<p style=\"text-align: justify;\"><strong> <span style=\"color: #ff6600;\">Mardi 27 \u00e0 21h<\/span><\/strong><\/p>\n<p style=\"text-align: justify;\">R\u00e9alis\u00e9 par Radu Mihaileanu<br \/>\nAvec Le\u00efla Bekhti, Hafsia Herzi, Biyouna<br \/>\nGenre Com\u00e9die dramatique<br \/>\nDur\u00e9e : 2h04<\/p>\n<p style=\"text-align: justify;\">Cela se passe de nos jours dans un petit village, quelque part entre l&rsquo;Afrique du Nord et le Moyen-Orient. Les femmes vont chercher l&rsquo;eau \u00e0 la source, en haut de la montagne, sous un soleil de plomb, et ce depuis la nuit des temps. Leila, jeune mari\u00e9e, propose aux femmes de faire la gr\u00e8ve de l&rsquo;amour : plus de c\u00e2lins, plus de sexe tant que les hommes n\u2019apportent pas l\u2019eau au village.<\/p>\n<p style=\"text-align: justify;\">Radu Mihaileanu revient sur la gen\u00e8se du film : \u00ab\u00a0Tout a commenc\u00e9 avec un fait divers qui s&rsquo;est d\u00e9roul\u00e9 en Turquie en 2001. Suite \u00e0 une s\u00e9rie d&rsquo;accidents, les femmes d&rsquo;un village ont d\u00e9cid\u00e9 de rompre la fatalit\u00e9 et d&rsquo;entamer une gr\u00e8ve de l&rsquo;amour tant que les hommes ne raccordaient pas l&rsquo;eau au village. Au d\u00e9part, les hommes n&rsquo;ont pas pris les femmes au s\u00e9rieux, puis c\u2019est devenu violent. Les femmes ont tenu bon. L&rsquo;affaire a fini par \u00eatre r\u00e9gl\u00e9e par le gouvernement. De mani\u00e8re plus m\u00e9taphorique, je me suis aussi replong\u00e9 dans \u00ab\u00a0Lysistrata\u00a0\u00bb d&rsquo;Aristophane, o\u00f9 une femme d\u00e9clenche la gr\u00e8ve de l&rsquo;amour pour mettre fin \u00e0 la guerre, face \u00e0 l&rsquo;indiff\u00e9rence des hommes\u00a0\u00bb, explique le metteur en sc\u00e8ne.<\/p>\n<p style=\"text-align: justify;\"><em>Premi\u00e8re : En d\u00e9finitive, \u00ab\u00a0La source des femmes\u00a0\u00bb illustre l&rsquo;esprit du printemps arabe (m\u00eame s&rsquo;il lui est ant\u00e9rieur), qui a vu une jeunesse unie contester pacifiquement un pouvoir inique. Mihaileanu n&rsquo;ignore pas le principe de r\u00e9alit\u00e9 et, ce faisant, rejoint encore l&rsquo;actualit\u00e9<\/em><\/p>\n<\/blockquote>\n<p style=\"text-align: justify;\">\n<p style=\"text-align: justify;\"><em>Communiqu\u00e9 des <a title=\"Cliquez pour ouvrir la fiche dans l'annuaire d'OPI\" href=\"https:\/\/www.o-p-i.fr\/aupays\/annuaire\/loisirs\/cine-monclar\/\">Amis du Cin\u00e9ma<\/a><\/em><\/p>\n<p><a href=\"https:\/\/www.o-p-i.fr\/parlonsen\/agenda\/\"><strong>Retrouvez tous les \u00e9v\u00e8nements dans l&rsquo;agenda !<\/strong><\/a><\/p>\n","protected":false},"excerpt":{"rendered":"<div class=\"mh-excerpt\">A vos agendas ! Voil\u00e0 le programme de Cin\u00e9 Monclar pour le mois de D\u00e9cembre 2011 !<\/div>\n","protected":false},"author":2,"featured_media":0,"comment_status":"open","ping_status":"open","sticky":false,"template":"","format":"standard","meta":{"om_disable_all_campaigns":false,"advanced_seo_description":"","jetpack_seo_html_title":"","jetpack_seo_noindex":false,"_jetpack_memberships_contains_paid_content":false,"footnotes":"","_links_to":"","_links_to_target":""},"categories":[1,16,54,6,1104],"tags":[82,92,143,323,1264],"class_list":{"0":"post-10407","1":"post","2":"type-post","3":"status-publish","4":"format-standard","6":"category-culture","7":"category-monclar","8":"category-loisirs","9":"category-pratique","10":"category-n-67-novembre-2011","11":"tag-aines","12":"tag-cine","13":"tag-monclar-de-quercy","14":"tag-enfant","15":"tag-programme"},"jetpack_featured_media_url":"","views":{"total":0,"cached_at":"","cached_date":1738510167},"jetpack_likes_enabled":true,"jetpack_sharing_enabled":true,"jetpack_shortlink":"https:\/\/wp.me\/pg7Wxj-2HR","jetpack-related-posts":[],"_links":{"self":[{"href":"https:\/\/www.o-p-i.fr\/parlonsen\/wp-json\/wp\/v2\/posts\/10407","targetHints":{"allow":["GET"]}}],"collection":[{"href":"https:\/\/www.o-p-i.fr\/parlonsen\/wp-json\/wp\/v2\/posts"}],"about":[{"href":"https:\/\/www.o-p-i.fr\/parlonsen\/wp-json\/wp\/v2\/types\/post"}],"author":[{"embeddable":true,"href":"https:\/\/www.o-p-i.fr\/parlonsen\/wp-json\/wp\/v2\/users\/2"}],"replies":[{"embeddable":true,"href":"https:\/\/www.o-p-i.fr\/parlonsen\/wp-json\/wp\/v2\/comments?post=10407"}],"version-history":[{"count":0,"href":"https:\/\/www.o-p-i.fr\/parlonsen\/wp-json\/wp\/v2\/posts\/10407\/revisions"}],"wp:attachment":[{"href":"https:\/\/www.o-p-i.fr\/parlonsen\/wp-json\/wp\/v2\/media?parent=10407"}],"wp:term":[{"taxonomy":"category","embeddable":true,"href":"https:\/\/www.o-p-i.fr\/parlonsen\/wp-json\/wp\/v2\/categories?post=10407"},{"taxonomy":"post_tag","embeddable":true,"href":"https:\/\/www.o-p-i.fr\/parlonsen\/wp-json\/wp\/v2\/tags?post=10407"}],"curies":[{"name":"wp","href":"https:\/\/api.w.org\/{rel}","templated":true}]}}