{"id":1042,"date":"2009-11-05T11:13:49","date_gmt":"2009-11-05T09:13:49","guid":{"rendered":"\/parlonsen\/?p=1042"},"modified":"2009-11-05T11:29:28","modified_gmt":"2009-11-05T09:29:28","slug":"operation-%c2%ab-nettoyons-la-nature-%c2%bb","status":"publish","type":"post","link":"https:\/\/www.o-p-i.fr\/parlonsen\/localisation\/au-pays-des-tescous\/verlhac-tescou\/operation-%c2%ab-nettoyons-la-nature-%c2%bb\/","title":{"rendered":"Op\u00e9ration \u00ab Nettoyons la nature \u00bb"},"content":{"rendered":"<p style=\"text-align: justify;\">L\u2019association des coteaux a modifi\u00e9 son nom et ses statuts,  elle s\u2019appellera donc\u00a0: <strong>Association de la vall\u00e9e du Tescou et des coteaux.<\/strong><!--more--><br \/>\nLe bureau s\u2019est \u00e9largi\u00a0: M SERRIER Pascal, Pr\u00e9sident, M TISSERAND Philippe, vice pr\u00e9sident,  M FERRE Fabrice, Tr\u00e9sorier, Mme BESOMBES Nathalie, Tr\u00e9sori\u00e8re adjointe, Mme DESNOUES Marjorie, 1\u00e8re secr\u00e9taire, M MAURY Adelin, 2\u00e8me secr\u00e9taire, M SOULIE Roland, 3\u00e8me secr\u00e9taire, M MOREIRA Olivier, 4\u00e8me secr\u00e9taire. Elle compte environ 300 membres.<\/p>\n<p>Elle organise le <strong>dimanche 8 novembre<\/strong> l\u2019op\u00e9ration \u00ab\u00a0<strong>Nettoyons la nature<\/strong> \u00bb en partenariat avec les centres  E. Leclerc.<br \/>\nLes sites\u00a0 choisis pour cette op\u00e9ration sont la route des sapinettes, le village de Verlhac Tescou ainsi que la route de Poutous.<\/p>\n<p><a href=\"http:\/\/www.mouvement-leclerc.com\/content\/xml\/mouvement_fr_developpement_durable_nettoyons_la_nature.xml\" target=\"_blank\"><img data-recalc-dims=\"1\" loading=\"lazy\" decoding=\"async\" class=\"alignleft size-full wp-image-1043\" title=\"Voir sur le site de E. Leclerc\" src=\"https:\/\/i0.wp.com\/www.o-p-i.fr\/parlonsen\/wp-content\/uploads\/nature.jpg?resize=224%2C94&#038;ssl=1\" alt=\"nature\" width=\"224\" height=\"94\" \/><\/a>Rendez-vous au <strong>parking routier de la D 999<\/strong>, en face des Vergers de Varennes \u00e0 <strong>9h<\/strong>.<br \/>\nA votre arriv\u00e9e, un caf\u00e9 avec croissant  vous sera servi, la tenue est fournie (gants, T-shirt) pour les adultes et les enfants.<\/p>\n<p>Pour l\u2019organisation, <strong>merci de vous inscrire<\/strong> en t\u00e9l\u00e9phonant \u00e0 :<br \/>\nM. SERRIER Pascal au 06 33 59 35 70,<br \/>\nou en vous rendant \u00e0 la boutique Chocolat De Neuville dans la galerie marchande du Leclerc Sapiac.<\/p>\n","protected":false},"excerpt":{"rendered":"<div class=\"mh-excerpt\">L\u2019association des coteaux a modifi\u00e9 son nom et ses statuts, elle s\u2019appellera donc\u00a0: Association de la vall\u00e9e du Tescou et des coteaux.<\/div>\n","protected":false},"author":8,"featured_media":0,"comment_status":"open","ping_status":"open","sticky":false,"template":"","format":"standard","meta":{"om_disable_all_campaigns":false,"advanced_seo_description":"","jetpack_seo_html_title":"","jetpack_seo_noindex":false,"_jetpack_memberships_contains_paid_content":false,"footnotes":"","_links_to":"","_links_to_target":""},"categories":[55,27,141],"tags":[105,149,2550,150],"class_list":{"0":"post-1042","1":"post","2":"type-post","3":"status-publish","4":"format-standard","6":"category-environnement","7":"category-verlhac-tescou","8":"category-n-43","9":"tag-nature","10":"tag-nettoyons-la-nature","11":"tag-verlhac-tescou","12":"tag-association-de-la-vallee-du-tescou-et-des-coteaux"},"jetpack_featured_media_url":"","views":{"total":0,"cached_at":"","cached_date":1738515273},"jetpack_likes_enabled":true,"jetpack_sharing_enabled":true,"jetpack_shortlink":"https:\/\/wp.me\/pg7Wxj-gO","jetpack-related-posts":[],"_links":{"self":[{"href":"https:\/\/www.o-p-i.fr\/parlonsen\/wp-json\/wp\/v2\/posts\/1042","targetHints":{"allow":["GET"]}}],"collection":[{"href":"https:\/\/www.o-p-i.fr\/parlonsen\/wp-json\/wp\/v2\/posts"}],"about":[{"href":"https:\/\/www.o-p-i.fr\/parlonsen\/wp-json\/wp\/v2\/types\/post"}],"author":[{"embeddable":true,"href":"https:\/\/www.o-p-i.fr\/parlonsen\/wp-json\/wp\/v2\/users\/8"}],"replies":[{"embeddable":true,"href":"https:\/\/www.o-p-i.fr\/parlonsen\/wp-json\/wp\/v2\/comments?post=1042"}],"version-history":[{"count":0,"href":"https:\/\/www.o-p-i.fr\/parlonsen\/wp-json\/wp\/v2\/posts\/1042\/revisions"}],"wp:attachment":[{"href":"https:\/\/www.o-p-i.fr\/parlonsen\/wp-json\/wp\/v2\/media?parent=1042"}],"wp:term":[{"taxonomy":"category","embeddable":true,"href":"https:\/\/www.o-p-i.fr\/parlonsen\/wp-json\/wp\/v2\/categories?post=1042"},{"taxonomy":"post_tag","embeddable":true,"href":"https:\/\/www.o-p-i.fr\/parlonsen\/wp-json\/wp\/v2\/tags?post=1042"}],"curies":[{"name":"wp","href":"https:\/\/api.w.org\/{rel}","templated":true}]}}