{"id":10434,"date":"2011-12-01T13:25:59","date_gmt":"2011-12-01T11:25:59","guid":{"rendered":"\/parlonsen\/?p=10434"},"modified":"2011-12-14T12:57:34","modified_gmt":"2011-12-14T10:57:34","slug":"spectacle-de-cirque-clownerie-et-musique-a-le-born","status":"publish","type":"post","link":"https:\/\/www.o-p-i.fr\/parlonsen\/parlons-en\/culture\/spectacle-de-cirque-clownerie-et-musique-a-le-born\/","title":{"rendered":"Spectacle de Cirque, Clownerie et Musique  &#8230; \u00e0 Le Born"},"content":{"rendered":"<p style=\"text-align: justify;\">L&rsquo;association \u00ab\u00a0<a title=\"Cliquez pour ouvrir la fiche dans l'annuaire d'OPI\" href=\"https:\/\/www.o-p-i.fr\/aupays\/vie-des-communes\/vie-a-le-born\/les-copains-du-born\/\">Les Copains du Born<\/a>\u00a0\u00bb organise leur spectacle de No\u00ebl  annuel le <span style=\"color: #800000;\"><strong>Dimanche 11 D\u00e9cembre 2011<\/strong><\/span>. C&rsquo;est un spectacle qui s&rsquo;adresse \u00e0 un public de tout \u00e2ge et le P\u00e8re No\u00ebl sera pr\u00e9sent \u00e0 la fin pour prendre toutes les lettres des enfants. Un go\u00fbter confectionn\u00e9 par les parents de l&rsquo;association sera offert \u00e0 la suite du spectacle.<!--more--><\/p>\n<p style=\"text-align: justify;\"><span style=\"color: #800000;\"><strong><\/strong><\/span><\/p>\n<figure id=\"attachment_10435\" aria-describedby=\"caption-attachment-10435\" style=\"width: 350px\" class=\"wp-caption alignright\"><strong><strong><img data-recalc-dims=\"1\" loading=\"lazy\" decoding=\"async\" class=\"size-full wp-image-10435\" title=\"Le Born\" src=\"https:\/\/i0.wp.com\/www.o-p-i.fr\/parlonsen\/wp-content\/uploads\/spectaclenoel_leborn.jpg?resize=350%2C497&#038;ssl=1\" alt=\"Le Born\" width=\"350\" height=\"497\" srcset=\"https:\/\/i0.wp.com\/www.o-p-i.fr\/parlonsen\/wp-content\/uploads\/spectaclenoel_leborn.jpg?w=350&amp;ssl=1 350w, https:\/\/i0.wp.com\/www.o-p-i.fr\/parlonsen\/wp-content\/uploads\/spectaclenoel_leborn.jpg?resize=211%2C300&amp;ssl=1 211w\" sizes=\"auto, (max-width: 350px) 100vw, 350px\" \/><\/strong><\/strong><figcaption id=\"caption-attachment-10435\" class=\"wp-caption-text\">Le Born<\/figcaption><\/figure>\n<p><strong><span style=\"color: #800000;\">Spectacle de Cirque, Clownerie et Musique \u00ab Jack le Saltimbank\u2019\u00bb<\/span><br \/>\n<\/strong><em>Tout Public<br \/>\nDur\u00e9e : 45 minutes.<br \/>\nD\u00e9but du spectacle \u00e0 16h, ouverture de la salle \u00e0 15h30.<\/em><\/p>\n<p style=\"text-align: justify;\">Jack le Saltimbank\u2019 est un personnage clownesque portant son chapeau melon et son costume qu\u2019il adore, trop court qui laisse d\u00e9passer ses chaussettes rouges. Il est attendrissant et toujours surprenant. Avec son accent british \u00e0 d\u00e9corner les b\u0153ufs et son humour anglo-saxon, Jack vous fera visiter la tour Eiffel \u00e0 bord de son diabolo, il vous \u00e9clairera sur la capacit\u00e9 \u00e0 dompter un b\u00e2ton du Diable. L\u2019art du cirque sera fortement repr\u00e9sent\u00e9 : sur son monocycle il vous fera voyager sous les airs entra\u00eenant procur\u00e9s par sa fl\u00fbte irlandaise.<\/p>\n<p style=\"text-align: justify;\">Jack, par son parcours original de clown et musicien, a d\u00e9velopp\u00e9 un style qui lui est propre et in\u00e9dit, incisif et a\u00e9rien : un voyage assur\u00e9 !<\/p>\n<p style=\"text-align: justify;\">Venez nous rendre visite, sur le coteau d&rsquo;en face !<\/p>\n<p style=\"text-align: justify;\"><span style=\"color: #800000;\"><strong>Tarif :<\/strong><\/span><br \/>\n3\u20ac\/personne<\/p>\n<p style=\"text-align: justify;\"><span style=\"color: #800000;\"><strong>Contact : <\/strong><\/span><a title=\"Cliquez pour ouvrir la fiche dans l'annuaire d'OPI\" href=\"https:\/\/www.o-p-i.fr\/aupays\/vie-des-communes\/vie-a-le-born\/les-copains-du-born\/\">Les Copains du Born<\/a><\/p>\n<p style=\"text-align: justify;\"><em>Communiqu\u00e9 de Florence Jean, secr\u00e9taire de l&rsquo;association<\/em><\/p>\n<p style=\"text-align: justify;\"><a href=\"https:\/\/www.o-p-i.fr\/parlonsen\/agenda\/\"><strong>Retrouvez tous les \u00e9v\u00e8nements dans l&rsquo;agenda !<\/strong><\/a><\/p>\n","protected":false},"excerpt":{"rendered":"<div class=\"mh-excerpt\">L&rsquo;association \u00ab\u00a0Les Copains du Born\u00a0\u00bb organise leur spectacle de No\u00ebl annuel le Dimanche 11 D\u00e9cembre 2011. C&rsquo;est un spectacle qui s&rsquo;adresse \u00e0 un public de tout \u00e2ge et le P\u00e8re No\u00ebl sera pr\u00e9sent \u00e0 la <a class=\"mh-excerpt-more\" href=\"https:\/\/www.o-p-i.fr\/parlonsen\/parlons-en\/culture\/spectacle-de-cirque-clownerie-et-musique-a-le-born\/\" title=\"Spectacle de Cirque, Clownerie et Musique  &#8230; \u00e0 Le Born\">[&#8230;]<\/a><\/div>\n","protected":false},"author":2,"featured_media":0,"comment_status":"open","ping_status":"open","sticky":false,"template":"","format":"standard","meta":{"om_disable_all_campaigns":false,"advanced_seo_description":"","jetpack_seo_html_title":"","jetpack_seo_noindex":false,"_jetpack_memberships_contains_paid_content":false,"footnotes":"","_links_to":"","_links_to_target":""},"categories":[1,26,54,775,1177],"tags":[131,132,145,2549,186,323,441],"class_list":{"0":"post-10434","1":"post","2":"type-post","3":"status-publish","4":"format-standard","6":"category-culture","7":"category-le-born","8":"category-loisirs","9":"category-cest-noel","10":"category-n-68-decembre-2011","11":"tag-noel","12":"tag-spectacle","13":"tag-animation","14":"tag-le-born","15":"tag-gouter","16":"tag-enfant","17":"tag-spectacle-enfant"},"jetpack_featured_media_url":"","views":{"total":0,"cached_at":"","cached_date":1738510163},"jetpack_likes_enabled":true,"jetpack_sharing_enabled":true,"jetpack_shortlink":"https:\/\/wp.me\/pg7Wxj-2Ii","jetpack-related-posts":[],"_links":{"self":[{"href":"https:\/\/www.o-p-i.fr\/parlonsen\/wp-json\/wp\/v2\/posts\/10434","targetHints":{"allow":["GET"]}}],"collection":[{"href":"https:\/\/www.o-p-i.fr\/parlonsen\/wp-json\/wp\/v2\/posts"}],"about":[{"href":"https:\/\/www.o-p-i.fr\/parlonsen\/wp-json\/wp\/v2\/types\/post"}],"author":[{"embeddable":true,"href":"https:\/\/www.o-p-i.fr\/parlonsen\/wp-json\/wp\/v2\/users\/2"}],"replies":[{"embeddable":true,"href":"https:\/\/www.o-p-i.fr\/parlonsen\/wp-json\/wp\/v2\/comments?post=10434"}],"version-history":[{"count":0,"href":"https:\/\/www.o-p-i.fr\/parlonsen\/wp-json\/wp\/v2\/posts\/10434\/revisions"}],"wp:attachment":[{"href":"https:\/\/www.o-p-i.fr\/parlonsen\/wp-json\/wp\/v2\/media?parent=10434"}],"wp:term":[{"taxonomy":"category","embeddable":true,"href":"https:\/\/www.o-p-i.fr\/parlonsen\/wp-json\/wp\/v2\/categories?post=10434"},{"taxonomy":"post_tag","embeddable":true,"href":"https:\/\/www.o-p-i.fr\/parlonsen\/wp-json\/wp\/v2\/tags?post=10434"}],"curies":[{"name":"wp","href":"https:\/\/api.w.org\/{rel}","templated":true}]}}