{"id":10468,"date":"2011-12-06T12:18:59","date_gmt":"2011-12-06T10:18:59","guid":{"rendered":"\/parlonsen\/?p=10468"},"modified":"2011-12-06T12:18:59","modified_gmt":"2011-12-06T10:18:59","slug":"fete-du-livre-jeunesse-lililalu-a-rabastens","status":"publish","type":"post","link":"https:\/\/www.o-p-i.fr\/parlonsen\/parlons-en\/culture\/fete-du-livre-jeunesse-lililalu-a-rabastens\/","title":{"rendered":"F\u00eate du livre Jeunesse Lililalu &#8230; \u00e0 Rabastens"},"content":{"rendered":"<p style=\"text-align: justify;\">Fort du joli succ\u00e8s rencontr\u00e9 depuis 2008 sur Rabastens et le pays Rabastinois, et associ\u00e9 \u00e0 la nouvelle librairie jeunesse de Rabastens, \u00ab Les Minuscules \u00bb,           LILILALU , votre F\u00eate du Livre Jeunesse, reprend du service ! Rendez-vous le <span style=\"color: #008080;\"><strong>Samedi 10 D\u00e9cembre 2011<\/strong><\/span>, de 10h \u00e0 20h, \u00e0 La Halle de Rabastens, et dans la communaut\u00e9 de communes.<!--more--><\/p>\n<p style=\"text-align: justify;\">\n<figure id=\"attachment_10469\" aria-describedby=\"caption-attachment-10469\" style=\"width: 400px\" class=\"wp-caption alignright\"><a href=\"https:\/\/i0.wp.com\/www.o-p-i.fr\/parlonsen\/wp-content\/uploads\/lililalu2011.jpg?ssl=1\"><img data-recalc-dims=\"1\" loading=\"lazy\" decoding=\"async\" class=\"size-full wp-image-10469\" title=\"Rabastens (81)\" src=\"https:\/\/i0.wp.com\/www.o-p-i.fr\/parlonsen\/wp-content\/uploads\/lililalu2011.jpg?resize=400%2C568&#038;ssl=1\" alt=\"Rabastens (81)\" width=\"400\" height=\"568\" srcset=\"https:\/\/i0.wp.com\/www.o-p-i.fr\/parlonsen\/wp-content\/uploads\/lililalu2011.jpg?w=400&amp;ssl=1 400w, https:\/\/i0.wp.com\/www.o-p-i.fr\/parlonsen\/wp-content\/uploads\/lililalu2011.jpg?resize=211%2C300&amp;ssl=1 211w\" sizes=\"auto, (max-width: 400px) 100vw, 400px\" \/><\/a><figcaption id=\"caption-attachment-10469\" class=\"wp-caption-text\">Rabastens (81)<\/figcaption><\/figure>\n<p style=\"text-align: justify;\">Cette ann\u00e9e, nous vous proposons notre coup de c\u0153ur aux couleurs espagnoles : BANG Ediciones, une maison d&rsquo;\u00e9ditions Barcelonaise de bandes dessin\u00e9es pour enfants, avec la pr\u00e9sence de l&rsquo;\u00e9diteur et de deux auteurs !<\/p>\n<p style=\"text-align: justify;\">Et d\u00e8s aujourd&rsquo;hui, expos et ateliers vont s&rsquo;\u00e9toiler sur les communes du pays Rabastinois, en pr\u00e9ambule \u00e0 la folle journ\u00e9e du samedi 10 D\u00e9cembre&#8230;<\/p>\n<p style=\"text-align: justify;\">Car cette manifestation se veut festive pour les petits comme pour les grands, populaire, gratuite, et&#8230; de qualit\u00e9 !!!<\/p>\n<p style=\"text-align: justify;\"><span style=\"color: #008080;\"><strong>D\u00e9couvrez le programme complet<\/strong><\/span> sur le site : <a title=\"Ouvre le site dans une nouvelle fen\u00eatre\" href=\"http:\/\/www.festival-lililalu.blogspot.com\/\" target=\"_blank\">www.festival-lililalu.blogspot.com<\/a><\/p>\n<p style=\"text-align: justify;\">A tr\u00e8s bient\u00f4t, \u00e0 la rencontre d&rsquo;auteurs, d&rsquo;illustrateurs, et d&rsquo;imaginaires!<\/p>\n<p style=\"text-align: justify;\"><span style=\"color: #008080;\"><strong>Contact :<\/strong> <\/span> La Presse \u00e0 r\u00e9cation<br \/>\nT\u00e9l. Fixe : 05 63 40 37 82<br \/>\nT\u00e9l. Port : 06 33 79 49 27<br \/>\nCourriel : <a href=\"mailto:lapresseareaction@gmail.com\">lapresseareaction@gmail.com<\/a><\/p>\n<p style=\"text-align: justify;\">&#8212;<br \/>\nL&rsquo;association La Presse \u00e0 R\u00e9action sur le net :<br \/>\n<a title=\"Ouvre le site dans une nouvelle fen\u00eatre\" href=\"http:\/\/www.lapresseareaction.blogspot.com\" target=\"_blank\">www.lapresseareaction.blogspot.com<\/a><br \/>\n<a title=\"Ouvre le site dans une nouvelle fen\u00eatre\" href=\"http:\/\/www.festival-lililalu.blogspot.com\" target=\"_blank\"><br \/>\n<\/a><\/p>\n<p style=\"text-align: justify;\"><em>Communiqu\u00e9 de Christine Clavurier, pour l&rsquo;\u00e9quipe de La Presse \u00e0 R\u00e9action.<\/em><\/p>\n<p style=\"text-align: justify;\">\n<p style=\"text-align: justify;\"><a href=\"https:\/\/www.o-p-i.fr\/parlonsen\/agenda\/\"><strong>Retrouvez tous les \u00e9v\u00e8nements dans l&rsquo;agenda !<\/strong><\/a><\/p>\n","protected":false},"excerpt":{"rendered":"<div class=\"mh-excerpt\">Fort du joli succ\u00e8s rencontr\u00e9 depuis 2008 sur Rabastens et le pays Rabastinois, et associ\u00e9 \u00e0 la nouvelle librairie jeunesse de Rabastens, \u00ab Les Minuscules \u00bb, LILILALU , votre F\u00eate du Livre Jeunesse, reprend du <a class=\"mh-excerpt-more\" href=\"https:\/\/www.o-p-i.fr\/parlonsen\/parlons-en\/culture\/fete-du-livre-jeunesse-lililalu-a-rabastens\/\" title=\"F\u00eate du livre Jeunesse Lililalu &#8230; \u00e0 Rabastens\">[&#8230;]<\/a><\/div>\n","protected":false},"author":2,"featured_media":0,"comment_status":"open","ping_status":"open","sticky":false,"template":"","format":"standard","meta":{"om_disable_all_campaigns":false,"advanced_seo_description":"","jetpack_seo_html_title":"","jetpack_seo_noindex":false,"_jetpack_memberships_contains_paid_content":false,"footnotes":"","_links_to":"","_links_to_target":""},"categories":[42,1,725,54,6,1177],"tags":[323,424,678,43,72,111,145,146,172,180],"class_list":{"0":"post-10468","1":"post","2":"type-post","3":"status-publish","4":"format-standard","6":"category-a-cote-de-chez-nous","7":"category-culture","8":"category-formation-parlons-en","9":"category-loisirs","10":"category-pratique","11":"category-n-68-decembre-2011","12":"tag-enfant","13":"tag-livre","14":"tag-salon-du-livre","15":"tag-concert","16":"tag-rabastens","17":"tag-projection","18":"tag-animation","19":"tag-auteur","20":"tag-exposition","21":"tag-atelier"},"jetpack_featured_media_url":"","views":{"total":0,"cached_at":"","cached_date":1738417490},"jetpack_likes_enabled":true,"jetpack_sharing_enabled":true,"jetpack_shortlink":"https:\/\/wp.me\/pg7Wxj-2IQ","jetpack-related-posts":[],"_links":{"self":[{"href":"https:\/\/www.o-p-i.fr\/parlonsen\/wp-json\/wp\/v2\/posts\/10468","targetHints":{"allow":["GET"]}}],"collection":[{"href":"https:\/\/www.o-p-i.fr\/parlonsen\/wp-json\/wp\/v2\/posts"}],"about":[{"href":"https:\/\/www.o-p-i.fr\/parlonsen\/wp-json\/wp\/v2\/types\/post"}],"author":[{"embeddable":true,"href":"https:\/\/www.o-p-i.fr\/parlonsen\/wp-json\/wp\/v2\/users\/2"}],"replies":[{"embeddable":true,"href":"https:\/\/www.o-p-i.fr\/parlonsen\/wp-json\/wp\/v2\/comments?post=10468"}],"version-history":[{"count":0,"href":"https:\/\/www.o-p-i.fr\/parlonsen\/wp-json\/wp\/v2\/posts\/10468\/revisions"}],"wp:attachment":[{"href":"https:\/\/www.o-p-i.fr\/parlonsen\/wp-json\/wp\/v2\/media?parent=10468"}],"wp:term":[{"taxonomy":"category","embeddable":true,"href":"https:\/\/www.o-p-i.fr\/parlonsen\/wp-json\/wp\/v2\/categories?post=10468"},{"taxonomy":"post_tag","embeddable":true,"href":"https:\/\/www.o-p-i.fr\/parlonsen\/wp-json\/wp\/v2\/tags?post=10468"}],"curies":[{"name":"wp","href":"https:\/\/api.w.org\/{rel}","templated":true}]}}