{"id":10488,"date":"2011-12-07T02:00:05","date_gmt":"2011-12-07T00:00:05","guid":{"rendered":"\/parlonsen\/?p=10488"},"modified":"2011-12-07T02:00:05","modified_gmt":"2011-12-07T00:00:05","slug":"la-boutique-ephemere-a-gaillac","status":"publish","type":"post","link":"https:\/\/www.o-p-i.fr\/parlonsen\/parlons-en\/culture\/la-boutique-ephemere-a-gaillac\/","title":{"rendered":"La boutique \u00c9ph\u00e9m\u00e8re &#8230; \u00e0 Gaillac"},"content":{"rendered":"<p>Gaillac se pare pour les f\u00eates de fin d\u2019ann\u00e9e, d\u2019un nouvel espace convivial et cr\u00e9atif tr\u00e8s tr\u00e8s temporaire. <span style=\"color: #800000;\"><strong>Du 2 au 24 D\u00e9cembre 2011<\/strong><\/span>, l\u2019ancienne boutique Bio Ma\u00ebl situ\u00e9e 20, rue des fr\u00e8res Delga se transformera en boutique-galerie \u00c9ph\u00e9m\u00e8re.<!--more--><\/p>\n<p style=\"text-align: justify;\">\n<figure id=\"attachment_10490\" aria-describedby=\"caption-attachment-10490\" style=\"width: 300px\" class=\"wp-caption alignright\"><a href=\"https:\/\/i0.wp.com\/www.o-p-i.fr\/parlonsen\/wp-content\/uploads\/fly_ephemere81.jpg?ssl=1\"><img data-recalc-dims=\"1\" loading=\"lazy\" decoding=\"async\" class=\"size-full wp-image-10490\" title=\"Gaillac (81)\" src=\"https:\/\/i0.wp.com\/www.o-p-i.fr\/parlonsen\/wp-content\/uploads\/fly_ephemere81.jpg?resize=300%2C450&#038;ssl=1\" alt=\"Gaillac (81)\" width=\"300\" height=\"450\" srcset=\"https:\/\/i0.wp.com\/www.o-p-i.fr\/parlonsen\/wp-content\/uploads\/fly_ephemere81.jpg?w=300&amp;ssl=1 300w, https:\/\/i0.wp.com\/www.o-p-i.fr\/parlonsen\/wp-content\/uploads\/fly_ephemere81.jpg?resize=200%2C300&amp;ssl=1 200w\" sizes=\"auto, (max-width: 300px) 100vw, 300px\" \/><\/a><figcaption id=\"caption-attachment-10490\" class=\"wp-caption-text\">Gaillac (81)<\/figcaption><\/figure>\n<p style=\"text-align: justify;\"><span style=\"color: #800000;\"><strong>La Boutique \u00c9ph\u00e9m\u00e8re <\/strong><\/span><\/p>\n<p style=\"text-align: justify;\">Sept femmes artistes, artisanes partagent ce lieu, leur complicit\u00e9 et leurs savoir-faire, et sortent de leurs ateliers respectifs des chapeaux, des bijoux, des v\u00eatements, de la sculpture, des tableaux, des accessoires, de la c\u00e9ramique,\u2026de quoi vous habiller de pieds en capes, parer vos int\u00e9rieurs de lumi\u00e8re, et orner vos demeures.<\/p>\n<p style=\"text-align: justify;\">N\u2019h\u00e9sitez pas \u00e0 go\u00fbter ce moment rare ; autour d\u2019un th\u00e9 vous pourrez \u00e9changer tour \u00e0 tour avec chacune d\u2019elles, admirer leurs \u0153uvres et\u2026 vous laissez s\u00e9duire.<\/p>\n<p style=\"text-align: justify;\">Cette initiative cr\u00e9ative s\u2019arrosera autour d\u2019un vernissage festif le 10 d\u00e9cembre \u00e0 partir de 18 heures, notez-le !<\/p>\n<p style=\"text-align: justify;\"><span style=\"color: #800000;\"><strong>Pour y aller &#8230; <\/strong><\/span><\/p>\n<p style=\"text-align: justify;\">La boutique Eph\u00e9m\u00e8re\/ local Bio Ma\u00ebl<br \/>\n20, rue des Fr\u00e8res Delga<br \/>\n81600 Gaillac<\/p>\n<p style=\"text-align: justify;\"><span style=\"color: #800000;\"><strong>Horaires d\u2019ouverture :<\/strong><\/span><br \/>\nmardi, mercredi, jeudi : 14h30\u201319h30<br \/>\nvendredi, samedi : 10h30\u201319h30<br \/>\ndimanche 4 et 18 : 10h30\u201319h30<\/p>\n<p style=\"text-align: justify;\">Ferm\u00e9 les lundis et dimanche 11<\/p>\n<p><span style=\"color: #800000;\"><strong>Contact : <\/strong><\/span>Iza Bonaud<br \/>\nT\u00e9l. : 06 12 18 16 55<br \/>\nCourriel : <a href=\"mailto;iza.bonaud@gmail.com\">iza.bonaud@gmail.com<\/a><br \/>\nSite : <a title=\"Ouvre le site dans une nouvelle fen\u00eatre\" href=\"http:\/\/www.izadecabanes.com\" target=\"_blank\">www.izadecabanes.com<\/a><\/p>\n<p><em>Communiqu\u00e9 de Iza Bonaud<\/em><\/p>\n<p><a href=\"https:\/\/www.o-p-i.fr\/parlonsen\/agenda\/\"><strong>Retrouvez tous les \u00e9v\u00e8nements dans l&rsquo;agenda !<\/strong><\/a><\/p>\n","protected":false},"excerpt":{"rendered":"<div class=\"mh-excerpt\">Gaillac se pare pour les f\u00eates de fin d\u2019ann\u00e9e, d\u2019un nouvel espace convivial et cr\u00e9atif tr\u00e8s tr\u00e8s temporaire. Du 2 au 24 D\u00e9cembre 2011, l\u2019ancienne boutique Bio Ma\u00ebl situ\u00e9e 20, rue des fr\u00e8res Delga se <a class=\"mh-excerpt-more\" href=\"https:\/\/www.o-p-i.fr\/parlonsen\/parlons-en\/culture\/la-boutique-ephemere-a-gaillac\/\" title=\"La boutique \u00c9ph\u00e9m\u00e8re &#8230; \u00e0 Gaillac\">[&#8230;]<\/a><\/div>\n","protected":false},"author":2,"featured_media":0,"comment_status":"open","ping_status":"open","sticky":false,"template":"","format":"standard","meta":{"om_disable_all_campaigns":false,"advanced_seo_description":"","jetpack_seo_html_title":"","jetpack_seo_noindex":false,"_jetpack_memberships_contains_paid_content":false,"footnotes":"","_links_to":"","_links_to_target":""},"categories":[52,51,4,42,1,54,775,6,1177],"tags":[108,131,200,215,672,2559],"class_list":{"0":"post-10488","1":"post","2":"type-post","3":"status-publish","4":"format-standard","6":"category-parlons-en","7":"category-artisanat","8":"category-commerce","9":"category-a-cote-de-chez-nous","10":"category-culture","11":"category-loisirs","12":"category-cest-noel","13":"category-pratique","14":"category-n-68-decembre-2011","15":"tag-terre","16":"tag-noel","17":"tag-art","18":"tag-gaillac","19":"tag-bois","20":"tag-artisanat"},"jetpack_featured_media_url":"","views":{"total":0,"cached_at":"","cached_date":1738370548},"jetpack_likes_enabled":true,"jetpack_sharing_enabled":true,"jetpack_shortlink":"https:\/\/wp.me\/pg7Wxj-2Ja","jetpack-related-posts":[],"_links":{"self":[{"href":"https:\/\/www.o-p-i.fr\/parlonsen\/wp-json\/wp\/v2\/posts\/10488","targetHints":{"allow":["GET"]}}],"collection":[{"href":"https:\/\/www.o-p-i.fr\/parlonsen\/wp-json\/wp\/v2\/posts"}],"about":[{"href":"https:\/\/www.o-p-i.fr\/parlonsen\/wp-json\/wp\/v2\/types\/post"}],"author":[{"embeddable":true,"href":"https:\/\/www.o-p-i.fr\/parlonsen\/wp-json\/wp\/v2\/users\/2"}],"replies":[{"embeddable":true,"href":"https:\/\/www.o-p-i.fr\/parlonsen\/wp-json\/wp\/v2\/comments?post=10488"}],"version-history":[{"count":0,"href":"https:\/\/www.o-p-i.fr\/parlonsen\/wp-json\/wp\/v2\/posts\/10488\/revisions"}],"wp:attachment":[{"href":"https:\/\/www.o-p-i.fr\/parlonsen\/wp-json\/wp\/v2\/media?parent=10488"}],"wp:term":[{"taxonomy":"category","embeddable":true,"href":"https:\/\/www.o-p-i.fr\/parlonsen\/wp-json\/wp\/v2\/categories?post=10488"},{"taxonomy":"post_tag","embeddable":true,"href":"https:\/\/www.o-p-i.fr\/parlonsen\/wp-json\/wp\/v2\/tags?post=10488"}],"curies":[{"name":"wp","href":"https:\/\/api.w.org\/{rel}","templated":true}]}}