{"id":10625,"date":"2011-12-14T08:45:48","date_gmt":"2011-12-14T06:45:48","guid":{"rendered":"\/parlonsen\/?p=10625"},"modified":"2012-04-24T19:48:34","modified_gmt":"2012-04-24T17:48:34","slug":"plus-que-2-semaines-pour-vous-inscrire-sur-les-listes-electorales","status":"publish","type":"post","link":"https:\/\/www.o-p-i.fr\/parlonsen\/parlons-en\/culture\/plus-que-2-semaines-pour-vous-inscrire-sur-les-listes-electorales\/","title":{"rendered":"Plus que 2 semaines pour vous inscrire sur les listes \u00e9lectorales !"},"content":{"rendered":"<p style=\"text-align: justify;\">Vous n&rsquo;\u00eates pas encore inscrit(e)s sur les listes \u00e9lectorales de votre commune ? Si vous souhaitez participer aux scrutins qui se d\u00e9rouleront en 2012, vous avez jusqu&rsquo;au <span style=\"color: #000080;\"><strong>Samedi 31 D\u00e9cembre 2011<\/strong><\/span> pour le faire.<!--more--><\/p>\n<p style=\"text-align: justify;\">Pour pouvoir voter, il faut \u00eatre inscrit sur les listes \u00e9lectorales. L&rsquo;inscription est automatique pour les jeunes de 18 ans. En dehors de cette situation, l&rsquo;inscription sur les listes doit faire l&rsquo;objet d&rsquo;une d\u00e9marche volontaire.<\/p>\n<p><span style=\"color: #000080;\"><strong>Qui peut \u00eatre \u00e9lecteur ?<\/strong><\/span><\/p>\n<p><span style=\"color: #000080;\">Il faut remplir les conditions suivantes :<\/span><\/p>\n<ul>\n<li> \u00eatre \u00e2g\u00e9 d&rsquo;au moins 18 ans la veille du 1er tour de scrutin,<\/li>\n<li>\u00eatre de nationalit\u00e9 fran\u00e7aise. (les citoyens europ\u00e9ens r\u00e9sidant en France peuvent s&rsquo;inscrire sur les listes compl\u00e9mentaires mais seulement pour participer aux \u00e9lections municipales et\/ou europ\u00e9ennes),<\/li>\n<li>jouir de ses droits civils et politiques.<\/li>\n<\/ul>\n<p><span style=\"color: #000080;\">O\u00f9 s&rsquo;inscrire ?<\/span><\/p>\n<ul>\n<li> Soit \u00e0 la mairie de votre domicile,<\/li>\n<li>Soit \u00e0 la mairie d&rsquo;une commune dans laquelle vous \u00eates assujetti aux imp\u00f4ts locaux depuis au moins 5 ans,<\/li>\n<li>Soit \u00e0 la mairie de votre r\u00e9sidence si vous y r\u00e9sidez de mani\u00e8re effective et continue depuis au moins 6 mois,<\/li>\n<li>Soit \u00e0 la mairie de la commune o\u00f9 vous \u00eates assujetti \u00e0 r\u00e9sidence obligatoire en tant que fonctionnaire public.<\/li>\n<\/ul>\n<p><span style=\"color: #000080;\">Comment s&rsquo;inscrire ?<\/span><\/p>\n<ul>\n<li> Soit en se rendant \u00e0 la<a title=\"Voir les fiches des mairies du Pays des Tescou's\" href=\"https:\/\/www.o-p-i.fr\/aupays\/tag\/mairie\/\" target=\"_blank\"> Mairie <\/a>avec les pi\u00e8ces exig\u00e9es,<\/li>\n<li>Soit par courrier en envoyant \u00e0 la Mairie, le formulaire d&rsquo;inscription et les pi\u00e8ces exig\u00e9es,<\/li>\n<li>Soit par internet, en utilisant le t\u00e9l\u00e9service propos\u00e9 par <a title=\"Ouvre le site dans une nouvelle fen\u00eatre\" href=\"http:\/\/mon-service-public.fr\" target=\"_blank\">mon-service-public.fr<\/a>.<br \/>\nAttention : toutes les communes ne proposent pas encore ce t\u00e9l\u00e9service.<\/li>\n<\/ul>\n<p><strong><span style=\"color: #000080;\">Documents \u00e0 fournir<\/span><\/strong><\/p>\n<p><span style=\"color: #000080;\">Formulaire d&rsquo;inscription : <\/span>Formulaire de demande (\u00e0 t\u00e9l\u00e9charger ou \u00e0 remplir sur place)<\/p>\n<p><span style=\"color: #000080;\">Pi\u00e8ce d&rsquo;identit\u00e9\u00a0 :<\/span> La pi\u00e8ce doit prouver la nationalit\u00e9 fran\u00e7aise (passeport ou carte nationale d&rsquo;identit\u00e9).<br \/>\nElle doit \u00eatre r\u00e9cente : valide ou expir\u00e9e depuis moins d&rsquo;1 an.<br \/>\nSi vous \u00eates devenu fran\u00e7ais r\u00e9cemment et que vous ne poss\u00e9dez pas encore de pi\u00e8ce d&rsquo;identit\u00e9 fran\u00e7aise : pi\u00e8ce d&rsquo;identit\u00e9 d&rsquo;origine + une preuve de la nationalit\u00e9 fran\u00e7aise (d\u00e9cret de naturalisation, certificat de nationalit\u00e9)<\/p>\n<p><span style=\"color: #000080;\">Justificatif de domicile :<\/span> Selon les situations, il convient de fournir l&rsquo;une de ces pi\u00e8ces :<br \/>\nS&rsquo;il s&rsquo;agit de votre domicile : un justificatif de domicile de moins de 3 mois<br \/>\nS&rsquo;il s&rsquo;agit du domicile de vos parents : attestation du parent (sur papier libre) certifiant que vous habitez chez lui  + un justificatif de domicile du parent<br \/>\nS&rsquo;il s&rsquo;agit de votre r\u00e9sidence : justificatif de la r\u00e9sidence depuis plus de 6 mois dans la commune<br \/>\nSi vous \u00eates seulement contribuable : justificatif d&rsquo;inscription au r\u00f4le des imp\u00f4ts locaux depuis plus de 5 ans<\/p>\n<p><em>Source : <a title=\"Ouvre le site dans une nouvelle fen\u00eatre\" href=\"http:\/\/vosdroits.service-public.fr\/F1367.xhtml\" target=\"_blank\">http:\/\/vosdroits.service-public.fr\/<\/a><\/em><\/p>\n<p><span style=\"color: #000080;\"><strong>En pratique<br \/>\n<\/strong><\/span><a href=\"..\/..\/aupays\/tag\/mairie\/\">Mairies et Horaires d&rsquo;Ouvertures<\/a><\/p>\n<p><span style=\"color: #000080;\"><strong>A noter !<\/strong><\/span><\/p>\n<p>* <strong>\u00c9lection du Pr\u00e9sident de la R\u00e9publique<\/strong> : les dimanches 22 avril et 6 mai 2012.<br \/>\n* <strong>\u00c9lections l\u00e9gislatives :<\/strong> les dimanches 10 et 17 juin 2012.<\/p>\n","protected":false},"excerpt":{"rendered":"<div class=\"mh-excerpt\">Vous n&rsquo;\u00eates pas encore inscrit(e)s sur les listes \u00e9lectorales de votre commune ? Si vous souhaitez participer aux scrutins qui se d\u00e9rouleront en 2012, vous avez jusqu&rsquo;au Samedi 31 D\u00e9cembre 2011 pour le faire.<\/div>\n","protected":false},"author":2,"featured_media":0,"comment_status":"open","ping_status":"open","sticky":false,"template":"","format":"standard","meta":{"om_disable_all_campaigns":false,"advanced_seo_description":"","jetpack_seo_html_title":"","jetpack_seo_noindex":false,"_jetpack_memberships_contains_paid_content":false,"footnotes":"","_links_to":"","_links_to_target":""},"categories":[828,28,23,40,42,22,29,1,34,24,26,30,16,31,32,35,6,33,17,18,25,21,20,27,19,1177],"tags":[2569,1191,1192],"class_list":{"0":"post-10625","1":"post","2":"type-post","3":"status-publish","4":"format-standard","6":"category-au-pays-des-tescous","7":"category-beauvais-sur-tescou","8":"category-au-dela-du-pays","9":"category-bioule","10":"category-a-cote-de-chez-nous","11":"category-castelnau","12":"category-genebrieres","13":"category-culture","14":"category-salvetat","15":"category-la-sauziere-saint-jean","16":"category-le-born","17":"category-leojac","18":"category-monclar","19":"category-montgaillard","20":"category-montdurausse","21":"category-montvalen","22":"category-pratique","23":"category-puygaillard-de-quercy","24":"category-saint_nauphary","25":"category-saint-urcisse","26":"category-salvagnac","27":"category-tauriac","28":"category-varennes","29":"category-verlhac-tescou","30":"category-villebrumier","31":"category-n-68-decembre-2011","32":"tag-elections","33":"tag-presidentielles","34":"tag-vote"},"jetpack_featured_media_url":"","views":{"total":0,"cached_at":"","cached_date":1738508026},"jetpack_likes_enabled":true,"jetpack_sharing_enabled":true,"jetpack_shortlink":"https:\/\/wp.me\/pg7Wxj-2Ln","jetpack-related-posts":[],"_links":{"self":[{"href":"https:\/\/www.o-p-i.fr\/parlonsen\/wp-json\/wp\/v2\/posts\/10625","targetHints":{"allow":["GET"]}}],"collection":[{"href":"https:\/\/www.o-p-i.fr\/parlonsen\/wp-json\/wp\/v2\/posts"}],"about":[{"href":"https:\/\/www.o-p-i.fr\/parlonsen\/wp-json\/wp\/v2\/types\/post"}],"author":[{"embeddable":true,"href":"https:\/\/www.o-p-i.fr\/parlonsen\/wp-json\/wp\/v2\/users\/2"}],"replies":[{"embeddable":true,"href":"https:\/\/www.o-p-i.fr\/parlonsen\/wp-json\/wp\/v2\/comments?post=10625"}],"version-history":[{"count":0,"href":"https:\/\/www.o-p-i.fr\/parlonsen\/wp-json\/wp\/v2\/posts\/10625\/revisions"}],"wp:attachment":[{"href":"https:\/\/www.o-p-i.fr\/parlonsen\/wp-json\/wp\/v2\/media?parent=10625"}],"wp:term":[{"taxonomy":"category","embeddable":true,"href":"https:\/\/www.o-p-i.fr\/parlonsen\/wp-json\/wp\/v2\/categories?post=10625"},{"taxonomy":"post_tag","embeddable":true,"href":"https:\/\/www.o-p-i.fr\/parlonsen\/wp-json\/wp\/v2\/tags?post=10625"}],"curies":[{"name":"wp","href":"https:\/\/api.w.org\/{rel}","templated":true}]}}