{"id":10658,"date":"2011-12-16T13:46:06","date_gmt":"2011-12-16T11:46:06","guid":{"rendered":"\/parlonsen\/?p=10658"},"modified":"2011-12-16T13:57:10","modified_gmt":"2011-12-16T11:57:10","slug":"marche-de-noel-a-saint-etienne-de-tulmont","status":"publish","type":"post","link":"https:\/\/www.o-p-i.fr\/parlonsen\/parlons-en\/culture\/marche-de-noel-a-saint-etienne-de-tulmont\/","title":{"rendered":"March\u00e9 de No\u00ebl &#8230; \u00e0 Saint Etienne de Tulmont"},"content":{"rendered":"<p><strong><span style=\"color: #800000;\">Samedi 17 d\u00e9cembre 2011<\/span><\/strong>, sur la Place du Tulmonenc, aura lieu, de 9h \u00e0 19h30, le march\u00e9 de No\u00ebl organis\u00e9 par l&rsquo;<span style=\"color: #800000;\"><strong>association DJ&rsquo;Teuf<\/strong><\/span> .<!--more--><\/p>\n<figure id=\"attachment_10659\" aria-describedby=\"caption-attachment-10659\" style=\"width: 400px\" class=\"wp-caption alignright\"><a href=\"https:\/\/i0.wp.com\/www.o-p-i.fr\/parlonsen\/wp-content\/uploads\/eric-thierry-sophie.jpg?ssl=1\"><img data-recalc-dims=\"1\" loading=\"lazy\" decoding=\"async\" class=\"size-full wp-image-10659\" title=\"Eric, Thierry et Sophie\" src=\"https:\/\/i0.wp.com\/www.o-p-i.fr\/parlonsen\/wp-content\/uploads\/eric-thierry-sophie.jpg?resize=400%2C306&#038;ssl=1\" alt=\"Eric, Thierry et Sophie\" width=\"400\" height=\"306\" srcset=\"https:\/\/i0.wp.com\/www.o-p-i.fr\/parlonsen\/wp-content\/uploads\/eric-thierry-sophie.jpg?w=400&amp;ssl=1 400w, https:\/\/i0.wp.com\/www.o-p-i.fr\/parlonsen\/wp-content\/uploads\/eric-thierry-sophie.jpg?resize=300%2C229&amp;ssl=1 300w\" sizes=\"auto, (max-width: 400px) 100vw, 400px\" \/><\/a><figcaption id=\"caption-attachment-10659\" class=\"wp-caption-text\">Eric, Thierry et Sophie<\/figcaption><\/figure>\n<p>Toute la journ\u00e9e :<br \/>\n&#8211; Nombreux exposants.<br \/>\n&#8211; Structure gonflable<br \/>\n&#8211; Forains.<\/p>\n<p>A midi, restauration rapide sur place<br \/>\nGrillades, frites, boisson, caf\u00e9 pour seulement 8\u20ac<\/p>\n<p>A partir de 14h30 animations gratuites pour les enfants.<\/p>\n<ul>\n<li>14h30 : Promenade \u00e0 poney ou en cal\u00e8che<\/li>\n<li>16h : Arriv\u00e9e du P\u00e8re No\u00ebl (distribution de bonbons)<\/li>\n<li>19h :\u00a0 Maquillage pour enfants<\/li>\n<\/ul>\n<p><span style=\"color: #800000;\"><strong>Contact :<\/strong><\/span> DJ&rsquo;Teuf<br \/>\nT\u00e9l. : 05 80 43 68 60.<\/p>\n<p><em>Communiqu\u00e9 et photo de Robert Linas<\/em><\/p>\n<p><a href=\"https:\/\/www.o-p-i.fr\/parlonsen\/agenda\/\"><strong>Retrouvez tous les \u00e9v\u00e8nements dans l&rsquo;agenda !<\/strong><\/a><\/p>\n","protected":false},"excerpt":{"rendered":"<div class=\"mh-excerpt\">Samedi 17 d\u00e9cembre 2011, sur la Place du Tulmonenc, aura lieu, de 9h \u00e0 19h30, le march\u00e9 de No\u00ebl organis\u00e9 par l&rsquo;association DJ&rsquo;Teuf .<\/div>\n","protected":false},"author":2,"featured_media":0,"comment_status":"open","ping_status":"open","sticky":false,"template":"","format":"standard","meta":{"om_disable_all_campaigns":false,"advanced_seo_description":"","jetpack_seo_html_title":"","jetpack_seo_noindex":false,"_jetpack_memberships_contains_paid_content":false,"footnotes":"","_links_to":"","_links_to_target":""},"categories":[51,4,42,1,54,775,6,1177],"tags":[367,757,131,145,203,323],"class_list":{"0":"post-10658","1":"post","2":"type-post","3":"status-publish","4":"format-standard","6":"category-artisanat","7":"category-commerce","8":"category-a-cote-de-chez-nous","9":"category-culture","10":"category-loisirs","11":"category-cest-noel","12":"category-pratique","13":"category-n-68-decembre-2011","14":"tag-producteur","15":"tag-marche-de-noel","16":"tag-noel","17":"tag-animation","18":"tag-saint-etienne-de-tulmont","19":"tag-enfant"},"jetpack_featured_media_url":"","views":{"total":0,"cached_at":"","cached_date":1738332581},"jetpack_likes_enabled":true,"jetpack_sharing_enabled":true,"jetpack_shortlink":"https:\/\/wp.me\/pg7Wxj-2LU","jetpack-related-posts":[],"_links":{"self":[{"href":"https:\/\/www.o-p-i.fr\/parlonsen\/wp-json\/wp\/v2\/posts\/10658","targetHints":{"allow":["GET"]}}],"collection":[{"href":"https:\/\/www.o-p-i.fr\/parlonsen\/wp-json\/wp\/v2\/posts"}],"about":[{"href":"https:\/\/www.o-p-i.fr\/parlonsen\/wp-json\/wp\/v2\/types\/post"}],"author":[{"embeddable":true,"href":"https:\/\/www.o-p-i.fr\/parlonsen\/wp-json\/wp\/v2\/users\/2"}],"replies":[{"embeddable":true,"href":"https:\/\/www.o-p-i.fr\/parlonsen\/wp-json\/wp\/v2\/comments?post=10658"}],"version-history":[{"count":0,"href":"https:\/\/www.o-p-i.fr\/parlonsen\/wp-json\/wp\/v2\/posts\/10658\/revisions"}],"wp:attachment":[{"href":"https:\/\/www.o-p-i.fr\/parlonsen\/wp-json\/wp\/v2\/media?parent=10658"}],"wp:term":[{"taxonomy":"category","embeddable":true,"href":"https:\/\/www.o-p-i.fr\/parlonsen\/wp-json\/wp\/v2\/categories?post=10658"},{"taxonomy":"post_tag","embeddable":true,"href":"https:\/\/www.o-p-i.fr\/parlonsen\/wp-json\/wp\/v2\/tags?post=10658"}],"curies":[{"name":"wp","href":"https:\/\/api.w.org\/{rel}","templated":true}]}}