{"id":10700,"date":"2011-12-31T05:27:11","date_gmt":"2011-12-31T03:27:11","guid":{"rendered":"\/parlonsen\/?p=10700"},"modified":"2011-12-30T16:32:17","modified_gmt":"2011-12-30T14:32:17","slug":"parcoeurs-a-l%e2%80%99ecoute-de-l%e2%80%99etre-%e2%80%a6-programme-janvier-2012","status":"publish","type":"post","link":"https:\/\/www.o-p-i.fr\/parlonsen\/parlons-en\/culture\/parcoeurs-a-l%e2%80%99ecoute-de-l%e2%80%99etre-%e2%80%a6-programme-janvier-2012\/","title":{"rendered":"Parcoeurs, \u00e0 l\u2019\u00e9coute de l\u2019\u00eatre \u2026 Programme Janvier 2012"},"content":{"rendered":"<p>Nous vous proposons de nous retrouver en janvier 2012 en commen\u00e7ant cette ann\u00e9e dans une ambiance amicale et festive&#8230;. Voyez le programme.<!--more--><\/p>\n<ul>\n<li><span style=\"color: #800080;\"><strong>LES INFOS DU MOIS<\/strong><\/span><\/li>\n<\/ul>\n<p>\u00a4 Si vous voulez attirer l\u2019abondance faites le ch\u00e8que ABONDANCE le 23\/01<br \/>\n\u00a4 Bougies neuvaines \u00e0 votre disposition au prix associatif de 4\u20ac<\/p>\n<ul>\n<li><span style=\"color: #800080;\"><strong>LE TRUC DU MOIS<\/strong><\/span><\/li>\n<\/ul>\n<p style=\"text-align: justify;\">Pour savoir si votre rouge \u00e0 l\u00e8vre est compos\u00e9 de m\u00e9taux lourds : en mettre sur la main et frotter \u00e0 cet endroit avec un bijou en or. Si le rouge \u00e0 l\u00e8vre devient noir c\u2019est qu\u2019il en contient.<\/p>\n<ul>\n<li><span style=\"color: #800080;\"><strong>ID\u00c9E CADEAU \u00e0 40 \u20ac :<\/strong><\/span><\/li>\n<\/ul>\n<p>Une s\u00e9ance Reiki propos\u00e9e par Myriam ou une lecture et soin de vie par Dolores<\/p>\n<ul>\n<li><span style=\"color: #800080;\"><strong>DOCUMENTAIRE &amp; PARTAGE<\/strong><\/span><\/li>\n<\/ul>\n<p>A l\u2019occasion de l\u2019AG nous vous invitons \u00e0  TIRER LES ROIS  le samedi 21\/01 \u00e0 19h \u00e0 la MJC.<br \/>\nNous offrons galettes et boissons. Chacun porte un plat \u00e0 partager.<br \/>\nMusiciens, chanteurs, conteurs et danseurs sont les bienvenus.<\/p>\n<ul>\n<li><span style=\"color: #800080;\"><strong>DOLORES<\/strong><\/span> vous propose 2 contre escarpe Ste Barbe \u00e0 Lisle\/Tarn<\/li>\n<\/ul>\n<p><span style=\"color: #800080;\"><strong>\u00a4 SOPHROLOGIE CAYCEDIENNE<\/strong><\/span> tous les jeudis Prix : 5 \u20ac<br \/>\nGroupe avanc\u00e9 de 10h30 \u00e0 12h.  Groupe d\u00e9butant  de 19h30 \u00e0 21h<span style=\"color: #800080;\"><strong><\/strong><\/span><\/p>\n<p><span style=\"color: #800080;\"><strong>\u00a4 M\u00c9DITATION DE PLEINE LUNE<\/strong><\/span> \u00e0 20h30 le lundi 9\/01<\/p>\n<ul>\n<li><span style=\"color: #800080;\"><strong>MYRIAM <\/strong><\/span>vous propose 1 rue du Fumarel, \u00e0 Rabastens<\/li>\n<\/ul>\n<p><span style=\"color: #800080;\"><strong>\u00a4 ATELIER ALIMENTATION V\u00c9G\u00c9TARIENNE<\/strong><\/span> un samedi par mois de 9h30 \u00e0 14h30. Prix : 18 \u20ac<br \/>\n5i\u00e8me th\u00e8me : Les vitamines le 14\/01  (s\u2019inscrire)<span style=\"color: #800080;\"><strong><\/strong><\/span><\/p>\n<p><span style=\"color: #800080;\"><strong>\u00a4 APPROFONDISSEMENT REIKI<\/strong><\/span> le \u00e0 15h. Prix : 20 \u20ac  La date n\u2019est pas encore d\u00e9termin\u00e9e<br \/>\nOuvert \u00e0 toute personne initi\u00e9e par un autre enseignant<span style=\"color: #800080;\"><strong><\/strong><\/span><\/p>\n<p><span style=\"color: #800080;\"><strong>\u00a4 M\u00c9DITATION<\/strong><\/span> de 20h30 \u00e0 22h le vendredi 20\/01<\/p>\n<blockquote>\n<p style=\"text-align: center;\">Nous rappelons que TOUTES les activit\u00e9s, stages et consultations propos\u00e9s par Parc\u0153urs<br \/>\nsont ouverts aux adh\u00e9rents du SEL moyennant l\u2019adh\u00e9sion de 15\u20ac \/ an par personne  et 20\u20ac par famille.<\/p><\/blockquote>\n<p><span style=\"color: #800080;\"><strong>Contact : <\/strong><\/span><a title=\"Cliquez pour ouvrir la fiche dans l'annuaire d'OPI\" href=\"https:\/\/www.o-p-i.fr\/aupays\/vie-des-communes\/a-cote-de-chez-nous\/parcoeurs\/\">Association Parc\u0153urs<\/a><\/p>\n<p><em>Communiqu\u00e9 de l\u2019association Parc\u0153urs <\/em><\/p>\n","protected":false},"excerpt":{"rendered":"<div class=\"mh-excerpt\">Nous vous proposons de nous retrouver en janvier 2012 en commen\u00e7ant cette ann\u00e9e dans une ambiance amicale et festive&#8230;. Voyez le programme.<\/div>\n","protected":false},"author":2,"featured_media":0,"comment_status":"open","ping_status":"open","sticky":false,"template":"","format":"standard","meta":{"om_disable_all_campaigns":false,"advanced_seo_description":"","jetpack_seo_html_title":"","jetpack_seo_noindex":false,"_jetpack_memberships_contains_paid_content":false,"footnotes":"","_links_to":"","_links_to_target":""},"categories":[4,42,1,54,58,6,1177],"tags":[72,77,89,815,831,832,923,957],"class_list":{"0":"post-10700","1":"post","2":"type-post","3":"status-publish","4":"format-standard","6":"category-commerce","7":"category-a-cote-de-chez-nous","8":"category-culture","9":"category-loisirs","10":"category-sante","11":"category-pratique","12":"category-n-68-decembre-2011","13":"tag-rabastens","14":"tag-lisle-sur-tarn","15":"tag-bien-etre","16":"tag-parcoeurs","17":"tag-alimentation","18":"tag-vegetarien","19":"tag-reiki","20":"tag-meditation"},"jetpack_featured_media_url":"","views":{"total":0,"cached_at":"","cached_date":1738420598},"jetpack_likes_enabled":true,"jetpack_sharing_enabled":true,"jetpack_shortlink":"https:\/\/wp.me\/pg7Wxj-2MA","jetpack-related-posts":[],"_links":{"self":[{"href":"https:\/\/www.o-p-i.fr\/parlonsen\/wp-json\/wp\/v2\/posts\/10700","targetHints":{"allow":["GET"]}}],"collection":[{"href":"https:\/\/www.o-p-i.fr\/parlonsen\/wp-json\/wp\/v2\/posts"}],"about":[{"href":"https:\/\/www.o-p-i.fr\/parlonsen\/wp-json\/wp\/v2\/types\/post"}],"author":[{"embeddable":true,"href":"https:\/\/www.o-p-i.fr\/parlonsen\/wp-json\/wp\/v2\/users\/2"}],"replies":[{"embeddable":true,"href":"https:\/\/www.o-p-i.fr\/parlonsen\/wp-json\/wp\/v2\/comments?post=10700"}],"version-history":[{"count":0,"href":"https:\/\/www.o-p-i.fr\/parlonsen\/wp-json\/wp\/v2\/posts\/10700\/revisions"}],"wp:attachment":[{"href":"https:\/\/www.o-p-i.fr\/parlonsen\/wp-json\/wp\/v2\/media?parent=10700"}],"wp:term":[{"taxonomy":"category","embeddable":true,"href":"https:\/\/www.o-p-i.fr\/parlonsen\/wp-json\/wp\/v2\/categories?post=10700"},{"taxonomy":"post_tag","embeddable":true,"href":"https:\/\/www.o-p-i.fr\/parlonsen\/wp-json\/wp\/v2\/tags?post=10700"}],"curies":[{"name":"wp","href":"https:\/\/api.w.org\/{rel}","templated":true}]}}