{"id":10943,"date":"2012-01-24T13:52:05","date_gmt":"2012-01-24T11:52:05","guid":{"rendered":"\/parlonsen\/?p=10943"},"modified":"2012-01-24T19:38:26","modified_gmt":"2012-01-24T17:38:26","slug":"mobilisation-pour-louverture-dune-6ieme-classe-a-saint-martial","status":"publish","type":"post","link":"https:\/\/www.o-p-i.fr\/parlonsen\/parlons-en\/culture\/mobilisation-pour-louverture-dune-6ieme-classe-a-saint-martial\/","title":{"rendered":"Mobilisation pour l&rsquo;ouverture d&rsquo;une 6i\u00e8me classe &#8230; \u00e0 Saint Martial"},"content":{"rendered":"<p style=\"text-align: justify;\">Jeudi 19 Janvier dernier, les parents d&rsquo;\u00e9l\u00e8ves de l&rsquo;\u00e9cole de Saint Martial poursuivaient leur mobilisation pour l&rsquo;ouverture d&rsquo;une 6i\u00e8me classe. Ils organisaient une op\u00e9ration escargot et proposaient aux automobilistes de signer la p\u00e9tition en faveur de l&rsquo;\u00e9cole.<!--more--><\/p>\n<figure id=\"attachment_10944\" aria-describedby=\"caption-attachment-10944\" style=\"width: 400px\" class=\"wp-caption alignright\"><a href=\"https:\/\/i0.wp.com\/www.o-p-i.fr\/parlonsen\/wp-content\/uploads\/st-martial_ecole20122.jpg?ssl=1\"><img data-recalc-dims=\"1\" loading=\"lazy\" decoding=\"async\" class=\"size-full wp-image-10944\" title=\"Une banderole rappelle que l'\u00e9cole est mobilis\u00e9e\" src=\"https:\/\/i0.wp.com\/www.o-p-i.fr\/parlonsen\/wp-content\/uploads\/st-martial_ecole20122.jpg?resize=400%2C266&#038;ssl=1\" alt=\"Une banderole rappelle que l'\u00e9cole est mobilis\u00e9e\" width=\"400\" height=\"266\" srcset=\"https:\/\/i0.wp.com\/www.o-p-i.fr\/parlonsen\/wp-content\/uploads\/st-martial_ecole20122.jpg?w=400&amp;ssl=1 400w, https:\/\/i0.wp.com\/www.o-p-i.fr\/parlonsen\/wp-content\/uploads\/st-martial_ecole20122.jpg?resize=300%2C199&amp;ssl=1 300w\" sizes=\"auto, (max-width: 400px) 100vw, 400px\" \/><\/a><figcaption id=\"caption-attachment-10944\" class=\"wp-caption-text\">Une banderole rappelle que l&#39;\u00e9cole est mobilis\u00e9e<\/figcaption><\/figure>\n<p style=\"text-align: justify;\">Il faut dire que depuis plusieurs ann\u00e9es, la situation est critique \u00e0 l&rsquo;\u00e9cole de Saint-Martial :<br \/>\n&#8211; 30 \u00e9l\u00e8ves en classe de CP sur un total de 139 au 1er\/09\/2010.<br \/>\n&#8211; 38 enfants en classe de PS\/MS<br \/>\n&#8211; 31 en classe de GS\/CP sur un effectif total de 1389 \u00e9l\u00e8ves au 1\/09\/2011.<\/p>\n<p style=\"text-align: justify;\">&#8211; <strong>Rentr\u00e9e 2012<\/strong> : Pr\u00e9vision de 144 \u00e9l\u00e8ves au total (\u00e0 minima) si aucune ouverture de classe, moyenne de 28,8 \u00e9l\u00e8ves par classe !<br \/>\nCes situations r\u00e9currentes ne favorisent pas de bonnes conditions d&rsquo;accueil et d&rsquo;apprentissage. De ce fait, les parents d&rsquo;\u00e9l\u00e8ves demandent l&rsquo;ouverture d&rsquo;une 6i\u00e8me classe pour la rentr\u00e9e 2012.<\/p>\n<p style=\"text-align: justify;\">\n<figure id=\"attachment_10945\" aria-describedby=\"caption-attachment-10945\" style=\"width: 400px\" class=\"wp-caption alignnone\"><a href=\"https:\/\/i0.wp.com\/www.o-p-i.fr\/parlonsen\/wp-content\/uploads\/st-martial_ecole2012.jpg?ssl=1\"><img data-recalc-dims=\"1\" loading=\"lazy\" decoding=\"async\" class=\"size-full wp-image-10945\" title=\"Op\u00e9ration escargot\" src=\"https:\/\/i0.wp.com\/www.o-p-i.fr\/parlonsen\/wp-content\/uploads\/st-martial_ecole2012.jpg?resize=400%2C266&#038;ssl=1\" alt=\"Op\u00e9ration escargot\" width=\"400\" height=\"266\" srcset=\"https:\/\/i0.wp.com\/www.o-p-i.fr\/parlonsen\/wp-content\/uploads\/st-martial_ecole2012.jpg?w=400&amp;ssl=1 400w, https:\/\/i0.wp.com\/www.o-p-i.fr\/parlonsen\/wp-content\/uploads\/st-martial_ecole2012.jpg?resize=300%2C199&amp;ssl=1 300w\" sizes=\"auto, (max-width: 400px) 100vw, 400px\" \/><\/a><figcaption id=\"caption-attachment-10945\" class=\"wp-caption-text\">Op\u00e9ration escargot<\/figcaption><\/figure>\n<p style=\"text-align: justify;\">\n<blockquote>\n<p style=\"text-align: justify;\"><strong>L&rsquo;ACTION CONTINUE :<\/strong><br \/>\n<strong>Lundi 23 et jeudi 26 janvier<\/strong> 2012 \u00e0 partir de 9 heures, rassemblements devant l&rsquo;Inspection Acad\u00e9mique (pendant les discussions sur la carte scolaire).<\/p><\/blockquote>\n<p><em>Communiqu\u00e9 et Photo de Robert Linas<\/em><\/p>\n","protected":false},"excerpt":{"rendered":"<div class=\"mh-excerpt\">Jeudi 19 Janvier dernier, les parents d&rsquo;\u00e9l\u00e8ves de l&rsquo;\u00e9cole de Saint Martial poursuivaient leur mobilisation pour l&rsquo;ouverture d&rsquo;une 6i\u00e8me classe. Ils organisaient une op\u00e9ration escargot et proposaient aux automobilistes de signer la p\u00e9tition en faveur <a class=\"mh-excerpt-more\" href=\"https:\/\/www.o-p-i.fr\/parlonsen\/parlons-en\/culture\/mobilisation-pour-louverture-dune-6ieme-classe-a-saint-martial\/\" title=\"Mobilisation pour l&rsquo;ouverture d&rsquo;une 6i\u00e8me classe &#8230; \u00e0 Saint Martial\">[&#8230;]<\/a><\/div>\n","protected":false},"author":2,"featured_media":0,"comment_status":"open","ping_status":"open","sticky":false,"template":"","format":"standard","meta":{"om_disable_all_campaigns":false,"advanced_seo_description":"","jetpack_seo_html_title":"","jetpack_seo_noindex":false,"_jetpack_memberships_contains_paid_content":false,"footnotes":"","_links_to":"","_links_to_target":""},"categories":[42,1195,1,290,725,291],"tags":[67,2571,323,823,962,1102],"class_list":{"0":"post-10943","1":"post","2":"type-post","3":"status-publish","4":"format-standard","6":"category-a-cote-de-chez-nous","7":"category-n-69-janvier-2012","8":"category-culture","9":"category-entraide","10":"category-formation-parlons-en","11":"category-solidarite","12":"tag-ecole","13":"tag-solidarite","14":"tag-enfant","15":"tag-education","16":"tag-saint-martial","17":"tag-education-nationale"},"jetpack_featured_media_url":"","views":{"total":0,"cached_at":"","cached_date":1738512859},"jetpack_likes_enabled":true,"jetpack_sharing_enabled":true,"jetpack_shortlink":"https:\/\/wp.me\/pg7Wxj-2Qv","jetpack-related-posts":[],"_links":{"self":[{"href":"https:\/\/www.o-p-i.fr\/parlonsen\/wp-json\/wp\/v2\/posts\/10943","targetHints":{"allow":["GET"]}}],"collection":[{"href":"https:\/\/www.o-p-i.fr\/parlonsen\/wp-json\/wp\/v2\/posts"}],"about":[{"href":"https:\/\/www.o-p-i.fr\/parlonsen\/wp-json\/wp\/v2\/types\/post"}],"author":[{"embeddable":true,"href":"https:\/\/www.o-p-i.fr\/parlonsen\/wp-json\/wp\/v2\/users\/2"}],"replies":[{"embeddable":true,"href":"https:\/\/www.o-p-i.fr\/parlonsen\/wp-json\/wp\/v2\/comments?post=10943"}],"version-history":[{"count":0,"href":"https:\/\/www.o-p-i.fr\/parlonsen\/wp-json\/wp\/v2\/posts\/10943\/revisions"}],"wp:attachment":[{"href":"https:\/\/www.o-p-i.fr\/parlonsen\/wp-json\/wp\/v2\/media?parent=10943"}],"wp:term":[{"taxonomy":"category","embeddable":true,"href":"https:\/\/www.o-p-i.fr\/parlonsen\/wp-json\/wp\/v2\/categories?post=10943"},{"taxonomy":"post_tag","embeddable":true,"href":"https:\/\/www.o-p-i.fr\/parlonsen\/wp-json\/wp\/v2\/tags?post=10943"}],"curies":[{"name":"wp","href":"https:\/\/api.w.org\/{rel}","templated":true}]}}