{"id":11175,"date":"2012-02-15T17:59:47","date_gmt":"2012-02-15T15:59:47","guid":{"rendered":"\/parlonsen\/?p=11175"},"modified":"2012-02-15T19:49:11","modified_gmt":"2012-02-15T17:49:11","slug":"la-croisee-des-arts-a-castelnau-de-montmiral","status":"publish","type":"post","link":"https:\/\/www.o-p-i.fr\/parlonsen\/parlons-en\/culture\/la-croisee-des-arts-a-castelnau-de-montmiral\/","title":{"rendered":"La Crois\u00e9e des Arts &#8230; \u00e0 Castelnau de Montmiral"},"content":{"rendered":"<p style=\"text-align: justify;\"><strong>Ce nom vous dit quelque chose ? <\/strong>Anciennement galerie d\u2019art, install\u00e9e rue de l\u2019h\u00f4tel de ville \u00e0 Albi, la galerie s\u2019est nomadis\u00e9e parla suite \u00e0 travers des expositions et salons d\u2019art contemporains. Depuis octobre 2010, elle s\u2019est install\u00e9e \u00e0 Castelnau de Montmiral, dans une ancienne ferme r\u00e9nov\u00e9e.<!--more--><\/p>\n<p style=\"text-align: justify;\">Ce lieu s\u2019est transform\u00e9 au fil des mois en lieu de formation, d\u00e9veloppement de potentiel cr\u00e9atif et bien-\u00eatre.<\/p>\n<p style=\"text-align: justify;\">Il a vocation \u00e0 proposer \u00e0 de nombreuses personnes, des stages :<\/p>\n<ul style=\"text-align: justify;\">\n<li><strong>Peinture : <\/strong>du collage, de la mati\u00e8re, de l\u2019abstrait au figuratif, formation artistique tendance contemporaine.<\/li>\n<\/ul>\n<ul style=\"text-align: justify;\">\n<li><strong>Photographie :<\/strong> Portrait, Paysage, d\u00e9couvrir son appareil photo compact num\u00e9rique, maitriser son appareil r\u00e9flex et utiliser les modes \u00ab manuel \u00bb \u2026<\/li>\n<\/ul>\n<ul style=\"text-align: justify;\">\n<li><strong>Bien-\u00eatre : <\/strong>initiation \u00e0 la m\u00e9ditation, \u00e0 la marche consciente. D\u00e9couverte de l\u2019art th\u00e9rapie.<\/li>\n<\/ul>\n<p style=\"text-align: justify;\">Tous nos intervenants sont des professionnels qui poss\u00e8dent une solide exp\u00e9rience.<\/p>\n<p style=\"text-align: justify;\">V\u00e9ronique Colombo, artiste plasticienne depuis 20 ans, Jean Jacques Bugat, photographe de Vogue, Gwendoline Taupin, licenci\u00e9e en psychologie et titulaire d\u2019un dipl\u00f4me universitaire en Art th\u00e9rapies, Laurent Henn, enseignant en photographie \u2026\u2026<\/p>\n<p style=\"text-align: justify;\">Nous souhaitons aussi inviter \u00e0 ces formations, des personnes en grande difficult\u00e9, financi\u00e8re ou sociale. Pour cela, nous nous rapprochons d\u2019associations de la r\u00e9gion qui \u0153uvrent dans le social afin de cr\u00e9er un partenariat.<\/p>\n<p style=\"text-align: justify;\">Le but est donc, d\u2019une part d\u2019avoir des stagiaires qui r\u00e9mun\u00e8rent les formations mais aussi des invit\u00e9s qui n\u2019auraient jamais eu les moyens de se payer un moment de bien-\u00eatre.<\/p>\n<p style=\"text-align: justify;\">Dans cette p\u00e9riode de crise, nous pensons que plus que jamais, l\u2019entraide, l\u2019\u00e9change et le partage sont n\u00e9cessaires.<\/p>\n<blockquote>\n<figure id=\"attachment_11176\" aria-describedby=\"caption-attachment-11176\" style=\"width: 490px\" class=\"wp-caption alignright\"><a href=\"https:\/\/i0.wp.com\/www.o-p-i.fr\/parlonsen\/wp-content\/uploads\/croiseedesarts2012.jpg?ssl=1\"><img data-recalc-dims=\"1\" loading=\"lazy\" decoding=\"async\" class=\"size-full wp-image-11176 \" title=\"La Crois\u00e9e des Arts - Castelnau de Montmiral (81)\" src=\"https:\/\/i0.wp.com\/www.o-p-i.fr\/parlonsen\/wp-content\/uploads\/croiseedesarts2012.jpg?resize=490%2C171&#038;ssl=1\" alt=\"La Crois\u00e9e des Arts - Castelnau de Montmiral (81)\" width=\"490\" height=\"171\" srcset=\"https:\/\/i0.wp.com\/www.o-p-i.fr\/parlonsen\/wp-content\/uploads\/croiseedesarts2012.jpg?w=700&amp;ssl=1 700w, https:\/\/i0.wp.com\/www.o-p-i.fr\/parlonsen\/wp-content\/uploads\/croiseedesarts2012.jpg?resize=300%2C104&amp;ssl=1 300w\" sizes=\"auto, (max-width: 490px) 100vw, 490px\" \/><\/a><figcaption id=\"caption-attachment-11176\" class=\"wp-caption-text\">La Crois\u00e9e des Arts - Castelnau de Montmiral (81)<\/figcaption><\/figure>\n<p style=\"text-align: justify;\"><strong>Quelques dates en 2012 :<\/strong><\/p>\n<p style=\"text-align: justify;\">&#8211; <span style=\"text-decoration: underline;\">F\u00e9vrier<\/span><br \/>\nle 27 : art th\u00e9rapie<br \/>\nle 29 : journ\u00e9e d\u00e9couverte peinture<\/p>\n<p style=\"text-align: justify;\">&#8211; <span style=\"text-decoration: underline;\">Mars<\/span><br \/>\nles 3.24 et 28 : peinture collage mati\u00e8re<br \/>\nles 7.13.20.27 : initiation m\u00e9ditation<br \/>\nles 17 et 31 : photographie<\/p>\n<p style=\"text-align: justify;\">&#8211; <span style=\"text-decoration: underline;\">Avril<\/span><br \/>\nles 14.15.16 : 3 jours avec le photographe Jean-Jacques Bugat<\/p><\/blockquote>\n<p style=\"text-align: justify;\">\n<p style=\"text-align: justify;\"><strong>Contact :<\/strong><a title=\"Cliquez pour ouvrir la fiche dans l'annuaire d'OPI\" href=\"https:\/\/www.o-p-i.fr\/aupays\/annuaire\/art\/la-croisee-des-arts\/\/\">La Crois\u00e9e des Arts<\/a><\/p>\n<p style=\"text-align: justify;\"><em>Communiqu\u00e9 de V\u00e9ronique Colombo.<\/em><\/p>\n","protected":false},"excerpt":{"rendered":"<div class=\"mh-excerpt\">Ce nom vous dit quelque chose ? Anciennement galerie d\u2019art, install\u00e9e rue de l\u2019h\u00f4tel de ville \u00e0 Albi, la galerie s\u2019est nomadis\u00e9e parla suite \u00e0 travers des expositions et salons d\u2019art contemporains. Depuis octobre 2010, <a class=\"mh-excerpt-more\" href=\"https:\/\/www.o-p-i.fr\/parlonsen\/parlons-en\/culture\/la-croisee-des-arts-a-castelnau-de-montmiral\/\" title=\"La Crois\u00e9e des Arts &#8230; \u00e0 Castelnau de Montmiral\">[&#8230;]<\/a><\/div>\n","protected":false},"author":2,"featured_media":0,"comment_status":"open","ping_status":"open","sticky":false,"template":"","format":"standard","meta":{"om_disable_all_campaigns":false,"advanced_seo_description":"","jetpack_seo_html_title":"","jetpack_seo_noindex":false,"_jetpack_memberships_contains_paid_content":false,"footnotes":"","_links_to":"","_links_to_target":""},"categories":[51,22,1,54,1221],"tags":[195,200,269,671,957,89,106,158,172,178,184],"class_list":{"0":"post-11175","1":"post","2":"type-post","3":"status-publish","4":"format-standard","6":"category-artisanat","7":"category-castelnau","8":"category-culture","9":"category-loisirs","10":"category-n-70-fevrier-2012","11":"tag-stage","12":"tag-art","13":"tag-exposition-peinture","14":"tag-arts-plastiques","15":"tag-meditation","16":"tag-bien-etre","17":"tag-photo","18":"tag-castelnau-de-montmiral","19":"tag-exposition","20":"tag-peinture","21":"tag-exposition-photos"},"jetpack_featured_media_url":"","views":{"total":0,"cached_at":"","cached_date":1738455730},"jetpack_likes_enabled":true,"jetpack_sharing_enabled":true,"jetpack_shortlink":"https:\/\/wp.me\/pg7Wxj-2Uf","jetpack-related-posts":[],"_links":{"self":[{"href":"https:\/\/www.o-p-i.fr\/parlonsen\/wp-json\/wp\/v2\/posts\/11175","targetHints":{"allow":["GET"]}}],"collection":[{"href":"https:\/\/www.o-p-i.fr\/parlonsen\/wp-json\/wp\/v2\/posts"}],"about":[{"href":"https:\/\/www.o-p-i.fr\/parlonsen\/wp-json\/wp\/v2\/types\/post"}],"author":[{"embeddable":true,"href":"https:\/\/www.o-p-i.fr\/parlonsen\/wp-json\/wp\/v2\/users\/2"}],"replies":[{"embeddable":true,"href":"https:\/\/www.o-p-i.fr\/parlonsen\/wp-json\/wp\/v2\/comments?post=11175"}],"version-history":[{"count":0,"href":"https:\/\/www.o-p-i.fr\/parlonsen\/wp-json\/wp\/v2\/posts\/11175\/revisions"}],"wp:attachment":[{"href":"https:\/\/www.o-p-i.fr\/parlonsen\/wp-json\/wp\/v2\/media?parent=11175"}],"wp:term":[{"taxonomy":"category","embeddable":true,"href":"https:\/\/www.o-p-i.fr\/parlonsen\/wp-json\/wp\/v2\/categories?post=11175"},{"taxonomy":"post_tag","embeddable":true,"href":"https:\/\/www.o-p-i.fr\/parlonsen\/wp-json\/wp\/v2\/tags?post=11175"}],"curies":[{"name":"wp","href":"https:\/\/api.w.org\/{rel}","templated":true}]}}