{"id":11256,"date":"2012-02-22T15:06:20","date_gmt":"2012-02-22T13:06:20","guid":{"rendered":"\/parlonsen\/?p=11256"},"modified":"2012-02-22T15:06:20","modified_gmt":"2012-02-22T13:06:20","slug":"bal-occitan-avec-la-saucisse-saint-michel-a-saint-nauphary","status":"publish","type":"post","link":"https:\/\/www.o-p-i.fr\/parlonsen\/parlons-en\/culture\/bal-occitan-avec-la-saucisse-saint-michel-a-saint-nauphary\/","title":{"rendered":"Bal occitan avec la Saucisse Saint Michel &#8230; \u00e0 Saint-Nauphary"},"content":{"rendered":"<p style=\"text-align: justify;\"><strong>Lo Revisc\u00f2l<\/strong>, vous attend nombreux, ce <strong>samedi 25 f\u00e9vrier 2012 <\/strong>\u00e0 21h,  pour son bal occitan anim\u00e9 par le c\u00e9l\u00e8bre groupe gersois \u00ab\u00a0La Saucisse musicale Saint Michel\u00a0\u00bb.<!--more--><\/p>\n<p style=\"text-align: justify;\">\n<figure id=\"attachment_11257\" aria-describedby=\"caption-attachment-11257\" style=\"width: 350px\" class=\"wp-caption alignright\"><a href=\"https:\/\/i0.wp.com\/www.o-p-i.fr\/parlonsen\/wp-content\/uploads\/bal_reviscol.jpg?ssl=1\"><img data-recalc-dims=\"1\" loading=\"lazy\" decoding=\"async\" class=\"size-full wp-image-11257\" title=\"Saint-Nauphary (82)\" src=\"https:\/\/i0.wp.com\/www.o-p-i.fr\/parlonsen\/wp-content\/uploads\/bal_reviscol.jpg?resize=350%2C220&#038;ssl=1\" alt=\"Saint-Nauphary (82)\" width=\"350\" height=\"220\" srcset=\"https:\/\/i0.wp.com\/www.o-p-i.fr\/parlonsen\/wp-content\/uploads\/bal_reviscol.jpg?w=350&amp;ssl=1 350w, https:\/\/i0.wp.com\/www.o-p-i.fr\/parlonsen\/wp-content\/uploads\/bal_reviscol.jpg?resize=300%2C188&amp;ssl=1 300w\" sizes=\"auto, (max-width: 350px) 100vw, 350px\" \/><\/a><figcaption id=\"caption-attachment-11257\" class=\"wp-caption-text\">Saint-Nauphary (82)<\/figcaption><\/figure>\n<p style=\"text-align: justify;\">Ce groupe revient chaque ann\u00e9e \u00e0 la m\u00eame \u00e9poque et attire de nombreux danseurs amateurs,  passionn\u00e9s ou simples curieux&#8230;<\/p>\n<p style=\"text-align: justify;\">Vous le connaissez ?<br \/>\nVous le retrouverez avec plaisir !<br \/>\nVous ne le connaissez pas ?<br \/>\nVenez le d\u00e9couvrir et vous serez enthousiasm\u00e9 par l&rsquo;ambiance qui r\u00e8gne dans ces soir\u00e9es !<\/p>\n<p><em>Communiqu\u00e9 et photo de Robert Linas.<\/em><\/p>\n<p><a href=\"https:\/\/www.o-p-i.fr\/parlonsen\/agenda\/\"><strong>Retrouvez tous les \u00e9v\u00e8nements dans l&rsquo;agenda !<\/strong><\/a><\/p>\n","protected":false},"excerpt":{"rendered":"<div class=\"mh-excerpt\">Lo Revisc\u00f2l, vous attend nombreux, ce samedi 25 f\u00e9vrier 2012 \u00e0 21h, pour son bal occitan anim\u00e9 par le c\u00e9l\u00e8bre groupe gersois \u00ab\u00a0La Saucisse musicale Saint Michel\u00a0\u00bb.<\/div>\n","protected":false},"author":2,"featured_media":0,"comment_status":"open","ping_status":"open","sticky":false,"template":"","format":"standard","meta":{"om_disable_all_campaigns":false,"advanced_seo_description":"","jetpack_seo_html_title":"","jetpack_seo_noindex":false,"_jetpack_memberships_contains_paid_content":false,"footnotes":"","_links_to":"","_links_to_target":""},"categories":[1,54,17,1221],"tags":[2542,156,336],"class_list":{"0":"post-11256","1":"post","2":"type-post","3":"status-publish","4":"format-standard","6":"category-culture","7":"category-loisirs","8":"category-saint_nauphary","9":"category-n-70-fevrier-2012","10":"tag-saint_nauphary","11":"tag-bal","12":"tag-lo-reviscol"},"jetpack_featured_media_url":"","views":{"total":0,"cached_at":"","cached_date":1738318743},"jetpack_likes_enabled":true,"jetpack_sharing_enabled":true,"jetpack_shortlink":"https:\/\/wp.me\/pg7Wxj-2Vy","jetpack-related-posts":[],"_links":{"self":[{"href":"https:\/\/www.o-p-i.fr\/parlonsen\/wp-json\/wp\/v2\/posts\/11256","targetHints":{"allow":["GET"]}}],"collection":[{"href":"https:\/\/www.o-p-i.fr\/parlonsen\/wp-json\/wp\/v2\/posts"}],"about":[{"href":"https:\/\/www.o-p-i.fr\/parlonsen\/wp-json\/wp\/v2\/types\/post"}],"author":[{"embeddable":true,"href":"https:\/\/www.o-p-i.fr\/parlonsen\/wp-json\/wp\/v2\/users\/2"}],"replies":[{"embeddable":true,"href":"https:\/\/www.o-p-i.fr\/parlonsen\/wp-json\/wp\/v2\/comments?post=11256"}],"version-history":[{"count":0,"href":"https:\/\/www.o-p-i.fr\/parlonsen\/wp-json\/wp\/v2\/posts\/11256\/revisions"}],"wp:attachment":[{"href":"https:\/\/www.o-p-i.fr\/parlonsen\/wp-json\/wp\/v2\/media?parent=11256"}],"wp:term":[{"taxonomy":"category","embeddable":true,"href":"https:\/\/www.o-p-i.fr\/parlonsen\/wp-json\/wp\/v2\/categories?post=11256"},{"taxonomy":"post_tag","embeddable":true,"href":"https:\/\/www.o-p-i.fr\/parlonsen\/wp-json\/wp\/v2\/tags?post=11256"}],"curies":[{"name":"wp","href":"https:\/\/api.w.org\/{rel}","templated":true}]}}