{"id":11317,"date":"2012-02-26T18:14:38","date_gmt":"2012-02-26T16:14:38","guid":{"rendered":"\/parlonsen\/?p=11317"},"modified":"2012-02-26T18:14:38","modified_gmt":"2012-02-26T16:14:38","slug":"parcoeurs-a-l%e2%80%99ecoute-de-l%e2%80%99etre-%e2%80%a6-programme-mars-2012","status":"publish","type":"post","link":"https:\/\/www.o-p-i.fr\/parlonsen\/parlons-en\/culture\/parcoeurs-a-l%e2%80%99ecoute-de-l%e2%80%99etre-%e2%80%a6-programme-mars-2012\/","title":{"rendered":"Parcoeurs, \u00e0 l\u2019\u00e9coute de l\u2019\u00eatre \u2026 Programme Mars 2012"},"content":{"rendered":"<p><a title=\"Cliquez pour ouvrir la fiche dans l'annuaire d'OPI\" href=\"https:\/\/www.o-p-i.fr\/aupays\/annuaire\/bien-etre\/parcoeurs\/\" target=\"_blank\">Parc\u0153urs<\/a> vous propose en ce mois de mars 2012. <!--more--><\/p>\n<ul>\n<li><span style=\"color: #800080;\"><strong>LES INFOS DU MOIS<\/strong><\/span><\/li>\n<\/ul>\n<p>\u00a4 Si vous voulez attirer l\u2019abondance faites le ch\u00e8que ABONDANCE le 23\/03<br \/>\n\u00a4 Bougies neuvaines \u00e0 votre disposition au prix associatif de 4\u20ac<\/p>\n<ul>\n<li><span style=\"color: #800080;\"><strong>LE TRUC DU MOIS<\/strong><\/span><\/li>\n<\/ul>\n<p>\u00a4 Un citron coup\u00e9 en deux pos\u00e9 dans une coupelle et mis au r\u00e9frig\u00e9rateur,<br \/>\nabsorbera les bact\u00e9ries ; le remplacer d\u00e8s qu\u2019il noircit, ne pas le consommer.<\/p>\n<ul>\n<li><span style=\"color: #800080;\"><strong>ID\u00c9E CADEAU \u00e0 40 \u20ac :<\/strong><\/span><\/li>\n<\/ul>\n<p>Une s\u00e9ance Reiki propos\u00e9e par Myriam ou une lecture et soin de vie par Dolores<\/p>\n<ul>\n<li><span style=\"color: #800080;\"><strong>DOCUMENTAIRE &amp; PARTAGE<\/strong><\/span><\/li>\n<\/ul>\n<p>\u00a4 Le dimanche 11\/03 \u00e0 16h30 : SATPREM raison d\u2019\u00eatre \u00e0 Auroville<br \/>\n(Le lieu de cette rencontre vous sera communiqu\u00e9 ult\u00e9rieurement)<br \/>\n\u00a4 Connaissance des HUILES ESSENTIELLES par Myriam Soulet<br \/>\nEn 3 modules les vendredi 9 et 23\/03 et 6\/04  Prix : 35\u20ac le module<br \/>\nDe 14h \u00e0 18h au 1 rue du Fumarel \u00e0 Rabastens s\u2019inscrire au 0531180056<br \/>\n(Aucune connaissance sp\u00e9cifique n\u2019est demand\u00e9e)<\/p>\n<ul>\n<li><span style=\"color: #800080;\"><strong>DOLORES <\/strong><\/span>vous propose 2 contre escarpe Ste Barbe \u00e0 Lisle\/Tarn<\/li>\n<\/ul>\n<p><span style=\"color: #800080;\"><strong>\u00a4 SOPHROLOGIE CAYCEDIENNE<\/strong><\/span> tous les jeudis Prix : 5 \u20ac<br \/>\nGroupe avanc\u00e9 de 10h30 \u00e0 12h.  Groupe d\u00e9butant  de 19h30 \u00e0 21h<br \/>\n<span style=\"color: #800080;\"><strong>\u00a4 M\u00c9DITATION DE PLEINE LUNE<\/strong><\/span> \u00e0 20h30 le jeudi 8\/03<br \/>\n<span style=\"color: #800080;\"><strong>\u00a4 Atelier SELF LIFTING <\/strong><\/span>le lundi 5\/03 et 19\/03 \u00e0 10h30<\/p>\n<ul>\n<li><span style=\"color: #800080;\"><strong>MYRIAM<\/strong><\/span> vous propose 1 rue du Fumarel, \u00e0 Rabastens<\/li>\n<\/ul>\n<p><span style=\"color: #800080;\"><strong>\u00a4 ATELIER ALIMENTATION V\u00c9G\u00c9TARIENNE<\/strong><\/span> un samedi par mois de 9h30 \u00e0 14h30. Prix : 18 \u20ac<br \/>\n7i\u00e8me th\u00e8me : Les graines germ\u00e9es le 31\/03  (s\u2019inscrire)<br \/>\n<span style=\"color: #800080;\"><strong>\u00a4 INITIATION REIKI <\/strong><\/span>1ier degr\u00e9 le samedi 17 et dimanche 18\/03 (s\u2019inscrire)<br \/>\n<span style=\"color: #800080;\"><strong>\u00a4 M\u00c9DITATION<\/strong><\/span> de 20h30 \u00e0 22h le vendredi 16\/03<\/p>\n<blockquote>\n<p style=\"text-align: center;\">Nous rappelons que TOUTES les activit\u00e9s, stages et consultations propos\u00e9s par Parc\u0153urs<br \/>\nsont ouverts aux adh\u00e9rents du SEL moyennant l\u2019adh\u00e9sion de 15\u20ac \/ an par personne  et 20\u20ac par famille.<\/p><\/blockquote>\n<p><span style=\"color: #800080;\"><strong>Contact : <\/strong><\/span><a title=\"Cliquez pour ouvrir la fiche dans l'annuaire d'OPI\" href=\"https:\/\/www.o-p-i.fr\/aupays\/annuaire\/bien-etre\/parcoeurs\/\">Association Parc\u0153urs<\/a><\/p>\n<p><em>Communiqu\u00e9 de l\u2019association Parc\u0153urs <\/em><\/p>\n","protected":false},"excerpt":{"rendered":"<div class=\"mh-excerpt\">Parc\u0153urs vous propose en ce mois de mars 2012.<\/div>\n","protected":false},"author":2,"featured_media":0,"comment_status":"open","ping_status":"open","sticky":false,"template":"","format":"standard","meta":{"om_disable_all_campaigns":false,"advanced_seo_description":"","jetpack_seo_html_title":"","jetpack_seo_noindex":false,"_jetpack_memberships_contains_paid_content":false,"footnotes":"","_links_to":"","_links_to_target":""},"categories":[42,1,54,58,1221],"tags":[77,89,815,831,832,923,957,72],"class_list":{"0":"post-11317","1":"post","2":"type-post","3":"status-publish","4":"format-standard","6":"category-a-cote-de-chez-nous","7":"category-culture","8":"category-loisirs","9":"category-sante","10":"category-n-70-fevrier-2012","11":"tag-lisle-sur-tarn","12":"tag-bien-etre","13":"tag-parcoeurs","14":"tag-alimentation","15":"tag-vegetarien","16":"tag-reiki","17":"tag-meditation","18":"tag-rabastens"},"jetpack_featured_media_url":"","views":{"total":0,"cached_at":"","cached_date":1738483126},"jetpack_likes_enabled":true,"jetpack_sharing_enabled":true,"jetpack_shortlink":"https:\/\/wp.me\/pg7Wxj-2Wx","jetpack-related-posts":[],"_links":{"self":[{"href":"https:\/\/www.o-p-i.fr\/parlonsen\/wp-json\/wp\/v2\/posts\/11317","targetHints":{"allow":["GET"]}}],"collection":[{"href":"https:\/\/www.o-p-i.fr\/parlonsen\/wp-json\/wp\/v2\/posts"}],"about":[{"href":"https:\/\/www.o-p-i.fr\/parlonsen\/wp-json\/wp\/v2\/types\/post"}],"author":[{"embeddable":true,"href":"https:\/\/www.o-p-i.fr\/parlonsen\/wp-json\/wp\/v2\/users\/2"}],"replies":[{"embeddable":true,"href":"https:\/\/www.o-p-i.fr\/parlonsen\/wp-json\/wp\/v2\/comments?post=11317"}],"version-history":[{"count":0,"href":"https:\/\/www.o-p-i.fr\/parlonsen\/wp-json\/wp\/v2\/posts\/11317\/revisions"}],"wp:attachment":[{"href":"https:\/\/www.o-p-i.fr\/parlonsen\/wp-json\/wp\/v2\/media?parent=11317"}],"wp:term":[{"taxonomy":"category","embeddable":true,"href":"https:\/\/www.o-p-i.fr\/parlonsen\/wp-json\/wp\/v2\/categories?post=11317"},{"taxonomy":"post_tag","embeddable":true,"href":"https:\/\/www.o-p-i.fr\/parlonsen\/wp-json\/wp\/v2\/tags?post=11317"}],"curies":[{"name":"wp","href":"https:\/\/api.w.org\/{rel}","templated":true}]}}